{"id":25847,"date":"2021-07-06T16:00:28","date_gmt":"2021-07-06T14:00:28","guid":{"rendered":"https:\/\/itftkd.sport\/es\/?p=25847"},"modified":"2021-07-06T16:01:12","modified_gmt":"2021-07-06T14:01:12","slug":"reunion-de-trabajo-con-los-abogados-de-la-itf","status":"publish","type":"post","link":"https:\/\/itftkd.sport\/es\/reunion-de-trabajo-con-los-abogados-de-la-itf\/","title":{"rendered":"Reuni\u00f3n de trabajo con los abogados de la ITF"},"content":{"rendered":"\n<p>Como parte del trabajo de actualizaci\u00f3n que peri\u00f3dicamente ejecuta el Board Ejecutivo, en el\u00a0d\u00eda de\u00a0hoy\u00a0nuestro tesorero, el se\u00f1or\u00a0Leonardo Oros\u00a0Duek,\u00a0tuvo su reuni\u00f3n presencial de trabajo\u00a0en\u00a0Madrid,\u00a0Espa\u00f1a,\u00a0con los abogados de la firma\u00a0Archori\u00a0representados por los letrados Bianca y Gonzalo Barboza.<\/p>\n\n\n\n<p>Los objetivos centrales de esta reuni\u00f3n fueron la&nbsp;renovaci\u00f3n de derechos de uso de&nbsp;las marcas ITF en el mundo y&nbsp;la elaboraci\u00f3n de&nbsp;un&nbsp;plan&nbsp;de trabajo&nbsp;que apunte a sostener y fortalecer dicha marca a nivel global.<\/p>\n\n\n\n<p>Por la tarde&nbsp;el Tesorero&nbsp;se reuni\u00f3 con el abogado&nbsp;y representante legal&nbsp;de la ITF en&nbsp;Espa\u00f1a el letrado&nbsp;Sergio&nbsp;Barrasa y se&nbsp;delineo el plan de trabajo&nbsp;sobre el pr\u00f3ximo congreso que se realizar\u00e1 para fines del 2021.<\/p>\n\n\n\n<p>Nuevos proyectos para una m\u00e1s s\u00f3lida ITF.<\/p>\n\n\n\n<figure class=\"wp-block-gallery columns-3 is-cropped wp-block-gallery-1 is-layout-flex wp-block-gallery-is-layout-flex\"><ul class=\"blocks-gallery-grid\"><li class=\"blocks-gallery-item\"><figure><img decoding=\"async\" src=\"https:\/\/itftkd.sport\/wp-content\/uploads\/2021\/07\/lawers2-1024x768.jpeg\" alt=\"Spainlawers2\" data-id=\"26652\" data-full-url=\"https:\/\/itftkd.sport\/wp-content\/uploads\/2021\/07\/lawers2.jpeg\" data-link=\"https:\/\/itftkd.sport\/?attachment_id=26652\" class=\"wp-image-26652\" \/><\/figure><\/li><li class=\"blocks-gallery-item\"><figure><img decoding=\"async\" src=\"https:\/\/itftkd.sport\/wp-content\/uploads\/2021\/07\/lawers-logo.jpeg\" alt=\"Spain lawers logo\" data-id=\"26651\" data-full-url=\"https:\/\/itftkd.sport\/wp-content\/uploads\/2021\/07\/lawers-logo.jpeg\" data-link=\"https:\/\/itftkd.sport\/?attachment_id=26651\" class=\"wp-image-26651\" \/><\/figure><\/li><li class=\"blocks-gallery-item\"><figure><img decoding=\"async\" src=\"https:\/\/itftkd.sport\/wp-content\/uploads\/2021\/07\/lawer1-1024x709.jpeg\" alt=\"Spainlawer1\" data-id=\"26650\" data-full-url=\"https:\/\/itftkd.sport\/wp-content\/uploads\/2021\/07\/lawer1.jpeg\" data-link=\"https:\/\/itftkd.sport\/?attachment_id=26650\" class=\"wp-image-26650\" \/><\/figure><\/li><\/ul><\/figure>\n","protected":false},"excerpt":{"rendered":"<p>Como parte del trabajo de actualizaci\u00f3n que peri\u00f3dicamente ejecuta el Board Ejecutivo, en el\u00a0d\u00eda de\u00a0hoy\u00a0nuestro tesorero, el se\u00f1or\u00a0Leonardo Oros\u00a0Duek,\u00a0tuvo su reuni\u00f3n presencial de trabajo\u00a0en\u00a0Madrid,\u00a0Espa\u00f1a,\u00a0con los abogados de la firma\u00a0Archori\u00a0representados por &hellip;<\/p>\n","protected":false},"author":8,"featured_media":24293,"comment_status":"open","ping_status":"open","sticky":false,"template":"","format":"standard","meta":{"_tec_requires_first_save":true,"_uag_custom_page_level_css":"","_genesis_hide_title":false,"_genesis_hide_breadcrumbs":false,"_genesis_hide_singular_image":false,"_genesis_hide_footer_widgets":false,"_genesis_custom_body_class":"","_genesis_custom_post_class":"","_genesis_layout":"","_EventAllDay":false,"_EventTimezone":"","_EventStartDate":"","_EventEndDate":"","_EventStartDateUTC":"","_EventEndDateUTC":"","_EventShowMap":false,"_EventShowMapLink":false,"_EventURL":"","_EventCost":"","_EventCostDescription":"","_EventCurrencySymbol":"","_EventCurrencyCode":"","_EventCurrencyPosition":"","_EventDateTimeSeparator":"","_EventTimeRangeSeparator":"","_EventOrganizerID":[],"_EventVenueID":[0],"_OrganizerEmail":"","_OrganizerPhone":"","_OrganizerWebsite":"","_VenueAddress":"","_VenueCity":"","_VenueCountry":"","_VenueProvince":"","_VenueState":"","_VenueZip":"","_VenuePhone":"","_VenueURL":"","_VenueStateProvince":"","_VenueLat":"","_VenueLng":"","_VenueShowMap":false,"_VenueShowMapLink":false,"_tribe_blocks_recurrence_rules":"","_tribe_blocks_recurrence_description":"","_tribe_blocks_recurrence_exclusions":"","editor_notices":[],"footnotes":""},"categories":[132,131],"tags":[],"class_list":["post-25847","post","type-post","status-publish","format-standard","has-post-thumbnail","category-destacadas","category-noticias-institucionales","entry"],"featured_image_src":"https:\/\/itftkd.sport\/es\/wp-content\/uploads\/sites\/7\/2020\/11\/02-ITFs-Message-600x400.jpg","featured_image_src_square":"https:\/\/itftkd.sport\/es\/wp-content\/uploads\/sites\/7\/2020\/11\/02-ITFs-Message-600x600.jpg","author_info":{"display_name":"grosi","author_link":"https:\/\/itftkd.sport\/es\/author\/grosi\/"},"uagb_featured_image_src":{"full":["https:\/\/itftkd.sport\/es\/wp-content\/uploads\/sites\/7\/2020\/11\/02-ITFs-Message.jpg",800,600,false],"thumbnail":["https:\/\/itftkd.sport\/es\/wp-content\/uploads\/sites\/7\/2020\/11\/02-ITFs-Message-150x150.jpg",150,150,true],"medium":["https:\/\/itftkd.sport\/es\/wp-content\/uploads\/sites\/7\/2020\/11\/02-ITFs-Message-300x225.jpg",300,225,true],"medium_large":["https:\/\/itftkd.sport\/es\/wp-content\/uploads\/sites\/7\/2020\/11\/02-ITFs-Message-768x576.jpg",768,576,true],"large":["https:\/\/itftkd.sport\/es\/wp-content\/uploads\/sites\/7\/2020\/11\/02-ITFs-Message.jpg",800,600,false],"1536x1536":["https:\/\/itftkd.sport\/es\/wp-content\/uploads\/sites\/7\/2020\/11\/02-ITFs-Message.jpg",800,600,false],"2048x2048":["https:\/\/itftkd.sport\/es\/wp-content\/uploads\/sites\/7\/2020\/11\/02-ITFs-Message.jpg",800,600,false],"banner":["https:\/\/itftkd.sport\/es\/wp-content\/uploads\/sites\/7\/2020\/11\/02-ITFs-Message-800x533.jpg",800,533,true],"section":["https:\/\/itftkd.sport\/es\/wp-content\/uploads\/sites\/7\/2020\/11\/02-ITFs-Message.jpg",800,600,false],"full-width":["https:\/\/itftkd.sport\/es\/wp-content\/uploads\/sites\/7\/2020\/11\/02-ITFs-Message.jpg",800,600,false],"featured":["https:\/\/itftkd.sport\/es\/wp-content\/uploads\/sites\/7\/2020\/11\/02-ITFs-Message.jpg",800,600,false],"one-half":["https:\/\/itftkd.sport\/es\/wp-content\/uploads\/sites\/7\/2020\/11\/02-ITFs-Message-550x413.jpg",550,413,true],"one-third":["https:\/\/itftkd.sport\/es\/wp-content\/uploads\/sites\/7\/2020\/11\/02-ITFs-Message-350x263.jpg",350,263,true],"one-fourth":["https:\/\/itftkd.sport\/es\/wp-content\/uploads\/sites\/7\/2020\/11\/02-ITFs-Message-260x195.jpg",260,195,true],"tiny":["https:\/\/itftkd.sport\/es\/wp-content\/uploads\/sites\/7\/2020\/11\/02-ITFs-Message-80x80.jpg",80,80,true],"ab-block-post-grid-landscape":["https:\/\/itftkd.sport\/es\/wp-content\/uploads\/sites\/7\/2020\/11\/02-ITFs-Message-600x400.jpg",600,400,true],"ab-block-post-grid-square":["https:\/\/itftkd.sport\/es\/wp-content\/uploads\/sites\/7\/2020\/11\/02-ITFs-Message-600x600.jpg",600,600,true],"gform-image-choice-sm":["https:\/\/itftkd.sport\/es\/wp-content\/uploads\/sites\/7\/2020\/11\/02-ITFs-Message.jpg",300,225,false],"gform-image-choice-md":["https:\/\/itftkd.sport\/es\/wp-content\/uploads\/sites\/7\/2020\/11\/02-ITFs-Message.jpg",400,300,false],"gform-image-choice-lg":["https:\/\/itftkd.sport\/es\/wp-content\/uploads\/sites\/7\/2020\/11\/02-ITFs-Message.jpg",600,450,false]},"uagb_author_info":{"display_name":"grosi","author_link":"https:\/\/itftkd.sport\/es\/author\/grosi\/"},"uagb_comment_info":0,"uagb_excerpt":"Como parte del trabajo de actualizaci\u00f3n que peri\u00f3dicamente ejecuta el Board Ejecutivo, en el\u00a0d\u00eda de\u00a0hoy\u00a0nuestro tesorero, el se\u00f1or\u00a0Leonardo Oros\u00a0Duek,\u00a0tuvo su reuni\u00f3n presencial de trabajo\u00a0en\u00a0Madrid,\u00a0Espa\u00f1a,\u00a0con los abogados de la firma\u00a0Archori\u00a0representados por &hellip;","_links":{"self":[{"href":"https:\/\/itftkd.sport\/es\/wp-json\/wp\/v2\/posts\/25847","targetHints":{"allow":["GET"]}}],"collection":[{"href":"https:\/\/itftkd.sport\/es\/wp-json\/wp\/v2\/posts"}],"about":[{"href":"https:\/\/itftkd.sport\/es\/wp-json\/wp\/v2\/types\/post"}],"author":[{"embeddable":true,"href":"https:\/\/itftkd.sport\/es\/wp-json\/wp\/v2\/users\/8"}],"replies":[{"embeddable":true,"href":"https:\/\/itftkd.sport\/es\/wp-json\/wp\/v2\/comments?post=25847"}],"version-history":[{"count":3,"href":"https:\/\/itftkd.sport\/es\/wp-json\/wp\/v2\/posts\/25847\/revisions"}],"predecessor-version":[{"id":25851,"href":"https:\/\/itftkd.sport\/es\/wp-json\/wp\/v2\/posts\/25847\/revisions\/25851"}],"wp:featuredmedia":[{"embeddable":true,"href":"https:\/\/itftkd.sport\/es\/wp-json\/wp\/v2\/media\/24293"}],"wp:attachment":[{"href":"https:\/\/itftkd.sport\/es\/wp-json\/wp\/v2\/media?parent=25847"}],"wp:term":[{"taxonomy":"category","embeddable":true,"href":"https:\/\/itftkd.sport\/es\/wp-json\/wp\/v2\/categories?post=25847"},{"taxonomy":"post_tag","embeddable":true,"href":"https:\/\/itftkd.sport\/es\/wp-json\/wp\/v2\/tags?post=25847"}],"curies":[{"name":"wp","href":"https:\/\/api.w.org\/{rel}","templated":true}]}}