{"id":25841,"date":"2021-07-06T12:22:24","date_gmt":"2021-07-06T10:22:24","guid":{"rendered":"https:\/\/itftkd.sport\/es\/?p=25841"},"modified":"2021-07-06T12:23:06","modified_gmt":"2021-07-06T10:23:06","slug":"la-itf-no-se-detiene-2","status":"publish","type":"post","link":"https:\/\/itftkd.sport\/es\/la-itf-no-se-detiene-2\/","title":{"rendered":"La ITF no se detiene"},"content":{"rendered":"\n<p>\u00a1Estimados Grandes Maestros, Maestros e Instructores!<\/p>\n\n\n\n<p>Estimados representantes de pa\u00edses:<\/p>\n\n\n\n<p>La Pandemia de Covid19 nos ha tenido confinados en todo el mundo durante los \u00faltimos 16 meses y, a pesar de las vacunaciones que comenzaron hace seis meses, la situaci\u00f3n a\u00fan no ha mejorado notablemente.<\/p>\n\n\n\n<p>Hasta la fecha, todav\u00eda existen importantes restricciones debido a las regulaciones de salud del pa\u00eds y la planificaci\u00f3n de las actividades f\u00edsicas est\u00e1 muy acotada, adem\u00e1s de esto se deben esperar nuevas restricciones.<\/p>\n\n\n\n<p>En este contexto, se deben enfatizar particularmente los logros de los comit\u00e9s. M\u00e1s de 4000 miembros han participado en los siguientes proyectos, seminarios y campeonatos que incluyen:<\/p>\n\n\n\n<p>&#8211; Seminarios adaptados en espa\u00f1ol, ruso e ingl\u00e9s.<\/p>\n\n\n\n<p>&#8211; Seminarios del Do 3 fines de semana<\/p>\n\n\n\n<p>&#8211; Tres seminarios del Comit\u00e9 de Mujeres<\/p>\n\n\n\n<p>&#8211; Seminarios para ni\u00f1os en espa\u00f1ol e ingl\u00e9s<\/p>\n\n\n\n<p>&#8211; Seminario de psicolog\u00eda<\/p>\n\n\n\n<p>&#8211; Seminario de combate en cooperaci\u00f3n con el Comit\u00e9 de Atletas<\/p>\n\n\n\n<p>&#8211; Seminario t\u00e9cnico<\/p>\n\n\n\n<p>&#8211; Seminarios de Tul<\/p>\n\n\n\n<p>&#8211; Seminarios de \u00e1rbitros en espa\u00f1ol, ingl\u00e9s y ruso<\/p>\n\n\n\n<p>&#8211; Encuestas del Comit\u00e9 de Mujeres, Comit\u00e9 de Negocios y Marketing y Comit\u00e9 de Entrenadores<\/p>\n\n\n\n<p>&#8211; Copa del Mundo (e-Tournament, organizado por el Comit\u00e9 de Tecnolog\u00eda de la Informaci\u00f3n, el Comit\u00e9 de \u00c1rbitros y el Comit\u00e9 del Torneo y apoyado por el Comit\u00e9 de Comunicaci\u00f3n).<\/p>\n\n\n\n<p>Considerando la situaci\u00f3n de la pandemia, los \u00e9xitos de los eventos antes mencionados son notables gracias a la inmensa cantidad de trabajo realizado por los comit\u00e9s. Estos esfuerzos no siempre son visibles o reconocidos. <\/p>\n\n\n\n<p>Muchos comit\u00e9s tienen miembros y ayudantes adicionales (voluntarios) que no aparecen en p\u00fablico, pero cuya ayuda es indispensable. Me gustar\u00eda aprovechar esta oportunidad para agradecer enormemente a todos los que apoyan a los comit\u00e9s y, por tanto, a ITF para hacer posible los servicios de membres\u00eda. <\/p>\n\n\n\n<p>Un gran agradecimiento tambi\u00e9n para el personal de apoyo de la sede de ITF y los miembros de la Junta Ejecutiva de ITF, incluido nuestro Asesor Jur\u00eddico, que ha asistido a una media de una reuni\u00f3n de la Junta Ejecutiva cada cuatro semanas para ayudar a hacer frente a las crecientes demandas y carga de trabajo.<\/p>\n\n\n\n<p>\u00a1Les deseo todo lo mejor, y buena salud!<\/p>\n\n\n\n<p>Suyo sinceramente<\/p>\n\n\n\n<p>GM Paul Weiler<\/p>\n\n\n\n<p>Presidente de ITF<\/p>\n","protected":false},"excerpt":{"rendered":"<p>\u00a1Estimados Grandes Maestros, Maestros e Instructores! Estimados representantes de pa\u00edses: La Pandemia de Covid19 nos ha tenido confinados en todo el mundo durante los \u00faltimos 16 meses y, a pesar &hellip;<\/p>\n","protected":false},"author":12,"featured_media":23309,"comment_status":"open","ping_status":"open","sticky":false,"template":"","format":"standard","meta":{"_tec_requires_first_save":true,"_uag_custom_page_level_css":"","_genesis_hide_title":false,"_genesis_hide_breadcrumbs":false,"_genesis_hide_singular_image":false,"_genesis_hide_footer_widgets":false,"_genesis_custom_body_class":"","_genesis_custom_post_class":"","_genesis_layout":"","_EventAllDay":false,"_EventTimezone":"","_EventStartDate":"","_EventEndDate":"","_EventStartDateUTC":"","_EventEndDateUTC":"","_EventShowMap":false,"_EventShowMapLink":false,"_EventURL":"","_EventCost":"","_EventCostDescription":"","_EventCurrencySymbol":"","_EventCurrencyCode":"","_EventCurrencyPosition":"","_EventDateTimeSeparator":"","_EventTimeRangeSeparator":"","_EventOrganizerID":[],"_EventVenueID":[0],"_OrganizerEmail":"","_OrganizerPhone":"","_OrganizerWebsite":"","_VenueAddress":"","_VenueCity":"","_VenueCountry":"","_VenueProvince":"","_VenueState":"","_VenueZip":"","_VenuePhone":"","_VenueURL":"","_VenueStateProvince":"","_VenueLat":"","_VenueLng":"","_VenueShowMap":false,"_VenueShowMapLink":false,"_tribe_blocks_recurrence_rules":"","_tribe_blocks_recurrence_description":"","_tribe_blocks_recurrence_exclusions":"","editor_notices":[],"footnotes":""},"categories":[132,7],"tags":[],"class_list":["post-25841","post","type-post","status-publish","format-standard","has-post-thumbnail","category-destacadas","category-mensajes-del-presidente","entry"],"featured_image_src":"https:\/\/itftkd.sport\/es\/wp-content\/uploads\/sites\/7\/2020\/09\/04-Mensaje-del-Presidente-600x400.jpg","featured_image_src_square":"https:\/\/itftkd.sport\/es\/wp-content\/uploads\/sites\/7\/2020\/09\/04-Mensaje-del-Presidente-600x600.jpg","author_info":{"display_name":"fabian","author_link":"https:\/\/itftkd.sport\/es\/author\/fabian\/"},"uagb_featured_image_src":{"full":["https:\/\/itftkd.sport\/es\/wp-content\/uploads\/sites\/7\/2020\/09\/04-Mensaje-del-Presidente.jpg",800,600,false],"thumbnail":["https:\/\/itftkd.sport\/es\/wp-content\/uploads\/sites\/7\/2020\/09\/04-Mensaje-del-Presidente-150x150.jpg",150,150,true],"medium":["https:\/\/itftkd.sport\/es\/wp-content\/uploads\/sites\/7\/2020\/09\/04-Mensaje-del-Presidente-300x225.jpg",300,225,true],"medium_large":["https:\/\/itftkd.sport\/es\/wp-content\/uploads\/sites\/7\/2020\/09\/04-Mensaje-del-Presidente-768x576.jpg",768,576,true],"large":["https:\/\/itftkd.sport\/es\/wp-content\/uploads\/sites\/7\/2020\/09\/04-Mensaje-del-Presidente.jpg",800,600,false],"1536x1536":["https:\/\/itftkd.sport\/es\/wp-content\/uploads\/sites\/7\/2020\/09\/04-Mensaje-del-Presidente.jpg",800,600,false],"2048x2048":["https:\/\/itftkd.sport\/es\/wp-content\/uploads\/sites\/7\/2020\/09\/04-Mensaje-del-Presidente.jpg",800,600,false],"banner":["https:\/\/itftkd.sport\/es\/wp-content\/uploads\/sites\/7\/2020\/09\/04-Mensaje-del-Presidente-800x533.jpg",800,533,true],"section":["https:\/\/itftkd.sport\/es\/wp-content\/uploads\/sites\/7\/2020\/09\/04-Mensaje-del-Presidente.jpg",800,600,false],"full-width":["https:\/\/itftkd.sport\/es\/wp-content\/uploads\/sites\/7\/2020\/09\/04-Mensaje-del-Presidente.jpg",800,600,false],"featured":["https:\/\/itftkd.sport\/es\/wp-content\/uploads\/sites\/7\/2020\/09\/04-Mensaje-del-Presidente.jpg",800,600,false],"one-half":["https:\/\/itftkd.sport\/es\/wp-content\/uploads\/sites\/7\/2020\/09\/04-Mensaje-del-Presidente-550x413.jpg",550,413,true],"one-third":["https:\/\/itftkd.sport\/es\/wp-content\/uploads\/sites\/7\/2020\/09\/04-Mensaje-del-Presidente-350x263.jpg",350,263,true],"one-fourth":["https:\/\/itftkd.sport\/es\/wp-content\/uploads\/sites\/7\/2020\/09\/04-Mensaje-del-Presidente-260x195.jpg",260,195,true],"tiny":["https:\/\/itftkd.sport\/es\/wp-content\/uploads\/sites\/7\/2020\/09\/04-Mensaje-del-Presidente-80x80.jpg",80,80,true],"ab-block-post-grid-landscape":["https:\/\/itftkd.sport\/es\/wp-content\/uploads\/sites\/7\/2020\/09\/04-Mensaje-del-Presidente-600x400.jpg",600,400,true],"ab-block-post-grid-square":["https:\/\/itftkd.sport\/es\/wp-content\/uploads\/sites\/7\/2020\/09\/04-Mensaje-del-Presidente-600x600.jpg",600,600,true],"gform-image-choice-sm":["https:\/\/itftkd.sport\/es\/wp-content\/uploads\/sites\/7\/2020\/09\/04-Mensaje-del-Presidente.jpg",300,225,false],"gform-image-choice-md":["https:\/\/itftkd.sport\/es\/wp-content\/uploads\/sites\/7\/2020\/09\/04-Mensaje-del-Presidente.jpg",400,300,false],"gform-image-choice-lg":["https:\/\/itftkd.sport\/es\/wp-content\/uploads\/sites\/7\/2020\/09\/04-Mensaje-del-Presidente.jpg",600,450,false]},"uagb_author_info":{"display_name":"fabian","author_link":"https:\/\/itftkd.sport\/es\/author\/fabian\/"},"uagb_comment_info":0,"uagb_excerpt":"\u00a1Estimados Grandes Maestros, Maestros e Instructores! Estimados representantes de pa\u00edses: La Pandemia de Covid19 nos ha tenido confinados en todo el mundo durante los \u00faltimos 16 meses y, a pesar &hellip;","_links":{"self":[{"href":"https:\/\/itftkd.sport\/es\/wp-json\/wp\/v2\/posts\/25841","targetHints":{"allow":["GET"]}}],"collection":[{"href":"https:\/\/itftkd.sport\/es\/wp-json\/wp\/v2\/posts"}],"about":[{"href":"https:\/\/itftkd.sport\/es\/wp-json\/wp\/v2\/types\/post"}],"author":[{"embeddable":true,"href":"https:\/\/itftkd.sport\/es\/wp-json\/wp\/v2\/users\/12"}],"replies":[{"embeddable":true,"href":"https:\/\/itftkd.sport\/es\/wp-json\/wp\/v2\/comments?post=25841"}],"version-history":[{"count":1,"href":"https:\/\/itftkd.sport\/es\/wp-json\/wp\/v2\/posts\/25841\/revisions"}],"predecessor-version":[{"id":25843,"href":"https:\/\/itftkd.sport\/es\/wp-json\/wp\/v2\/posts\/25841\/revisions\/25843"}],"wp:featuredmedia":[{"embeddable":true,"href":"https:\/\/itftkd.sport\/es\/wp-json\/wp\/v2\/media\/23309"}],"wp:attachment":[{"href":"https:\/\/itftkd.sport\/es\/wp-json\/wp\/v2\/media?parent=25841"}],"wp:term":[{"taxonomy":"category","embeddable":true,"href":"https:\/\/itftkd.sport\/es\/wp-json\/wp\/v2\/categories?post=25841"},{"taxonomy":"post_tag","embeddable":true,"href":"https:\/\/itftkd.sport\/es\/wp-json\/wp\/v2\/tags?post=25841"}],"curies":[{"name":"wp","href":"https:\/\/api.w.org\/{rel}","templated":true}]}}