{"id":25785,"date":"2021-06-23T17:18:34","date_gmt":"2021-06-23T15:18:34","guid":{"rendered":"https:\/\/itftkd.sport\/es\/?p=25785"},"modified":"2021-06-23T18:10:26","modified_gmt":"2021-06-23T16:10:26","slug":"reporte-sobre-la-presentacion-de-la-politica-de-conmocion","status":"publish","type":"post","link":"https:\/\/itftkd.sport\/es\/reporte-sobre-la-presentacion-de-la-politica-de-conmocion\/","title":{"rendered":"Reporte sobre la presentaci\u00f3n de la pol\u00edtica de conmoci\u00f3n"},"content":{"rendered":"\n<p>El domingo 20 de junio, los comit\u00e9s de IT, Torneos, \u00c1rbitros, M\u00e9dicos y Antidopaje, Entrenadores, Atletas, Auditor\u00eda, Riesgo y Cumplimiento, Mujeres y Comunicaciones fueron invitados a una presentaci\u00f3n de la Pol\u00edtica de Conmociones Cerebrales de la ITF a cargo del Maestro Philip Lear y el Sr. Kirk Lee.<\/p>\n\n\n\n<p>La pol\u00edtica lleva casi 2 a\u00f1os en elaboraci\u00f3n y es la base para garantizar un entorno de competencia m\u00e1s seguro para nuestros atletas durante y tambi\u00e9n despu\u00e9s de nuestros campeonatos principales para los afectados por una conmoci\u00f3n cerebral.<\/p>\n\n\n\n<p>La presentaci\u00f3n dur\u00f3 90 minutos y al final hubo algunas preguntas sobre la implementaci\u00f3n de la pol\u00edtica y los pr\u00f3ximos pasos a seguir. Est\u00e1 previsto que la pol\u00edtica se utilice por primera vez en los Campeonatos de Europa a finales de este a\u00f1o.<\/p>\n","protected":false},"excerpt":{"rendered":"<p>Presentaci\u00f3n de la Pol\u00edtica de Conmociones Cerebrales de la ITF a cargo del Maestro Philip Lear y el Sr. Kirk Lee.<\/p>\n","protected":false},"author":10,"featured_media":25786,"comment_status":"open","ping_status":"open","sticky":false,"template":"","format":"standard","meta":{"_tec_requires_first_save":true,"_uag_custom_page_level_css":"","_genesis_hide_title":false,"_genesis_hide_breadcrumbs":false,"_genesis_hide_singular_image":false,"_genesis_hide_footer_widgets":false,"_genesis_custom_body_class":"","_genesis_custom_post_class":"","_genesis_layout":"","_EventAllDay":false,"_EventTimezone":"","_EventStartDate":"","_EventEndDate":"","_EventStartDateUTC":"","_EventEndDateUTC":"","_EventShowMap":false,"_EventShowMapLink":false,"_EventURL":"","_EventCost":"","_EventCostDescription":"","_EventCurrencySymbol":"","_EventCurrencyCode":"","_EventCurrencyPosition":"","_EventDateTimeSeparator":"","_EventTimeRangeSeparator":"","_EventOrganizerID":[],"_EventVenueID":[0],"_OrganizerEmail":"","_OrganizerPhone":"","_OrganizerWebsite":"","_VenueAddress":"","_VenueCity":"","_VenueCountry":"","_VenueProvince":"","_VenueState":"","_VenueZip":"","_VenuePhone":"","_VenueURL":"","_VenueStateProvince":"","_VenueLat":"","_VenueLng":"","_VenueShowMap":false,"_VenueShowMapLink":false,"_tribe_blocks_recurrence_rules":"","_tribe_blocks_recurrence_description":"","_tribe_blocks_recurrence_exclusions":"","editor_notices":[],"footnotes":""},"categories":[132,131],"tags":[],"class_list":["post-25785","post","type-post","status-publish","format-standard","has-post-thumbnail","category-destacadas","category-noticias-institucionales","entry"],"featured_image_src":"https:\/\/itftkd.sport\/es\/wp-content\/uploads\/sites\/7\/2021\/06\/Report-Concussion-Policy-Presentation-600x400.jpg","featured_image_src_square":"https:\/\/itftkd.sport\/es\/wp-content\/uploads\/sites\/7\/2021\/06\/Report-Concussion-Policy-Presentation-600x600.jpg","author_info":{"display_name":"ivan","author_link":"https:\/\/itftkd.sport\/es\/author\/ivan\/"},"uagb_featured_image_src":{"full":["https:\/\/itftkd.sport\/es\/wp-content\/uploads\/sites\/7\/2021\/06\/Report-Concussion-Policy-Presentation.jpg",800,600,false],"thumbnail":["https:\/\/itftkd.sport\/es\/wp-content\/uploads\/sites\/7\/2021\/06\/Report-Concussion-Policy-Presentation-150x150.jpg",150,150,true],"medium":["https:\/\/itftkd.sport\/es\/wp-content\/uploads\/sites\/7\/2021\/06\/Report-Concussion-Policy-Presentation-300x225.jpg",300,225,true],"medium_large":["https:\/\/itftkd.sport\/es\/wp-content\/uploads\/sites\/7\/2021\/06\/Report-Concussion-Policy-Presentation-768x576.jpg",768,576,true],"large":["https:\/\/itftkd.sport\/es\/wp-content\/uploads\/sites\/7\/2021\/06\/Report-Concussion-Policy-Presentation.jpg",800,600,false],"1536x1536":["https:\/\/itftkd.sport\/es\/wp-content\/uploads\/sites\/7\/2021\/06\/Report-Concussion-Policy-Presentation.jpg",800,600,false],"2048x2048":["https:\/\/itftkd.sport\/es\/wp-content\/uploads\/sites\/7\/2021\/06\/Report-Concussion-Policy-Presentation.jpg",800,600,false],"banner":["https:\/\/itftkd.sport\/es\/wp-content\/uploads\/sites\/7\/2021\/06\/Report-Concussion-Policy-Presentation-800x533.jpg",800,533,true],"section":["https:\/\/itftkd.sport\/es\/wp-content\/uploads\/sites\/7\/2021\/06\/Report-Concussion-Policy-Presentation.jpg",800,600,false],"full-width":["https:\/\/itftkd.sport\/es\/wp-content\/uploads\/sites\/7\/2021\/06\/Report-Concussion-Policy-Presentation.jpg",800,600,false],"featured":["https:\/\/itftkd.sport\/es\/wp-content\/uploads\/sites\/7\/2021\/06\/Report-Concussion-Policy-Presentation.jpg",800,600,false],"one-half":["https:\/\/itftkd.sport\/es\/wp-content\/uploads\/sites\/7\/2021\/06\/Report-Concussion-Policy-Presentation-550x413.jpg",550,413,true],"one-third":["https:\/\/itftkd.sport\/es\/wp-content\/uploads\/sites\/7\/2021\/06\/Report-Concussion-Policy-Presentation-350x263.jpg",350,263,true],"one-fourth":["https:\/\/itftkd.sport\/es\/wp-content\/uploads\/sites\/7\/2021\/06\/Report-Concussion-Policy-Presentation-260x195.jpg",260,195,true],"tiny":["https:\/\/itftkd.sport\/es\/wp-content\/uploads\/sites\/7\/2021\/06\/Report-Concussion-Policy-Presentation-80x80.jpg",80,80,true],"ab-block-post-grid-landscape":["https:\/\/itftkd.sport\/es\/wp-content\/uploads\/sites\/7\/2021\/06\/Report-Concussion-Policy-Presentation-600x400.jpg",600,400,true],"ab-block-post-grid-square":["https:\/\/itftkd.sport\/es\/wp-content\/uploads\/sites\/7\/2021\/06\/Report-Concussion-Policy-Presentation-600x600.jpg",600,600,true],"gform-image-choice-sm":["https:\/\/itftkd.sport\/es\/wp-content\/uploads\/sites\/7\/2021\/06\/Report-Concussion-Policy-Presentation.jpg",300,225,false],"gform-image-choice-md":["https:\/\/itftkd.sport\/es\/wp-content\/uploads\/sites\/7\/2021\/06\/Report-Concussion-Policy-Presentation.jpg",400,300,false],"gform-image-choice-lg":["https:\/\/itftkd.sport\/es\/wp-content\/uploads\/sites\/7\/2021\/06\/Report-Concussion-Policy-Presentation.jpg",600,450,false]},"uagb_author_info":{"display_name":"ivan","author_link":"https:\/\/itftkd.sport\/es\/author\/ivan\/"},"uagb_comment_info":0,"uagb_excerpt":"Presentaci\u00f3n de la Pol\u00edtica de Conmociones Cerebrales de la ITF a cargo del Maestro Philip Lear y el Sr. Kirk Lee.","_links":{"self":[{"href":"https:\/\/itftkd.sport\/es\/wp-json\/wp\/v2\/posts\/25785","targetHints":{"allow":["GET"]}}],"collection":[{"href":"https:\/\/itftkd.sport\/es\/wp-json\/wp\/v2\/posts"}],"about":[{"href":"https:\/\/itftkd.sport\/es\/wp-json\/wp\/v2\/types\/post"}],"author":[{"embeddable":true,"href":"https:\/\/itftkd.sport\/es\/wp-json\/wp\/v2\/users\/10"}],"replies":[{"embeddable":true,"href":"https:\/\/itftkd.sport\/es\/wp-json\/wp\/v2\/comments?post=25785"}],"version-history":[{"count":2,"href":"https:\/\/itftkd.sport\/es\/wp-json\/wp\/v2\/posts\/25785\/revisions"}],"predecessor-version":[{"id":25788,"href":"https:\/\/itftkd.sport\/es\/wp-json\/wp\/v2\/posts\/25785\/revisions\/25788"}],"wp:featuredmedia":[{"embeddable":true,"href":"https:\/\/itftkd.sport\/es\/wp-json\/wp\/v2\/media\/25786"}],"wp:attachment":[{"href":"https:\/\/itftkd.sport\/es\/wp-json\/wp\/v2\/media?parent=25785"}],"wp:term":[{"taxonomy":"category","embeddable":true,"href":"https:\/\/itftkd.sport\/es\/wp-json\/wp\/v2\/categories?post=25785"},{"taxonomy":"post_tag","embeddable":true,"href":"https:\/\/itftkd.sport\/es\/wp-json\/wp\/v2\/tags?post=25785"}],"curies":[{"name":"wp","href":"https:\/\/api.w.org\/{rel}","templated":true}]}}