{"id":25672,"date":"2021-06-16T02:30:56","date_gmt":"2021-06-16T00:30:56","guid":{"rendered":"https:\/\/itftkd.sport\/es\/?p=25672"},"modified":"2021-06-16T02:31:00","modified_gmt":"2021-06-16T00:31:00","slug":"41-campeonato-de-taekwon-do-itf-provincia-de-herat","status":"publish","type":"post","link":"https:\/\/itftkd.sport\/es\/41-campeonato-de-taekwon-do-itf-provincia-de-herat\/","title":{"rendered":"41\u00b0 Campeonato de Taekwon-Do ITF Provincia de Herat"},"content":{"rendered":"\n<p>El 41\u00b0 Campeonato de Taekwon-Do ITF, se celebr\u00f3 el 11 de junio de 2021, en el Gimnasio Faizi en la Provincia de Herat, bajo el liderazgo del Sr. Farkhunda, director de Taekwon-Do ITF en la provincia de Herat. En el que participaron aproximadamente 100 atletas de diferentes clubes en categor\u00edas individuales y por equipos.<br><\/p>\n\n\n\n<figure class=\"wp-block-gallery columns-3 is-cropped wp-block-gallery-1 is-layout-flex wp-block-gallery-is-layout-flex\"><ul class=\"blocks-gallery-grid\"><li class=\"blocks-gallery-item\"><figure><img loading=\"lazy\" decoding=\"async\" width=\"593\" height=\"395\" src=\"https:\/\/itftkd.sport\/es\/wp-content\/uploads\/sites\/7\/2021\/06\/Afghanistan-ITF-The-41st-6.jpg\" alt=\"\" data-id=\"25680\" data-full-url=\"https:\/\/itftkd.sport\/es\/wp-content\/uploads\/sites\/7\/2021\/06\/Afghanistan-ITF-The-41st-6.jpg\" data-link=\"https:\/\/itftkd.sport\/es\/afghanistan-itf-the-41st-6\/\" class=\"wp-image-25680\" srcset=\"https:\/\/itftkd.sport\/es\/wp-content\/uploads\/sites\/7\/2021\/06\/Afghanistan-ITF-The-41st-6.jpg 593w, https:\/\/itftkd.sport\/es\/wp-content\/uploads\/sites\/7\/2021\/06\/Afghanistan-ITF-The-41st-6-300x200.jpg 300w\" sizes=\"auto, (max-width: 593px) 100vw, 593px\" \/><\/figure><\/li><li class=\"blocks-gallery-item\"><figure><img loading=\"lazy\" decoding=\"async\" width=\"1024\" height=\"682\" src=\"https:\/\/itftkd.sport\/es\/wp-content\/uploads\/sites\/7\/2021\/06\/Afghanistan-ITF-The-41st-7-1024x682.jpg\" alt=\"\" data-id=\"25681\" data-full-url=\"https:\/\/itftkd.sport\/es\/wp-content\/uploads\/sites\/7\/2021\/06\/Afghanistan-ITF-The-41st-7.jpg\" data-link=\"https:\/\/itftkd.sport\/es\/afghanistan-itf-the-41st-7\/\" class=\"wp-image-25681\" srcset=\"https:\/\/itftkd.sport\/es\/wp-content\/uploads\/sites\/7\/2021\/06\/Afghanistan-ITF-The-41st-7-1024x682.jpg 1024w, https:\/\/itftkd.sport\/es\/wp-content\/uploads\/sites\/7\/2021\/06\/Afghanistan-ITF-The-41st-7-300x200.jpg 300w, https:\/\/itftkd.sport\/es\/wp-content\/uploads\/sites\/7\/2021\/06\/Afghanistan-ITF-The-41st-7-768x512.jpg 768w, https:\/\/itftkd.sport\/es\/wp-content\/uploads\/sites\/7\/2021\/06\/Afghanistan-ITF-The-41st-7-600x400.jpg 600w\" sizes=\"auto, (max-width: 1024px) 100vw, 1024px\" \/><\/figure><\/li><li class=\"blocks-gallery-item\"><figure><img loading=\"lazy\" decoding=\"async\" width=\"1024\" height=\"682\" src=\"https:\/\/itftkd.sport\/es\/wp-content\/uploads\/sites\/7\/2021\/06\/Afghanistan-ITF-The-41st-5-1024x682.jpg\" alt=\"\" data-id=\"25679\" data-full-url=\"https:\/\/itftkd.sport\/es\/wp-content\/uploads\/sites\/7\/2021\/06\/Afghanistan-ITF-The-41st-5.jpg\" data-link=\"https:\/\/itftkd.sport\/es\/afghanistan-itf-the-41st-5\/\" class=\"wp-image-25679\" srcset=\"https:\/\/itftkd.sport\/es\/wp-content\/uploads\/sites\/7\/2021\/06\/Afghanistan-ITF-The-41st-5-1024x682.jpg 1024w, https:\/\/itftkd.sport\/es\/wp-content\/uploads\/sites\/7\/2021\/06\/Afghanistan-ITF-The-41st-5-300x200.jpg 300w, https:\/\/itftkd.sport\/es\/wp-content\/uploads\/sites\/7\/2021\/06\/Afghanistan-ITF-The-41st-5-768x512.jpg 768w, https:\/\/itftkd.sport\/es\/wp-content\/uploads\/sites\/7\/2021\/06\/Afghanistan-ITF-The-41st-5-600x400.jpg 600w\" sizes=\"auto, (max-width: 1024px) 100vw, 1024px\" \/><\/figure><\/li><li class=\"blocks-gallery-item\"><figure><img loading=\"lazy\" decoding=\"async\" width=\"1024\" height=\"682\" src=\"https:\/\/itftkd.sport\/es\/wp-content\/uploads\/sites\/7\/2021\/06\/Afghanistan-ITF-The-41st-4-1024x682.jpg\" alt=\"\" data-id=\"25678\" data-full-url=\"https:\/\/itftkd.sport\/es\/wp-content\/uploads\/sites\/7\/2021\/06\/Afghanistan-ITF-The-41st-4.jpg\" data-link=\"https:\/\/itftkd.sport\/es\/afghanistan-itf-the-41st-4\/\" class=\"wp-image-25678\" srcset=\"https:\/\/itftkd.sport\/es\/wp-content\/uploads\/sites\/7\/2021\/06\/Afghanistan-ITF-The-41st-4-1024x682.jpg 1024w, https:\/\/itftkd.sport\/es\/wp-content\/uploads\/sites\/7\/2021\/06\/Afghanistan-ITF-The-41st-4-300x200.jpg 300w, https:\/\/itftkd.sport\/es\/wp-content\/uploads\/sites\/7\/2021\/06\/Afghanistan-ITF-The-41st-4-768x512.jpg 768w, https:\/\/itftkd.sport\/es\/wp-content\/uploads\/sites\/7\/2021\/06\/Afghanistan-ITF-The-41st-4-600x400.jpg 600w\" sizes=\"auto, (max-width: 1024px) 100vw, 1024px\" \/><\/figure><\/li><li class=\"blocks-gallery-item\"><figure><img loading=\"lazy\" decoding=\"async\" width=\"1024\" height=\"682\" src=\"https:\/\/itftkd.sport\/es\/wp-content\/uploads\/sites\/7\/2021\/06\/Afghanistan-ITF-The-41st-2-1024x682.jpg\" alt=\"\" data-id=\"25676\" data-full-url=\"https:\/\/itftkd.sport\/es\/wp-content\/uploads\/sites\/7\/2021\/06\/Afghanistan-ITF-The-41st-2.jpg\" data-link=\"https:\/\/itftkd.sport\/es\/afghanistan-itf-the-41st-2\/\" class=\"wp-image-25676\" srcset=\"https:\/\/itftkd.sport\/es\/wp-content\/uploads\/sites\/7\/2021\/06\/Afghanistan-ITF-The-41st-2-1024x682.jpg 1024w, https:\/\/itftkd.sport\/es\/wp-content\/uploads\/sites\/7\/2021\/06\/Afghanistan-ITF-The-41st-2-300x200.jpg 300w, https:\/\/itftkd.sport\/es\/wp-content\/uploads\/sites\/7\/2021\/06\/Afghanistan-ITF-The-41st-2-768x512.jpg 768w, https:\/\/itftkd.sport\/es\/wp-content\/uploads\/sites\/7\/2021\/06\/Afghanistan-ITF-The-41st-2-600x400.jpg 600w\" sizes=\"auto, (max-width: 1024px) 100vw, 1024px\" \/><\/figure><\/li><\/ul><\/figure>\n\n\n\n<p>Finalmente se entregaron los certificados a los participantes, y agradecemos a la Asociaci\u00f3n ITF de Herat y la Asociaci\u00f3n Ol\u00edmpica de Herat por organizar este fant\u00e1stico evento.<\/p>\n\n\n\n<figure class=\"wp-block-gallery columns-2 is-cropped wp-block-gallery-2 is-layout-flex wp-block-gallery-is-layout-flex\"><ul class=\"blocks-gallery-grid\"><li class=\"blocks-gallery-item\"><figure><img loading=\"lazy\" decoding=\"async\" width=\"1024\" height=\"682\" src=\"https:\/\/itftkd.sport\/es\/wp-content\/uploads\/sites\/7\/2021\/06\/Afghanistan-ITF-The-41st8--1024x682.jpg\" alt=\"\" data-id=\"25682\" data-full-url=\"https:\/\/itftkd.sport\/es\/wp-content\/uploads\/sites\/7\/2021\/06\/Afghanistan-ITF-The-41st8-.jpg\" data-link=\"https:\/\/itftkd.sport\/es\/afghanistan-itf-the-41st8\/\" class=\"wp-image-25682\" srcset=\"https:\/\/itftkd.sport\/es\/wp-content\/uploads\/sites\/7\/2021\/06\/Afghanistan-ITF-The-41st8--1024x682.jpg 1024w, https:\/\/itftkd.sport\/es\/wp-content\/uploads\/sites\/7\/2021\/06\/Afghanistan-ITF-The-41st8--300x200.jpg 300w, https:\/\/itftkd.sport\/es\/wp-content\/uploads\/sites\/7\/2021\/06\/Afghanistan-ITF-The-41st8--768x512.jpg 768w, https:\/\/itftkd.sport\/es\/wp-content\/uploads\/sites\/7\/2021\/06\/Afghanistan-ITF-The-41st8--600x400.jpg 600w\" sizes=\"auto, (max-width: 1024px) 100vw, 1024px\" \/><\/figure><\/li><li class=\"blocks-gallery-item\"><figure><img loading=\"lazy\" decoding=\"async\" width=\"960\" height=\"640\" src=\"https:\/\/itftkd.sport\/es\/wp-content\/uploads\/sites\/7\/2021\/06\/Afghanistan-ITF-The-41st-3.jpg\" alt=\"\" data-id=\"25677\" data-full-url=\"https:\/\/itftkd.sport\/es\/wp-content\/uploads\/sites\/7\/2021\/06\/Afghanistan-ITF-The-41st-3.jpg\" data-link=\"https:\/\/itftkd.sport\/es\/afghanistan-itf-the-41st-3\/\" class=\"wp-image-25677\" srcset=\"https:\/\/itftkd.sport\/es\/wp-content\/uploads\/sites\/7\/2021\/06\/Afghanistan-ITF-The-41st-3.jpg 960w, https:\/\/itftkd.sport\/es\/wp-content\/uploads\/sites\/7\/2021\/06\/Afghanistan-ITF-The-41st-3-300x200.jpg 300w, https:\/\/itftkd.sport\/es\/wp-content\/uploads\/sites\/7\/2021\/06\/Afghanistan-ITF-The-41st-3-768x512.jpg 768w, https:\/\/itftkd.sport\/es\/wp-content\/uploads\/sites\/7\/2021\/06\/Afghanistan-ITF-The-41st-3-600x400.jpg 600w\" sizes=\"auto, (max-width: 960px) 100vw, 960px\" \/><\/figure><\/li><\/ul><\/figure>\n\n\n\n<p><br>ITF Taekwondo Media Dept.<br>ITF Afghanistan<\/p>\n","protected":false},"excerpt":{"rendered":"<p>El 41\u00b0 Campeonato de Taekwon-Do ITF se celebr\u00f3 el 11 de junio de 2021 en el Gimnasio Faizi en la Provincia de Herat.<\/p>\n","protected":false},"author":10,"featured_media":25675,"comment_status":"open","ping_status":"open","sticky":false,"template":"","format":"standard","meta":{"_tec_requires_first_save":true,"_uag_custom_page_level_css":"","_genesis_hide_title":false,"_genesis_hide_breadcrumbs":false,"_genesis_hide_singular_image":false,"_genesis_hide_footer_widgets":false,"_genesis_custom_body_class":"","_genesis_custom_post_class":"","_genesis_layout":"","_EventAllDay":false,"_EventTimezone":"","_EventStartDate":"","_EventEndDate":"","_EventStartDateUTC":"","_EventEndDateUTC":"","_EventShowMap":false,"_EventShowMapLink":false,"_EventURL":"","_EventCost":"","_EventCostDescription":"","_EventCurrencySymbol":"","_EventCurrencyCode":"","_EventCurrencyPosition":"","_EventDateTimeSeparator":"","_EventTimeRangeSeparator":"","_EventOrganizerID":[],"_EventVenueID":[],"_OrganizerEmail":"","_OrganizerPhone":"","_OrganizerWebsite":"","_VenueAddress":"","_VenueCity":"","_VenueCountry":"","_VenueProvince":"","_VenueState":"","_VenueZip":"","_VenuePhone":"","_VenueURL":"","_VenueStateProvince":"","_VenueLat":"","_VenueLng":"","_VenueShowMap":false,"_VenueShowMapLink":false,"_tribe_blocks_recurrence_rules":"","_tribe_blocks_recurrence_description":"","_tribe_blocks_recurrence_exclusions":"","editor_notices":[],"footnotes":""},"categories":[6],"tags":[],"class_list":["post-25672","post","type-post","status-publish","format-standard","has-post-thumbnail","category-noticias-regionales","entry"],"featured_image_src":"https:\/\/itftkd.sport\/es\/wp-content\/uploads\/sites\/7\/2021\/06\/Afghanistan-ITF-The-41st-800x600-1-600x400.png","featured_image_src_square":"https:\/\/itftkd.sport\/es\/wp-content\/uploads\/sites\/7\/2021\/06\/Afghanistan-ITF-The-41st-800x600-1-600x600.png","author_info":{"display_name":"ivan","author_link":"https:\/\/itftkd.sport\/es\/author\/ivan\/"},"uagb_featured_image_src":{"full":["https:\/\/itftkd.sport\/es\/wp-content\/uploads\/sites\/7\/2021\/06\/Afghanistan-ITF-The-41st-800x600-1.png",800,600,false],"thumbnail":["https:\/\/itftkd.sport\/es\/wp-content\/uploads\/sites\/7\/2021\/06\/Afghanistan-ITF-The-41st-800x600-1-150x150.png",150,150,true],"medium":["https:\/\/itftkd.sport\/es\/wp-content\/uploads\/sites\/7\/2021\/06\/Afghanistan-ITF-The-41st-800x600-1-300x225.png",300,225,true],"medium_large":["https:\/\/itftkd.sport\/es\/wp-content\/uploads\/sites\/7\/2021\/06\/Afghanistan-ITF-The-41st-800x600-1-768x576.png",768,576,true],"large":["https:\/\/itftkd.sport\/es\/wp-content\/uploads\/sites\/7\/2021\/06\/Afghanistan-ITF-The-41st-800x600-1.png",800,600,false],"1536x1536":["https:\/\/itftkd.sport\/es\/wp-content\/uploads\/sites\/7\/2021\/06\/Afghanistan-ITF-The-41st-800x600-1.png",800,600,false],"2048x2048":["https:\/\/itftkd.sport\/es\/wp-content\/uploads\/sites\/7\/2021\/06\/Afghanistan-ITF-The-41st-800x600-1.png",800,600,false],"banner":["https:\/\/itftkd.sport\/es\/wp-content\/uploads\/sites\/7\/2021\/06\/Afghanistan-ITF-The-41st-800x600-1-800x533.png",800,533,true],"section":["https:\/\/itftkd.sport\/es\/wp-content\/uploads\/sites\/7\/2021\/06\/Afghanistan-ITF-The-41st-800x600-1.png",800,600,false],"full-width":["https:\/\/itftkd.sport\/es\/wp-content\/uploads\/sites\/7\/2021\/06\/Afghanistan-ITF-The-41st-800x600-1.png",800,600,false],"featured":["https:\/\/itftkd.sport\/es\/wp-content\/uploads\/sites\/7\/2021\/06\/Afghanistan-ITF-The-41st-800x600-1.png",800,600,false],"one-half":["https:\/\/itftkd.sport\/es\/wp-content\/uploads\/sites\/7\/2021\/06\/Afghanistan-ITF-The-41st-800x600-1-550x413.png",550,413,true],"one-third":["https:\/\/itftkd.sport\/es\/wp-content\/uploads\/sites\/7\/2021\/06\/Afghanistan-ITF-The-41st-800x600-1-350x263.png",350,263,true],"one-fourth":["https:\/\/itftkd.sport\/es\/wp-content\/uploads\/sites\/7\/2021\/06\/Afghanistan-ITF-The-41st-800x600-1-260x195.png",260,195,true],"tiny":["https:\/\/itftkd.sport\/es\/wp-content\/uploads\/sites\/7\/2021\/06\/Afghanistan-ITF-The-41st-800x600-1-80x80.png",80,80,true],"ab-block-post-grid-landscape":["https:\/\/itftkd.sport\/es\/wp-content\/uploads\/sites\/7\/2021\/06\/Afghanistan-ITF-The-41st-800x600-1-600x400.png",600,400,true],"ab-block-post-grid-square":["https:\/\/itftkd.sport\/es\/wp-content\/uploads\/sites\/7\/2021\/06\/Afghanistan-ITF-The-41st-800x600-1-600x600.png",600,600,true],"gform-image-choice-sm":["https:\/\/itftkd.sport\/es\/wp-content\/uploads\/sites\/7\/2021\/06\/Afghanistan-ITF-The-41st-800x600-1.png",300,225,false],"gform-image-choice-md":["https:\/\/itftkd.sport\/es\/wp-content\/uploads\/sites\/7\/2021\/06\/Afghanistan-ITF-The-41st-800x600-1.png",400,300,false],"gform-image-choice-lg":["https:\/\/itftkd.sport\/es\/wp-content\/uploads\/sites\/7\/2021\/06\/Afghanistan-ITF-The-41st-800x600-1.png",600,450,false]},"uagb_author_info":{"display_name":"ivan","author_link":"https:\/\/itftkd.sport\/es\/author\/ivan\/"},"uagb_comment_info":0,"uagb_excerpt":"El 41\u00b0 Campeonato de Taekwon-Do ITF se celebr\u00f3 el 11 de junio de 2021 en el Gimnasio Faizi en la Provincia de Herat.","_links":{"self":[{"href":"https:\/\/itftkd.sport\/es\/wp-json\/wp\/v2\/posts\/25672","targetHints":{"allow":["GET"]}}],"collection":[{"href":"https:\/\/itftkd.sport\/es\/wp-json\/wp\/v2\/posts"}],"about":[{"href":"https:\/\/itftkd.sport\/es\/wp-json\/wp\/v2\/types\/post"}],"author":[{"embeddable":true,"href":"https:\/\/itftkd.sport\/es\/wp-json\/wp\/v2\/users\/10"}],"replies":[{"embeddable":true,"href":"https:\/\/itftkd.sport\/es\/wp-json\/wp\/v2\/comments?post=25672"}],"version-history":[{"count":3,"href":"https:\/\/itftkd.sport\/es\/wp-json\/wp\/v2\/posts\/25672\/revisions"}],"predecessor-version":[{"id":25684,"href":"https:\/\/itftkd.sport\/es\/wp-json\/wp\/v2\/posts\/25672\/revisions\/25684"}],"wp:featuredmedia":[{"embeddable":true,"href":"https:\/\/itftkd.sport\/es\/wp-json\/wp\/v2\/media\/25675"}],"wp:attachment":[{"href":"https:\/\/itftkd.sport\/es\/wp-json\/wp\/v2\/media?parent=25672"}],"wp:term":[{"taxonomy":"category","embeddable":true,"href":"https:\/\/itftkd.sport\/es\/wp-json\/wp\/v2\/categories?post=25672"},{"taxonomy":"post_tag","embeddable":true,"href":"https:\/\/itftkd.sport\/es\/wp-json\/wp\/v2\/tags?post=25672"}],"curies":[{"name":"wp","href":"https:\/\/api.w.org\/{rel}","templated":true}]}}