{"id":25666,"date":"2021-06-14T01:00:00","date_gmt":"2021-06-13T23:00:00","guid":{"rendered":"https:\/\/itftkd.sport\/es\/?p=25666"},"modified":"2021-06-14T18:14:36","modified_gmt":"2021-06-14T16:14:36","slug":"solo-los-olvidados-estan-muertos","status":"publish","type":"post","link":"https:\/\/itftkd.sport\/es\/solo-los-olvidados-estan-muertos\/","title":{"rendered":"\u00ab\u00a1S\u00f3lo los olvidados est\u00e1n muertos!\u00bb"},"content":{"rendered":"\n<div class=\"wp-block-image\"><figure class=\"alignleft size-large is-resized\"><img loading=\"lazy\" decoding=\"async\" src=\"https:\/\/itftkd.sport\/wp-content\/uploads\/2021\/06\/GM-Paul-Weiler-720x1024.jpg\" alt=\"\" class=\"wp-image-26409\" width=\"167\" height=\"237\" \/><\/figure><\/div>\n\n\n\n\n\n\n\n<p>Cuando el General Choi Hong-Hi falleci\u00f3 en un hospital de Pyongyang el 15 de junio de 2002, no solo nos dej\u00f3 el presidente de la ITF, sino tambi\u00e9n el fundador del arte marcial del Taekwon-Do, que hoy en d\u00eda no tiene igual.<br><br>\u00a1El General Choi fue y es insustituible y nunca ser\u00e1 olvidado!<br><br>Sin embargo, \u00e9l sigue vivo en su legado: el TKD y, por lo tanto, es omnipresente.<br><br>La tarea de nuestra generaci\u00f3n es preservar esta memoria record\u00e1ndolo y transmitiendo este recuerdo a la pr\u00f3xima generaci\u00f3n.<br><br>\u00a1Gracias General Choi!<br><br>Alguien que tuvo el contacto m\u00e1s cercano con el General Choi fuera de su familia es HGM Tom MacCallum, ex Secretario General de la ITF y ahora Presidente de la ITF GMPC. Le he pedido a HGM MacCallum que nos d\u00e9 su perspectiva.<br><br>Por mi parte no tengo nada que agregar a su declaraci\u00f3n ya que menciona todo lo que es importante decir.<br><br>GM Paul Weiler<br>Presidente de la ITF<\/p>\n\n\n\n<div class=\"wp-block-image\"><figure class=\"alignleft size-large is-resized\"><img loading=\"lazy\" decoding=\"async\" src=\"https:\/\/itftkd.sport\/wp-content\/uploads\/2021\/06\/HGM-Tom-MacCallum-775x1024.jpg\" alt=\"\" class=\"wp-image-26410\" width=\"167\" height=\"238\" \/><\/figure><\/div>\n\n\n\n<p><br>\u201cGeneral Choi Hong Hi is a historical figure who should never be forgotten, especially by his own countrymen and Taekwon-Do (TKD) practitioners. Unfortunately, politics have come to make some people try to hide his name. This is the man who is \u201cthe FOUNDER OF TKD\u201d and not \u201csomeone who had some influence\u201d as some people would have you believe. General Choi\u2019s divided country of Korea had the opportunity to make TKD a great ambassador for their country and make their country beloved to the world in general. However, they chose to try to take his \u201cchild\u201d from him that led to the current situation where different groups criticise each other and thus TKD does not have as much success as it surely deserves. To this end I am reminded to tell practitioners that I, as a person who was present (June 11th. 2002) when Gen Choi spoke his \u201clast words\u201d, would like to emphasize the necessity to remember such a great man forever. From his very generous last words to me I pride myself that I have followed his philosophy and vision to the best of my ability. When the last words were spoken there were members of the ITF present which included, Rhee Ki Ha, Hwang Kwang Sung, Park Jong Soo, Tom MacCallum, Leong Wai Meng, Hwang-Jin, and Jong Jae Hun. General Choi spoke about us all. This may help you to understand why I am very keen that you remember this man who gave us so much. Think of the people who owe their livelihood to him or those who have been saved by his philosophy. I beg you to always revere this legend that gave so much to us and always have him in your mind.\u201d<br><br>Thank you,<br>HGM MacCallum!<\/p>\n","protected":false},"excerpt":{"rendered":"<p>Cuando el General Choi Hong-Hi falleci\u00f3 en un hospital de Pyongyang el 15 de junio de 2002, no solo nos dej\u00f3 el presidente de la ITF, sino tambi\u00e9n el fundador del arte marcial del Taekwon-Do, que hoy en d\u00eda no tiene igual.<\/p>\n","protected":false},"author":10,"featured_media":25669,"comment_status":"open","ping_status":"open","sticky":false,"template":"","format":"standard","meta":{"_tec_requires_first_save":true,"_uag_custom_page_level_css":"","_genesis_hide_title":false,"_genesis_hide_breadcrumbs":false,"_genesis_hide_singular_image":false,"_genesis_hide_footer_widgets":false,"_genesis_custom_body_class":"","_genesis_custom_post_class":"","_genesis_layout":"","_EventAllDay":false,"_EventTimezone":"","_EventStartDate":"","_EventEndDate":"","_EventStartDateUTC":"","_EventEndDateUTC":"","_EventShowMap":false,"_EventShowMapLink":false,"_EventURL":"","_EventCost":"","_EventCostDescription":"","_EventCurrencySymbol":"","_EventCurrencyCode":"","_EventCurrencyPosition":"","_EventDateTimeSeparator":"","_EventTimeRangeSeparator":"","_EventOrganizerID":[],"_EventVenueID":[0],"_OrganizerEmail":"","_OrganizerPhone":"","_OrganizerWebsite":"","_VenueAddress":"","_VenueCity":"","_VenueCountry":"","_VenueProvince":"","_VenueState":"","_VenueZip":"","_VenuePhone":"","_VenueURL":"","_VenueStateProvince":"","_VenueLat":"","_VenueLng":"","_VenueShowMap":false,"_VenueShowMapLink":false,"_tribe_blocks_recurrence_rules":"","_tribe_blocks_recurrence_description":"","_tribe_blocks_recurrence_exclusions":"","editor_notices":[],"footnotes":""},"categories":[132,7],"tags":[],"class_list":["post-25666","post","type-post","status-publish","format-standard","has-post-thumbnail","category-destacadas","category-mensajes-del-presidente","entry"],"featured_image_src":"https:\/\/itftkd.sport\/es\/wp-content\/uploads\/sites\/7\/2021\/06\/Aniversary-SPA-600x400.jpg","featured_image_src_square":"https:\/\/itftkd.sport\/es\/wp-content\/uploads\/sites\/7\/2021\/06\/Aniversary-SPA-600x600.jpg","author_info":{"display_name":"ivan","author_link":"https:\/\/itftkd.sport\/es\/author\/ivan\/"},"uagb_featured_image_src":{"full":["https:\/\/itftkd.sport\/es\/wp-content\/uploads\/sites\/7\/2021\/06\/Aniversary-SPA.jpg",800,600,false],"thumbnail":["https:\/\/itftkd.sport\/es\/wp-content\/uploads\/sites\/7\/2021\/06\/Aniversary-SPA-150x150.jpg",150,150,true],"medium":["https:\/\/itftkd.sport\/es\/wp-content\/uploads\/sites\/7\/2021\/06\/Aniversary-SPA-300x225.jpg",300,225,true],"medium_large":["https:\/\/itftkd.sport\/es\/wp-content\/uploads\/sites\/7\/2021\/06\/Aniversary-SPA-768x576.jpg",768,576,true],"large":["https:\/\/itftkd.sport\/es\/wp-content\/uploads\/sites\/7\/2021\/06\/Aniversary-SPA.jpg",800,600,false],"1536x1536":["https:\/\/itftkd.sport\/es\/wp-content\/uploads\/sites\/7\/2021\/06\/Aniversary-SPA.jpg",800,600,false],"2048x2048":["https:\/\/itftkd.sport\/es\/wp-content\/uploads\/sites\/7\/2021\/06\/Aniversary-SPA.jpg",800,600,false],"banner":["https:\/\/itftkd.sport\/es\/wp-content\/uploads\/sites\/7\/2021\/06\/Aniversary-SPA-800x533.jpg",800,533,true],"section":["https:\/\/itftkd.sport\/es\/wp-content\/uploads\/sites\/7\/2021\/06\/Aniversary-SPA.jpg",800,600,false],"full-width":["https:\/\/itftkd.sport\/es\/wp-content\/uploads\/sites\/7\/2021\/06\/Aniversary-SPA.jpg",800,600,false],"featured":["https:\/\/itftkd.sport\/es\/wp-content\/uploads\/sites\/7\/2021\/06\/Aniversary-SPA.jpg",800,600,false],"one-half":["https:\/\/itftkd.sport\/es\/wp-content\/uploads\/sites\/7\/2021\/06\/Aniversary-SPA-550x413.jpg",550,413,true],"one-third":["https:\/\/itftkd.sport\/es\/wp-content\/uploads\/sites\/7\/2021\/06\/Aniversary-SPA-350x263.jpg",350,263,true],"one-fourth":["https:\/\/itftkd.sport\/es\/wp-content\/uploads\/sites\/7\/2021\/06\/Aniversary-SPA-260x195.jpg",260,195,true],"tiny":["https:\/\/itftkd.sport\/es\/wp-content\/uploads\/sites\/7\/2021\/06\/Aniversary-SPA-80x80.jpg",80,80,true],"ab-block-post-grid-landscape":["https:\/\/itftkd.sport\/es\/wp-content\/uploads\/sites\/7\/2021\/06\/Aniversary-SPA-600x400.jpg",600,400,true],"ab-block-post-grid-square":["https:\/\/itftkd.sport\/es\/wp-content\/uploads\/sites\/7\/2021\/06\/Aniversary-SPA-600x600.jpg",600,600,true],"gform-image-choice-sm":["https:\/\/itftkd.sport\/es\/wp-content\/uploads\/sites\/7\/2021\/06\/Aniversary-SPA.jpg",300,225,false],"gform-image-choice-md":["https:\/\/itftkd.sport\/es\/wp-content\/uploads\/sites\/7\/2021\/06\/Aniversary-SPA.jpg",400,300,false],"gform-image-choice-lg":["https:\/\/itftkd.sport\/es\/wp-content\/uploads\/sites\/7\/2021\/06\/Aniversary-SPA.jpg",600,450,false]},"uagb_author_info":{"display_name":"ivan","author_link":"https:\/\/itftkd.sport\/es\/author\/ivan\/"},"uagb_comment_info":1,"uagb_excerpt":"Cuando el General Choi Hong-Hi falleci\u00f3 en un hospital de Pyongyang el 15 de junio de 2002, no solo nos dej\u00f3 el presidente de la ITF, sino tambi\u00e9n el fundador del arte marcial del Taekwon-Do, que hoy en d\u00eda no tiene igual.","_links":{"self":[{"href":"https:\/\/itftkd.sport\/es\/wp-json\/wp\/v2\/posts\/25666","targetHints":{"allow":["GET"]}}],"collection":[{"href":"https:\/\/itftkd.sport\/es\/wp-json\/wp\/v2\/posts"}],"about":[{"href":"https:\/\/itftkd.sport\/es\/wp-json\/wp\/v2\/types\/post"}],"author":[{"embeddable":true,"href":"https:\/\/itftkd.sport\/es\/wp-json\/wp\/v2\/users\/10"}],"replies":[{"embeddable":true,"href":"https:\/\/itftkd.sport\/es\/wp-json\/wp\/v2\/comments?post=25666"}],"version-history":[{"count":2,"href":"https:\/\/itftkd.sport\/es\/wp-json\/wp\/v2\/posts\/25666\/revisions"}],"predecessor-version":[{"id":25670,"href":"https:\/\/itftkd.sport\/es\/wp-json\/wp\/v2\/posts\/25666\/revisions\/25670"}],"wp:featuredmedia":[{"embeddable":true,"href":"https:\/\/itftkd.sport\/es\/wp-json\/wp\/v2\/media\/25669"}],"wp:attachment":[{"href":"https:\/\/itftkd.sport\/es\/wp-json\/wp\/v2\/media?parent=25666"}],"wp:term":[{"taxonomy":"category","embeddable":true,"href":"https:\/\/itftkd.sport\/es\/wp-json\/wp\/v2\/categories?post=25666"},{"taxonomy":"post_tag","embeddable":true,"href":"https:\/\/itftkd.sport\/es\/wp-json\/wp\/v2\/tags?post=25666"}],"curies":[{"name":"wp","href":"https:\/\/api.w.org\/{rel}","templated":true}]}}