{"id":25635,"date":"2021-05-24T14:07:00","date_gmt":"2021-05-24T12:07:00","guid":{"rendered":"https:\/\/itftkd.sport\/es\/?p=25635"},"modified":"2021-06-04T14:11:48","modified_gmt":"2021-06-04T12:11:48","slug":"reporte-de-las-elecciones-de-la-fest-federacion-espanola-periodo-2021-2025","status":"publish","type":"post","link":"https:\/\/itftkd.sport\/es\/reporte-de-las-elecciones-de-la-fest-federacion-espanola-periodo-2021-2025\/","title":{"rendered":"Reporte de las elecciones de la FEST Federaci\u00f3n espa\u00f1ola per\u00edodo 2021-2025"},"content":{"rendered":"\n<p>El s\u00e1bado 22 de mayo tuvieron lugar las elecciones de la Federaci\u00f3n Espa\u00f1ola de Taekwon-Do ITF durante la Asamblea anual extraordinaria que tuvo lugar en la ciudad deportiva de Camilo Cano de la Nucia.<\/p>\n\n\n\n<!--more-->\n\n\n\n<p>Desde aqu\u00ed queremos felicitar a la junta directiva electa ya todos aquellos que se presentaron y quisieron demostrar su val\u00eda e inter\u00e9s en contribuir y trabajar en conjunto con la Federaci\u00f3n.<\/p>\n\n\n\n<p>Presidente\u00a0&#8211; \ud835\ude17\ud835\ude22\ud835\ude24\ud835\ude30 \ud835\ude0d\ud835\ude26\ud835\ude33\ud835\ude33\ud835\ude22\ud835\ude2f\ud835\ude25\ud835\ude30<br>Vice Presidente &#8211; \ud835\ude11\ud835\ude30\ud835\ude34\u00e9 \ud835\ude19\ud835\ude22\ud835\ude2e\u00f3\ud835\ude2f \ud835\ude1d\ud835\ude2a\ud835\ude36\ud835\ude25\ud835\ude26\ud835\ude34<br>Secretario General\u00a0&#8211; \ud835\ude1d\ud835\ude2a\ud835\ude24\ud835\ude26\ud835\ude2f\ud835\ude35\ud835\ude26 \ud835\ude10\ud835\ude23\ud835\ude22\u00f1\ud835\ude26\ud835\ude3b<br>Tesorero\u00a0&#8211; \ud835\ude11\ud835\ude30\ud835\ude34\ud835\ude26 \ud835\ude13\ud835\ude36\ud835\ude2a\ud835\ude34 \ud835\ude0b\ud835\ude2a\ud835\ude26\ud835\ude28\ud835\ude30<br>Miembro de la Junta\u00a0&#8211; \ud835\ude17\ud835\ude22\ud835\ude34\ud835\ude35\ud835\ude30\ud835\ude33 \ud835\ude0a\ud835\ude22\ud835\ude33\ud835\ude33\ud835\ude22\ud835\ude24\ud835\ude26\ud835\ude25\ud835\ude30<br>Miembro de la Junta &#8211; \ud835\ude08\ud835\ude2f\ud835\ude25\ud835\ude33\ud835\ude26\ud835\ude36 \ud835\ude14\ud835\ude22\ud835\ude33\ud835\ude35\ud835\ude2a\ud835\ude2f\ud835\ude26\ud835\ude3b<br>Miembro de la Junta\u00a0&#8211; \ud835\ude11\ud835\ude36\ud835\ude22\ud835\ude2f \ud835\ude0a\ud835\ude22\ud835\ude33\ud835\ude2d\ud835\ude30\ud835\ude34 \ud835\ude19\ud835\ude30\ud835\ude24\ud835\ude24\ud835\ude22<br>Miembro de la Junta &#8211; \ud835\ude11\ud835\ude30\ud835\ude34\ud835\ude26 \ud835\ude14\ud835\ude2a\ud835\ude28\ud835\ude36\ud835\ude26\ud835\ude2d \ud835\ude14\ud835\ude22\ud835\ude33\ud835\ude35\ud835\ude2a\ud835\ude2f\ud835\ude26\ud835\ude3b<br>Presidente Honor\u00edfico &#8211;\u00a0 \ud835\ude11\ud835\ude36\ud835\ude22\ud835\ude2f \ud835\ude0d\ud835\ude26\ud835\ude33\ud835\ude33\ud835\ude22\ud835\ude2f\ud835\ude25\ud835\ude30<\/p>\n\n\n\n<p>Queremos agradecer todo el apoyo recibido y trabajaremos duro para llevar la Federaci\u00f3n Espa\u00f1ola al siguiente nivel y seguir creciendo de cerca con la AETF y la ITF.<\/p>\n\n\n\n<p>\u00a1\u00a1\u00a1Muchas gracias!!!<\/p>\n\n\n\n<p>M\u00e1s informaci\u00f3n\u00a0<a rel=\"noreferrer noopener\" href=\"https:\/\/m.facebook.com\/story.php?story_fbid=1367181117014896&amp;id=100011690611511\" target=\"_blank\">https:\/\/m.facebook.com\/story.php?story_fbid=1367181117014896&amp;id=100011690611511<\/a><\/p>\n\n\n\n<p>Paco Ferrando&nbsp;<br>Presidente FEST<br>Taekwon-Do ITF Espa\u00f1a&nbsp;<\/p>\n\n\n\n<figure class=\"wp-block-gallery columns-3 is-cropped wp-block-gallery-1 is-layout-flex wp-block-gallery-is-layout-flex\"><ul class=\"blocks-gallery-grid\"><li class=\"blocks-gallery-item\"><figure><a href=\"https:\/\/itftkd.sport\/wp-content\/uploads\/2021\/06\/FEST-Elections-Paco-Ferrando.jpg\"><img decoding=\"async\" src=\"https:\/\/itftkd.sport\/wp-content\/uploads\/2021\/06\/FEST-Elections-Paco-Ferrando.jpg\" alt=\"FEST Elections Paco Ferrando\" data-id=\"26343\" data-full-url=\"https:\/\/itftkd.sport\/wp-content\/uploads\/2021\/06\/FEST-Elections-Paco-Ferrando.jpg\" data-link=\"https:\/\/itftkd.sport\/?attachment_id=26343\" class=\"wp-image-26343\" \/><\/a><\/figure><\/li><li class=\"blocks-gallery-item\"><figure><a href=\"https:\/\/itftkd.sport\/wp-content\/uploads\/2021\/06\/FEST-Elections-Jose-Ramon.jpg\"><img decoding=\"async\" src=\"https:\/\/itftkd.sport\/wp-content\/uploads\/2021\/06\/FEST-Elections-Jose-Ramon.jpg\" alt=\"FEST Elections Jos\u00e9 Ram\u00f3n Viudez\" data-id=\"26340\" data-full-url=\"https:\/\/itftkd.sport\/wp-content\/uploads\/2021\/06\/FEST-Elections-Jose-Ramon.jpg\" data-link=\"https:\/\/itftkd.sport\/?attachment_id=26340\" class=\"wp-image-26340\" \/><\/a><\/figure><\/li><li class=\"blocks-gallery-item\"><figure><a href=\"https:\/\/itftkd.sport\/wp-content\/uploads\/2021\/06\/FEST-Elections-Vicente-Ibanez.jpg\"><img decoding=\"async\" src=\"https:\/\/itftkd.sport\/wp-content\/uploads\/2021\/06\/FEST-Elections-Vicente-Ibanez.jpg\" alt=\"FEST Elections Vicente Iba\u00f1ez\" data-id=\"26345\" data-full-url=\"https:\/\/itftkd.sport\/wp-content\/uploads\/2021\/06\/FEST-Elections-Vicente-Ibanez.jpg\" data-link=\"https:\/\/itftkd.sport\/?attachment_id=26345\" class=\"wp-image-26345\" \/><\/a><\/figure><\/li><li class=\"blocks-gallery-item\"><figure><a href=\"https:\/\/itftkd.sport\/wp-content\/uploads\/2021\/06\/FEST-Elections-Jose-Luis-Diego.jpg\"><img decoding=\"async\" src=\"https:\/\/itftkd.sport\/wp-content\/uploads\/2021\/06\/FEST-Elections-Jose-Luis-Diego.jpg\" alt=\"FEST Elections Jos\u00e9 Luis Diego\" data-id=\"26338\" data-full-url=\"https:\/\/itftkd.sport\/wp-content\/uploads\/2021\/06\/FEST-Elections-Jose-Luis-Diego.jpg\" data-link=\"https:\/\/itftkd.sport\/?attachment_id=26338\" class=\"wp-image-26338\" \/><\/a><\/figure><\/li><li class=\"blocks-gallery-item\"><figure><a href=\"https:\/\/itftkd.sport\/wp-content\/uploads\/2021\/06\/FEST-Elections-Pastor-Carracedo.jpg\"><img decoding=\"async\" src=\"https:\/\/itftkd.sport\/wp-content\/uploads\/2021\/06\/FEST-Elections-Pastor-Carracedo.jpg\" alt=\"FEST Elections Pastor Carracedo\" data-id=\"26344\" data-full-url=\"https:\/\/itftkd.sport\/wp-content\/uploads\/2021\/06\/FEST-Elections-Pastor-Carracedo.jpg\" data-link=\"https:\/\/itftkd.sport\/?attachment_id=26344\" class=\"wp-image-26344\" \/><\/a><\/figure><\/li><li class=\"blocks-gallery-item\"><figure><a href=\"https:\/\/itftkd.sport\/wp-content\/uploads\/2021\/06\/FEST-Elections-Andreu-Martinez.jpg\"><img decoding=\"async\" src=\"https:\/\/itftkd.sport\/wp-content\/uploads\/2021\/06\/FEST-Elections-Andreu-Martinez.jpg\" alt=\"FEST Elections Andreu Mart\u00ednez\" data-id=\"26337\" data-full-url=\"https:\/\/itftkd.sport\/wp-content\/uploads\/2021\/06\/FEST-Elections-Andreu-Martinez.jpg\" data-link=\"https:\/\/itftkd.sport\/?attachment_id=26337\" class=\"wp-image-26337\" \/><\/a><\/figure><\/li><li class=\"blocks-gallery-item\"><figure><a href=\"https:\/\/itftkd.sport\/wp-content\/uploads\/2021\/06\/FEST-Elections-Juan-Carlos-Rocca.jpg\"><img decoding=\"async\" src=\"https:\/\/itftkd.sport\/wp-content\/uploads\/2021\/06\/FEST-Elections-Juan-Carlos-Rocca.jpg\" alt=\"FEST Elections Juan Carlos Rocca\" data-id=\"26341\" data-full-url=\"https:\/\/itftkd.sport\/wp-content\/uploads\/2021\/06\/FEST-Elections-Juan-Carlos-Rocca.jpg\" data-link=\"https:\/\/itftkd.sport\/?attachment_id=26341\" class=\"wp-image-26341\" \/><\/a><\/figure><\/li><li class=\"blocks-gallery-item\"><figure><a href=\"https:\/\/itftkd.sport\/wp-content\/uploads\/2021\/06\/FEST-Elections-Jose-Miguel.jpg\"><img decoding=\"async\" src=\"https:\/\/itftkd.sport\/wp-content\/uploads\/2021\/06\/FEST-Elections-Jose-Miguel.jpg\" alt=\"FEST Elections Jos\u00e9 Miguel Mart\u00ednez\" data-id=\"26339\" data-full-url=\"https:\/\/itftkd.sport\/wp-content\/uploads\/2021\/06\/FEST-Elections-Jose-Miguel.jpg\" data-link=\"https:\/\/itftkd.sport\/?attachment_id=26339\" class=\"wp-image-26339\" \/><\/a><\/figure><\/li><li class=\"blocks-gallery-item\"><figure><a href=\"https:\/\/itftkd.sport\/wp-content\/uploads\/2021\/06\/FEST-Elections-Juan-Ferrando.jpg\"><img decoding=\"async\" src=\"https:\/\/itftkd.sport\/wp-content\/uploads\/2021\/06\/FEST-Elections-Juan-Ferrando.jpg\" alt=\"FEST Elections Juan Ferrando\" data-id=\"26342\" data-full-url=\"https:\/\/itftkd.sport\/wp-content\/uploads\/2021\/06\/FEST-Elections-Juan-Ferrando.jpg\" data-link=\"https:\/\/itftkd.sport\/?attachment_id=26342\" class=\"wp-image-26342\" \/><\/a><\/figure><\/li><\/ul><\/figure>\n","protected":false},"excerpt":{"rendered":"<p>El s\u00e1bado 22 de mayo tuvieron lugar las elecciones de la Federaci\u00f3n Espa\u00f1ola de Taekwon-Do ITF durante la Asamblea anual extraordinaria que tuvo lugar en la ciudad deportiva de Camilo &hellip;<\/p>\n","protected":false},"author":4,"featured_media":25636,"comment_status":"open","ping_status":"open","sticky":false,"template":"","format":"standard","meta":{"_tec_requires_first_save":true,"_uag_custom_page_level_css":"","_genesis_hide_title":false,"_genesis_hide_breadcrumbs":false,"_genesis_hide_singular_image":false,"_genesis_hide_footer_widgets":false,"_genesis_custom_body_class":"","_genesis_custom_post_class":"","_genesis_layout":"","_EventAllDay":false,"_EventTimezone":"","_EventStartDate":"","_EventEndDate":"","_EventStartDateUTC":"","_EventEndDateUTC":"","_EventShowMap":false,"_EventShowMapLink":false,"_EventURL":"","_EventCost":"","_EventCostDescription":"","_EventCurrencySymbol":"","_EventCurrencyCode":"","_EventCurrencyPosition":"","_EventDateTimeSeparator":"","_EventTimeRangeSeparator":"","_EventOrganizerID":[],"_EventVenueID":[],"_OrganizerEmail":"","_OrganizerPhone":"","_OrganizerWebsite":"","_VenueAddress":"","_VenueCity":"","_VenueCountry":"","_VenueProvince":"","_VenueState":"","_VenueZip":"","_VenuePhone":"","_VenueURL":"","_VenueStateProvince":"","_VenueLat":"","_VenueLng":"","_VenueShowMap":false,"_VenueShowMapLink":false,"_tribe_blocks_recurrence_rules":"","_tribe_blocks_recurrence_description":"","_tribe_blocks_recurrence_exclusions":"","editor_notices":[],"footnotes":""},"categories":[6],"tags":[],"class_list":["post-25635","post","type-post","status-publish","format-standard","has-post-thumbnail","category-noticias-regionales","entry"],"featured_image_src":"https:\/\/itftkd.sport\/es\/wp-content\/uploads\/sites\/7\/2021\/06\/Featured-imaged-FEST-Elections.jpg","featured_image_src_square":"https:\/\/itftkd.sport\/es\/wp-content\/uploads\/sites\/7\/2021\/06\/Featured-imaged-FEST-Elections.jpg","author_info":{"display_name":"FABIAN ITF","author_link":"https:\/\/itftkd.sport\/es\/author\/fabian-itf\/"},"uagb_featured_image_src":{"full":["https:\/\/itftkd.sport\/es\/wp-content\/uploads\/sites\/7\/2021\/06\/Featured-imaged-FEST-Elections.jpg",397,298,false],"thumbnail":["https:\/\/itftkd.sport\/es\/wp-content\/uploads\/sites\/7\/2021\/06\/Featured-imaged-FEST-Elections-150x150.jpg",150,150,true],"medium":["https:\/\/itftkd.sport\/es\/wp-content\/uploads\/sites\/7\/2021\/06\/Featured-imaged-FEST-Elections-300x225.jpg",300,225,true],"medium_large":["https:\/\/itftkd.sport\/es\/wp-content\/uploads\/sites\/7\/2021\/06\/Featured-imaged-FEST-Elections.jpg",397,298,false],"large":["https:\/\/itftkd.sport\/es\/wp-content\/uploads\/sites\/7\/2021\/06\/Featured-imaged-FEST-Elections.jpg",397,298,false],"1536x1536":["https:\/\/itftkd.sport\/es\/wp-content\/uploads\/sites\/7\/2021\/06\/Featured-imaged-FEST-Elections.jpg",397,298,false],"2048x2048":["https:\/\/itftkd.sport\/es\/wp-content\/uploads\/sites\/7\/2021\/06\/Featured-imaged-FEST-Elections.jpg",397,298,false],"banner":["https:\/\/itftkd.sport\/es\/wp-content\/uploads\/sites\/7\/2021\/06\/Featured-imaged-FEST-Elections.jpg",397,298,false],"section":["https:\/\/itftkd.sport\/es\/wp-content\/uploads\/sites\/7\/2021\/06\/Featured-imaged-FEST-Elections.jpg",397,298,false],"full-width":["https:\/\/itftkd.sport\/es\/wp-content\/uploads\/sites\/7\/2021\/06\/Featured-imaged-FEST-Elections.jpg",397,298,false],"featured":["https:\/\/itftkd.sport\/es\/wp-content\/uploads\/sites\/7\/2021\/06\/Featured-imaged-FEST-Elections.jpg",397,298,false],"one-half":["https:\/\/itftkd.sport\/es\/wp-content\/uploads\/sites\/7\/2021\/06\/Featured-imaged-FEST-Elections.jpg",397,298,false],"one-third":["https:\/\/itftkd.sport\/es\/wp-content\/uploads\/sites\/7\/2021\/06\/Featured-imaged-FEST-Elections-350x263.jpg",350,263,true],"one-fourth":["https:\/\/itftkd.sport\/es\/wp-content\/uploads\/sites\/7\/2021\/06\/Featured-imaged-FEST-Elections-260x195.jpg",260,195,true],"tiny":["https:\/\/itftkd.sport\/es\/wp-content\/uploads\/sites\/7\/2021\/06\/Featured-imaged-FEST-Elections-80x80.jpg",80,80,true],"ab-block-post-grid-landscape":["https:\/\/itftkd.sport\/es\/wp-content\/uploads\/sites\/7\/2021\/06\/Featured-imaged-FEST-Elections.jpg",397,298,false],"ab-block-post-grid-square":["https:\/\/itftkd.sport\/es\/wp-content\/uploads\/sites\/7\/2021\/06\/Featured-imaged-FEST-Elections.jpg",397,298,false],"gform-image-choice-sm":["https:\/\/itftkd.sport\/es\/wp-content\/uploads\/sites\/7\/2021\/06\/Featured-imaged-FEST-Elections.jpg",300,225,false],"gform-image-choice-md":["https:\/\/itftkd.sport\/es\/wp-content\/uploads\/sites\/7\/2021\/06\/Featured-imaged-FEST-Elections.jpg",397,298,false],"gform-image-choice-lg":["https:\/\/itftkd.sport\/es\/wp-content\/uploads\/sites\/7\/2021\/06\/Featured-imaged-FEST-Elections.jpg",397,298,false]},"uagb_author_info":{"display_name":"FABIAN ITF","author_link":"https:\/\/itftkd.sport\/es\/author\/fabian-itf\/"},"uagb_comment_info":0,"uagb_excerpt":"El s\u00e1bado 22 de mayo tuvieron lugar las elecciones de la Federaci\u00f3n Espa\u00f1ola de Taekwon-Do ITF durante la Asamblea anual extraordinaria que tuvo lugar en la ciudad deportiva de Camilo &hellip;","_links":{"self":[{"href":"https:\/\/itftkd.sport\/es\/wp-json\/wp\/v2\/posts\/25635","targetHints":{"allow":["GET"]}}],"collection":[{"href":"https:\/\/itftkd.sport\/es\/wp-json\/wp\/v2\/posts"}],"about":[{"href":"https:\/\/itftkd.sport\/es\/wp-json\/wp\/v2\/types\/post"}],"author":[{"embeddable":true,"href":"https:\/\/itftkd.sport\/es\/wp-json\/wp\/v2\/users\/4"}],"replies":[{"embeddable":true,"href":"https:\/\/itftkd.sport\/es\/wp-json\/wp\/v2\/comments?post=25635"}],"version-history":[{"count":3,"href":"https:\/\/itftkd.sport\/es\/wp-json\/wp\/v2\/posts\/25635\/revisions"}],"predecessor-version":[{"id":25639,"href":"https:\/\/itftkd.sport\/es\/wp-json\/wp\/v2\/posts\/25635\/revisions\/25639"}],"wp:featuredmedia":[{"embeddable":true,"href":"https:\/\/itftkd.sport\/es\/wp-json\/wp\/v2\/media\/25636"}],"wp:attachment":[{"href":"https:\/\/itftkd.sport\/es\/wp-json\/wp\/v2\/media?parent=25635"}],"wp:term":[{"taxonomy":"category","embeddable":true,"href":"https:\/\/itftkd.sport\/es\/wp-json\/wp\/v2\/categories?post=25635"},{"taxonomy":"post_tag","embeddable":true,"href":"https:\/\/itftkd.sport\/es\/wp-json\/wp\/v2\/tags?post=25635"}],"curies":[{"name":"wp","href":"https:\/\/api.w.org\/{rel}","templated":true}]}}