{"id":25400,"date":"2021-05-08T12:17:07","date_gmt":"2021-05-08T10:17:07","guid":{"rendered":"https:\/\/itftkd.sport\/es\/?p=25400"},"modified":"2021-05-11T21:00:46","modified_gmt":"2021-05-11T19:00:46","slug":"reconocimiento-a-los-participantes-del-e-tournament-aetf-open-taekwon-do","status":"publish","type":"post","link":"https:\/\/itftkd.sport\/es\/reconocimiento-a-los-participantes-del-e-tournament-aetf-open-taekwon-do\/","title":{"rendered":"Reconocimiento a los participantes del E-Tournament AETF Open Taekwon-Do"},"content":{"rendered":"\n<p>Estimados \u00c1rbitros, Participantes, Coaches y Padres<\/p>\n\n\n\n<p>Juntos hemos alcanzado otro hito magn\u00edfico en la historia del Taekwon-Do ITF.<\/p>\n\n\n\n<p>Obligados por el Covid-19 a dejar de competir f\u00edsicamente uno contra el otro, todav\u00eda encontramos una manera de medir nuestras habilidades en la competencia.<\/p>\n\n\n\n<p>El a\u00f1o pasado, a la AETF se le ocurri\u00f3 la idea de organizar un Torneo Europeo, despu\u00e9s del exitoso primer E-Tournament, pero tambi\u00e9n abri\u00e9ndolo a toda la comunidad de la ITF.<\/p>\n\n\n\n<p>Fue un gran \u00e9xito con casi 900 participantes que encontraron recompensada la motivaci\u00f3n y el compromiso de seguir form\u00e1ndose.<\/p>\n\n\n\n<p>Muchos de los involucrados probablemente no saben lo que significa realizar un exitoso un Torneo como este.<\/p>\n\n\n\n<p>Se dedicaron muchas horas a la preparaci\u00f3n y ejecuci\u00f3n.<\/p>\n\n\n\n<p>A veces hubo algunos malentendidos sobre c\u00f3mo y qu\u00e9 se ten\u00eda que hacer para que tuviera \u00e9xito y, lamentablemente, algunas personas sufrieron como resultado de la falta de comunicaci\u00f3n.<\/p>\n\n\n\n<p>El equipo organizador ayud\u00f3 a encontrar una soluci\u00f3n donde pudieron, desafortunadamente no pudimos cambiar las reglas una vez que comenz\u00f3 el evento. Esperamos que usted entienda eso, y que sin duda esto ayudar\u00e1 en un futuro a no vacilar en hacer preguntas durante las reuniones antes del inicio, si algo no est\u00e1 claro, por lo que todo es viable para todos antes del inicio.<\/p>\n\n\n\n<p>Nos gustar\u00eda agradecer a los competidores y entrenadores por su participaci\u00f3n y esfuerzo.<\/p>\n\n\n\n<p>Nos gustar\u00eda agradecer a los \u00e1rbitros por sus esfuerzos y las muchas horas de evaluaci\u00f3n para llegar a los ganadores y a la Junta de AETF por apoyar este evento.<\/p>\n\n\n\n<p>Una parte muy importante en toda la organizaci\u00f3n y ejecuci\u00f3n de este E-Tournament es el Maestro Harry Vones, sin su conocimiento y sin sus habilidades en I.T., nada de esto hubiera sido posible. Fue el gran mentor de todos los involucrados en este evento.<\/p>\n\n\n\n<p>Durante muchas horas, a veces hasta altas horas de la noche, estuvo disponible y trabajando para el \u00e9xito del torneo.<\/p>\n\n\n\n<p>Un agradecimiento especial para \u00e9l.<\/p>\n\n\n\n<p>Adem\u00e1s, nos gustar\u00eda agradecer al comit\u00e9 organizador formado por el GM James Tjin a Ton &#8211; Maestros Alexander Dunbar, Gordon Wallace, Coos van den Heuvel &#8211; Mr. Attila Solti y Mr. Leonardo Oros Duek de ITF E-books por su compromiso y experiencia. . Sin estas personas involucradas, no hubiera sido posible.<\/p>\n\n\n\n<p>Un agradecimiento especial tambi\u00e9n para los incansables esfuerzos del equipo de Sportdata bajo el liderazgo inspirado del Sr. Ronald Breiteneder cuyo software hizo posible este tipo de evento.<\/p>\n\n\n\n<p>Esperamos que esta forma de competencia no sea la \u00fanica por mucho tiempo y que podamos volver a encontrarnos como antes del Covid-19.<\/p>\n\n\n\n<p>Una vez m\u00e1s, muchas gracias por hacer posible este gran evento.<\/p>\n\n\n\n<p>En nombre de la AETF,<\/p>\n\n\n\n<p>Maestro Coos van den Heuvel<\/p>\n\n\n\n<p>Presidente interino<\/p>\n\n\n<style>.wp-block-kadence-advancedgallery .kb-gallery-type-masonry.kb-gallery-id-_fb7506-49{margin:-5px;}.kb-gallery-type-masonry.kb-gallery-id-_fb7506-49 .kadence-blocks-gallery-item{padding:5px;}.kb-gallery-id-_fb7506-49 .kadence-blocks-gallery-item .kb-gal-image-radius, .kb-gallery-id-_fb7506-49 .kb-slide-item .kb-gal-image-radius img{border-radius:0px 0px 0px 0px;;}<\/style><div class=\"kb-gallery-wrap-id-_fb7506-49 alignnone wp-block-kadence-advancedgallery\"><ul class=\"kb-gallery-ul kb-gallery-non-static kb-gallery-type-masonry kb-masonry-init kb-gallery-id-_fb7506-49 kb-gallery-caption-style-bottom-hover kb-gallery-filter-none\" data-image-filter=\"none\" data-item-selector=\".kadence-blocks-gallery-item\" data-lightbox-caption=\"true\" data-columns-xxl=\"2\" data-columns-xl=\"2\" data-columns-md=\"2\" data-columns-sm=\"2\" data-columns-xs=\"1\" data-columns-ss=\"1\"><li class=\"kadence-blocks-gallery-item\"><div class=\"kadence-blocks-gallery-item-inner\"><figure class=\"kb-gallery-figure kb-gallery-item-has-link kadence-blocks-gallery-item-hide-caption\"><a href=\"https:\/\/itftkd.sport\/wp-content\/uploads\/2021\/05\/AETF-E-Tournament-4.jpg\" class=\"kb-gallery-item-link\"  ><div class=\"kb-gal-image-radius\" style=\"max-width:852px;\"><div class=\"kb-gallery-image-contain kadence-blocks-gallery-intrinsic\" style=\"padding-bottom:68%;\"><img loading=\"lazy\" decoding=\"async\" src=\"https:\/\/itftkd.sport\/wp-content\/uploads\/2021\/05\/AETF-E-Tournament-4.jpg\" width=\"852\" height=\"581\" alt=\"AETF-E-Tournament-4\" data-full-image=\"https:\/\/itftkd.sport\/wp-content\/uploads\/2021\/05\/AETF-E-Tournament-4.jpg\" data-light-image=\"https:\/\/itftkd.sport\/wp-content\/uploads\/2021\/05\/AETF-E-Tournament-4.jpg\" data-id=\"26019\" class=\"wp-image-26019\"\/><\/div><\/div><\/a><\/figure><\/div><\/li><li class=\"kadence-blocks-gallery-item\"><div class=\"kadence-blocks-gallery-item-inner\"><figure class=\"kb-gallery-figure kb-gallery-item-has-link kadence-blocks-gallery-item-hide-caption\"><a href=\"https:\/\/itftkd.sport\/wp-content\/uploads\/2021\/05\/AETF-E-Tournament-3.jpg\" class=\"kb-gallery-item-link\"  ><div class=\"kb-gal-image-radius\" style=\"max-width:852px;\"><div class=\"kb-gallery-image-contain kadence-blocks-gallery-intrinsic\" style=\"padding-bottom:68%;\"><img loading=\"lazy\" decoding=\"async\" src=\"https:\/\/itftkd.sport\/wp-content\/uploads\/2021\/05\/AETF-E-Tournament-3.jpg\" width=\"852\" height=\"581\" alt=\"AETF-E-Tournament-3\" data-full-image=\"https:\/\/itftkd.sport\/wp-content\/uploads\/2021\/05\/AETF-E-Tournament-3.jpg\" data-light-image=\"https:\/\/itftkd.sport\/wp-content\/uploads\/2021\/05\/AETF-E-Tournament-3.jpg\" data-id=\"26018\" class=\"wp-image-26018\"\/><\/div><\/div><\/a><\/figure><\/div><\/li><li class=\"kadence-blocks-gallery-item\"><div class=\"kadence-blocks-gallery-item-inner\"><figure class=\"kb-gallery-figure kb-gallery-item-has-link kadence-blocks-gallery-item-hide-caption\"><a href=\"https:\/\/itftkd.sport\/wp-content\/uploads\/2021\/05\/AETF-E-Tournament-2.jpg\" class=\"kb-gallery-item-link\"  ><div class=\"kb-gal-image-radius\" style=\"max-width:852px;\"><div class=\"kb-gallery-image-contain kadence-blocks-gallery-intrinsic\" style=\"padding-bottom:68%;\"><img loading=\"lazy\" decoding=\"async\" src=\"https:\/\/itftkd.sport\/wp-content\/uploads\/2021\/05\/AETF-E-Tournament-2.jpg\" width=\"852\" height=\"581\" alt=\"AETF-E-Tournament-2\" data-full-image=\"https:\/\/itftkd.sport\/wp-content\/uploads\/2021\/05\/AETF-E-Tournament-2.jpg\" data-light-image=\"https:\/\/itftkd.sport\/wp-content\/uploads\/2021\/05\/AETF-E-Tournament-2.jpg\" data-id=\"26017\" class=\"wp-image-26017\"\/><\/div><\/div><\/a><\/figure><\/div><\/li><li class=\"kadence-blocks-gallery-item\"><div class=\"kadence-blocks-gallery-item-inner\"><figure class=\"kb-gallery-figure kb-gallery-item-has-link kadence-blocks-gallery-item-hide-caption\"><a href=\"https:\/\/itftkd.sport\/wp-content\/uploads\/2021\/05\/AETF-E-Tournament-1.jpg\" class=\"kb-gallery-item-link\"  ><div class=\"kb-gal-image-radius\" style=\"max-width:852px;\"><div class=\"kb-gallery-image-contain kadence-blocks-gallery-intrinsic\" style=\"padding-bottom:68%;\"><img loading=\"lazy\" decoding=\"async\" src=\"https:\/\/itftkd.sport\/wp-content\/uploads\/2021\/05\/AETF-E-Tournament-1.jpg\" width=\"852\" height=\"581\" alt=\"AETF-E-Tournament-1\" data-full-image=\"https:\/\/itftkd.sport\/wp-content\/uploads\/2021\/05\/AETF-E-Tournament-1.jpg\" data-light-image=\"https:\/\/itftkd.sport\/wp-content\/uploads\/2021\/05\/AETF-E-Tournament-1.jpg\" data-id=\"26016\" class=\"wp-image-26016\"\/><\/div><\/div><\/a><\/figure><\/div><\/li><\/ul><\/div>","protected":false},"excerpt":{"rendered":"<p>Estimados \u00c1rbitros, Participantes, Coaches y Padres Juntos hemos alcanzado otro hito magn\u00edfico en la historia del Taekwon-Do ITF. Obligados por el Covid-19 a dejar de competir f\u00edsicamente uno contra el &hellip;<\/p>\n","protected":false},"author":4,"featured_media":25402,"comment_status":"open","ping_status":"open","sticky":false,"template":"","format":"standard","meta":{"_tec_requires_first_save":true,"_uag_custom_page_level_css":"","_genesis_hide_title":false,"_genesis_hide_breadcrumbs":false,"_genesis_hide_singular_image":false,"_genesis_hide_footer_widgets":false,"_genesis_custom_body_class":"","_genesis_custom_post_class":"","_genesis_layout":"","_EventAllDay":false,"_EventTimezone":"","_EventStartDate":"","_EventEndDate":"","_EventStartDateUTC":"","_EventEndDateUTC":"","_EventShowMap":false,"_EventShowMapLink":false,"_EventURL":"","_EventCost":"","_EventCostDescription":"","_EventCurrencySymbol":"","_EventCurrencyCode":"","_EventCurrencyPosition":"","_EventDateTimeSeparator":"","_EventTimeRangeSeparator":"","_EventOrganizerID":[],"_EventVenueID":[0],"_OrganizerEmail":"","_OrganizerPhone":"","_OrganizerWebsite":"","_VenueAddress":"","_VenueCity":"","_VenueCountry":"","_VenueProvince":"","_VenueState":"","_VenueZip":"","_VenuePhone":"","_VenueURL":"","_VenueStateProvince":"","_VenueLat":"","_VenueLng":"","_VenueShowMap":false,"_VenueShowMapLink":false,"_tribe_blocks_recurrence_rules":"","_tribe_blocks_recurrence_description":"","_tribe_blocks_recurrence_exclusions":"","editor_notices":[],"footnotes":""},"categories":[132,131,6],"tags":[],"class_list":["post-25400","post","type-post","status-publish","format-standard","has-post-thumbnail","category-destacadas","category-noticias-institucionales","category-noticias-regionales","entry"],"featured_image_src":"https:\/\/itftkd.sport\/es\/wp-content\/uploads\/sites\/7\/2021\/05\/Featured-image-Reconocimiento-AETF-E-Tournament-Coos-van-den-Heuvel-600x400.jpg","featured_image_src_square":"https:\/\/itftkd.sport\/es\/wp-content\/uploads\/sites\/7\/2021\/05\/Featured-image-Reconocimiento-AETF-E-Tournament-Coos-van-den-Heuvel-600x600.jpg","author_info":{"display_name":"FABIAN ITF","author_link":"https:\/\/itftkd.sport\/es\/author\/fabian-itf\/"},"uagb_featured_image_src":{"full":["https:\/\/itftkd.sport\/es\/wp-content\/uploads\/sites\/7\/2021\/05\/Featured-image-Reconocimiento-AETF-E-Tournament-Coos-van-den-Heuvel.jpg",800,600,false],"thumbnail":["https:\/\/itftkd.sport\/es\/wp-content\/uploads\/sites\/7\/2021\/05\/Featured-image-Reconocimiento-AETF-E-Tournament-Coos-van-den-Heuvel-150x150.jpg",150,150,true],"medium":["https:\/\/itftkd.sport\/es\/wp-content\/uploads\/sites\/7\/2021\/05\/Featured-image-Reconocimiento-AETF-E-Tournament-Coos-van-den-Heuvel-300x225.jpg",300,225,true],"medium_large":["https:\/\/itftkd.sport\/es\/wp-content\/uploads\/sites\/7\/2021\/05\/Featured-image-Reconocimiento-AETF-E-Tournament-Coos-van-den-Heuvel-768x576.jpg",768,576,true],"large":["https:\/\/itftkd.sport\/es\/wp-content\/uploads\/sites\/7\/2021\/05\/Featured-image-Reconocimiento-AETF-E-Tournament-Coos-van-den-Heuvel.jpg",800,600,false],"1536x1536":["https:\/\/itftkd.sport\/es\/wp-content\/uploads\/sites\/7\/2021\/05\/Featured-image-Reconocimiento-AETF-E-Tournament-Coos-van-den-Heuvel.jpg",800,600,false],"2048x2048":["https:\/\/itftkd.sport\/es\/wp-content\/uploads\/sites\/7\/2021\/05\/Featured-image-Reconocimiento-AETF-E-Tournament-Coos-van-den-Heuvel.jpg",800,600,false],"banner":["https:\/\/itftkd.sport\/es\/wp-content\/uploads\/sites\/7\/2021\/05\/Featured-image-Reconocimiento-AETF-E-Tournament-Coos-van-den-Heuvel-800x533.jpg",800,533,true],"section":["https:\/\/itftkd.sport\/es\/wp-content\/uploads\/sites\/7\/2021\/05\/Featured-image-Reconocimiento-AETF-E-Tournament-Coos-van-den-Heuvel.jpg",800,600,false],"full-width":["https:\/\/itftkd.sport\/es\/wp-content\/uploads\/sites\/7\/2021\/05\/Featured-image-Reconocimiento-AETF-E-Tournament-Coos-van-den-Heuvel.jpg",800,600,false],"featured":["https:\/\/itftkd.sport\/es\/wp-content\/uploads\/sites\/7\/2021\/05\/Featured-image-Reconocimiento-AETF-E-Tournament-Coos-van-den-Heuvel.jpg",800,600,false],"one-half":["https:\/\/itftkd.sport\/es\/wp-content\/uploads\/sites\/7\/2021\/05\/Featured-image-Reconocimiento-AETF-E-Tournament-Coos-van-den-Heuvel-550x413.jpg",550,413,true],"one-third":["https:\/\/itftkd.sport\/es\/wp-content\/uploads\/sites\/7\/2021\/05\/Featured-image-Reconocimiento-AETF-E-Tournament-Coos-van-den-Heuvel-350x263.jpg",350,263,true],"one-fourth":["https:\/\/itftkd.sport\/es\/wp-content\/uploads\/sites\/7\/2021\/05\/Featured-image-Reconocimiento-AETF-E-Tournament-Coos-van-den-Heuvel-260x195.jpg",260,195,true],"tiny":["https:\/\/itftkd.sport\/es\/wp-content\/uploads\/sites\/7\/2021\/05\/Featured-image-Reconocimiento-AETF-E-Tournament-Coos-van-den-Heuvel-80x80.jpg",80,80,true],"ab-block-post-grid-landscape":["https:\/\/itftkd.sport\/es\/wp-content\/uploads\/sites\/7\/2021\/05\/Featured-image-Reconocimiento-AETF-E-Tournament-Coos-van-den-Heuvel-600x400.jpg",600,400,true],"ab-block-post-grid-square":["https:\/\/itftkd.sport\/es\/wp-content\/uploads\/sites\/7\/2021\/05\/Featured-image-Reconocimiento-AETF-E-Tournament-Coos-van-den-Heuvel-600x600.jpg",600,600,true],"gform-image-choice-sm":["https:\/\/itftkd.sport\/es\/wp-content\/uploads\/sites\/7\/2021\/05\/Featured-image-Reconocimiento-AETF-E-Tournament-Coos-van-den-Heuvel.jpg",300,225,false],"gform-image-choice-md":["https:\/\/itftkd.sport\/es\/wp-content\/uploads\/sites\/7\/2021\/05\/Featured-image-Reconocimiento-AETF-E-Tournament-Coos-van-den-Heuvel.jpg",400,300,false],"gform-image-choice-lg":["https:\/\/itftkd.sport\/es\/wp-content\/uploads\/sites\/7\/2021\/05\/Featured-image-Reconocimiento-AETF-E-Tournament-Coos-van-den-Heuvel.jpg",600,450,false]},"uagb_author_info":{"display_name":"FABIAN ITF","author_link":"https:\/\/itftkd.sport\/es\/author\/fabian-itf\/"},"uagb_comment_info":0,"uagb_excerpt":"Estimados \u00c1rbitros, Participantes, Coaches y Padres Juntos hemos alcanzado otro hito magn\u00edfico en la historia del Taekwon-Do ITF. Obligados por el Covid-19 a dejar de competir f\u00edsicamente uno contra el &hellip;","_links":{"self":[{"href":"https:\/\/itftkd.sport\/es\/wp-json\/wp\/v2\/posts\/25400","targetHints":{"allow":["GET"]}}],"collection":[{"href":"https:\/\/itftkd.sport\/es\/wp-json\/wp\/v2\/posts"}],"about":[{"href":"https:\/\/itftkd.sport\/es\/wp-json\/wp\/v2\/types\/post"}],"author":[{"embeddable":true,"href":"https:\/\/itftkd.sport\/es\/wp-json\/wp\/v2\/users\/4"}],"replies":[{"embeddable":true,"href":"https:\/\/itftkd.sport\/es\/wp-json\/wp\/v2\/comments?post=25400"}],"version-history":[{"count":2,"href":"https:\/\/itftkd.sport\/es\/wp-json\/wp\/v2\/posts\/25400\/revisions"}],"predecessor-version":[{"id":25415,"href":"https:\/\/itftkd.sport\/es\/wp-json\/wp\/v2\/posts\/25400\/revisions\/25415"}],"wp:featuredmedia":[{"embeddable":true,"href":"https:\/\/itftkd.sport\/es\/wp-json\/wp\/v2\/media\/25402"}],"wp:attachment":[{"href":"https:\/\/itftkd.sport\/es\/wp-json\/wp\/v2\/media?parent=25400"}],"wp:term":[{"taxonomy":"category","embeddable":true,"href":"https:\/\/itftkd.sport\/es\/wp-json\/wp\/v2\/categories?post=25400"},{"taxonomy":"post_tag","embeddable":true,"href":"https:\/\/itftkd.sport\/es\/wp-json\/wp\/v2\/tags?post=25400"}],"curies":[{"name":"wp","href":"https:\/\/api.w.org\/{rel}","templated":true}]}}