{"id":25271,"date":"2021-04-10T17:00:00","date_gmt":"2021-04-10T15:00:00","guid":{"rendered":"https:\/\/itftkd.sport\/es\/?p=25271"},"modified":"2021-04-12T16:47:37","modified_gmt":"2021-04-12T14:47:37","slug":"11-04-1955-11-04-2021-tkd-para-todos","status":"publish","type":"post","link":"https:\/\/itftkd.sport\/es\/11-04-1955-11-04-2021-tkd-para-todos\/","title":{"rendered":"11.04.1955 &#8211; 11.04.2021 = TKD para todos"},"content":{"rendered":"\n<p><strong>Queridos miembros<\/strong><\/p>\n\n\n\n<p>Cuando el General Choi Hong-Hi present\u00f3 su Taekwon-Do al p\u00fablico el 11.04.1955, \u00e9l mismo no esperaba que se extendiera tan r\u00e1pidamente por todo el mundo.<\/p>\n\n\n\n<p>Hoy, 66 a\u00f1os despu\u00e9s, es justo decir que es una de las artes marciales m\u00e1s populares del mundo.<\/p>\n\n\n\n<p>Miembros de m\u00e1s de 120 pa\u00edses miembros de todos los continentes dan testimonio de ello.<\/p>\n\n\n\n<p>Comenzando como entrenamiento militar y promocion\u00e1ndolo para la poblaci\u00f3n civil a trav\u00e9s de los equipos de demostraci\u00f3n, el Taekwon-Do hoy no es solo una competencia para unos pocos, sino que atrae a todos los grupos sociales. Esto lo demuestra el n\u00famero de miembros en todos los grupos de edad. El atractivo de este arte marcial, debido a su versatilidad, se refleja especialmente en los miembros m\u00e1s j\u00f3venes (aprox. 57% ni\u00f1os), pero tambi\u00e9n en la generaci\u00f3n mayor (50 a\u00f1os o m\u00e1s). Mientras tanto, seg\u00fan una encuesta reciente, la proporci\u00f3n de mujeres ha aumentado al 21% e incluso las personas con alg\u00fan d\u00e9ficit de salud, ya representan el 5%.<\/p>\n\n\n\n<p>El Taekwon-Do del general Choi ha cambiado porque tambi\u00e9n se ha adaptado a las cambiantes condiciones sociales y, por lo tanto, se ha vuelto a\u00fan m\u00e1s atractivo sin haber perdido su identidad. Debemos continuar por este camino incluso en estos tiempos dif\u00edciles para honrar el legado del fundador.<\/p>\n\n\n\n<p>Saludos a todos con respeto.<\/p>\n\n\n\n<p>GM Paul Weiler<br>Presidente de la ITF <\/p>\n","protected":false},"excerpt":{"rendered":"<p>Queridos miembros<br \/>\nCuando el General Choi Hong-Hi present\u00f3 su Taekwon-Do al p\u00fablico el 11.04.1955, \u00e9l mismo no esperaba que se extendiera tan r\u00e1pidamente por todo el mundo.<\/p>\n","protected":false},"author":4,"featured_media":23309,"comment_status":"open","ping_status":"open","sticky":false,"template":"","format":"standard","meta":{"_tec_requires_first_save":true,"_uag_custom_page_level_css":"","_genesis_hide_title":false,"_genesis_hide_breadcrumbs":false,"_genesis_hide_singular_image":false,"_genesis_hide_footer_widgets":false,"_genesis_custom_body_class":"","_genesis_custom_post_class":"","_genesis_layout":"","_EventAllDay":false,"_EventTimezone":"","_EventStartDate":"","_EventEndDate":"","_EventStartDateUTC":"","_EventEndDateUTC":"","_EventShowMap":false,"_EventShowMapLink":false,"_EventURL":"","_EventCost":"","_EventCostDescription":"","_EventCurrencySymbol":"","_EventCurrencyCode":"","_EventCurrencyPosition":"","_EventDateTimeSeparator":"","_EventTimeRangeSeparator":"","_EventOrganizerID":[],"_EventVenueID":[],"_OrganizerEmail":"","_OrganizerPhone":"","_OrganizerWebsite":"","_VenueAddress":"","_VenueCity":"","_VenueCountry":"","_VenueProvince":"","_VenueState":"","_VenueZip":"","_VenuePhone":"","_VenueURL":"","_VenueStateProvince":"","_VenueLat":"","_VenueLng":"","_VenueShowMap":false,"_VenueShowMapLink":false,"_tribe_blocks_recurrence_rules":"","_tribe_blocks_recurrence_description":"","_tribe_blocks_recurrence_exclusions":"","editor_notices":[],"footnotes":""},"categories":[132,7],"tags":[],"class_list":["post-25271","post","type-post","status-publish","format-standard","has-post-thumbnail","category-destacadas","category-mensajes-del-presidente","entry"],"featured_image_src":"https:\/\/itftkd.sport\/es\/wp-content\/uploads\/sites\/7\/2020\/09\/04-Mensaje-del-Presidente-600x400.jpg","featured_image_src_square":"https:\/\/itftkd.sport\/es\/wp-content\/uploads\/sites\/7\/2020\/09\/04-Mensaje-del-Presidente-600x600.jpg","author_info":{"display_name":"FABIAN ITF","author_link":"https:\/\/itftkd.sport\/es\/author\/fabian-itf\/"},"uagb_featured_image_src":{"full":["https:\/\/itftkd.sport\/es\/wp-content\/uploads\/sites\/7\/2020\/09\/04-Mensaje-del-Presidente.jpg",800,600,false],"thumbnail":["https:\/\/itftkd.sport\/es\/wp-content\/uploads\/sites\/7\/2020\/09\/04-Mensaje-del-Presidente-150x150.jpg",150,150,true],"medium":["https:\/\/itftkd.sport\/es\/wp-content\/uploads\/sites\/7\/2020\/09\/04-Mensaje-del-Presidente-300x225.jpg",300,225,true],"medium_large":["https:\/\/itftkd.sport\/es\/wp-content\/uploads\/sites\/7\/2020\/09\/04-Mensaje-del-Presidente-768x576.jpg",768,576,true],"large":["https:\/\/itftkd.sport\/es\/wp-content\/uploads\/sites\/7\/2020\/09\/04-Mensaje-del-Presidente.jpg",800,600,false],"1536x1536":["https:\/\/itftkd.sport\/es\/wp-content\/uploads\/sites\/7\/2020\/09\/04-Mensaje-del-Presidente.jpg",800,600,false],"2048x2048":["https:\/\/itftkd.sport\/es\/wp-content\/uploads\/sites\/7\/2020\/09\/04-Mensaje-del-Presidente.jpg",800,600,false],"banner":["https:\/\/itftkd.sport\/es\/wp-content\/uploads\/sites\/7\/2020\/09\/04-Mensaje-del-Presidente-800x533.jpg",800,533,true],"section":["https:\/\/itftkd.sport\/es\/wp-content\/uploads\/sites\/7\/2020\/09\/04-Mensaje-del-Presidente.jpg",800,600,false],"full-width":["https:\/\/itftkd.sport\/es\/wp-content\/uploads\/sites\/7\/2020\/09\/04-Mensaje-del-Presidente.jpg",800,600,false],"featured":["https:\/\/itftkd.sport\/es\/wp-content\/uploads\/sites\/7\/2020\/09\/04-Mensaje-del-Presidente.jpg",800,600,false],"one-half":["https:\/\/itftkd.sport\/es\/wp-content\/uploads\/sites\/7\/2020\/09\/04-Mensaje-del-Presidente-550x413.jpg",550,413,true],"one-third":["https:\/\/itftkd.sport\/es\/wp-content\/uploads\/sites\/7\/2020\/09\/04-Mensaje-del-Presidente-350x263.jpg",350,263,true],"one-fourth":["https:\/\/itftkd.sport\/es\/wp-content\/uploads\/sites\/7\/2020\/09\/04-Mensaje-del-Presidente-260x195.jpg",260,195,true],"tiny":["https:\/\/itftkd.sport\/es\/wp-content\/uploads\/sites\/7\/2020\/09\/04-Mensaje-del-Presidente-80x80.jpg",80,80,true],"ab-block-post-grid-landscape":["https:\/\/itftkd.sport\/es\/wp-content\/uploads\/sites\/7\/2020\/09\/04-Mensaje-del-Presidente-600x400.jpg",600,400,true],"ab-block-post-grid-square":["https:\/\/itftkd.sport\/es\/wp-content\/uploads\/sites\/7\/2020\/09\/04-Mensaje-del-Presidente-600x600.jpg",600,600,true],"gform-image-choice-sm":["https:\/\/itftkd.sport\/es\/wp-content\/uploads\/sites\/7\/2020\/09\/04-Mensaje-del-Presidente.jpg",300,225,false],"gform-image-choice-md":["https:\/\/itftkd.sport\/es\/wp-content\/uploads\/sites\/7\/2020\/09\/04-Mensaje-del-Presidente.jpg",400,300,false],"gform-image-choice-lg":["https:\/\/itftkd.sport\/es\/wp-content\/uploads\/sites\/7\/2020\/09\/04-Mensaje-del-Presidente.jpg",600,450,false]},"uagb_author_info":{"display_name":"FABIAN ITF","author_link":"https:\/\/itftkd.sport\/es\/author\/fabian-itf\/"},"uagb_comment_info":0,"uagb_excerpt":"Queridos miembros Cuando el General Choi Hong-Hi present\u00f3 su Taekwon-Do al p\u00fablico el 11.04.1955, \u00e9l mismo no esperaba que se extendiera tan r\u00e1pidamente por todo el mundo.","_links":{"self":[{"href":"https:\/\/itftkd.sport\/es\/wp-json\/wp\/v2\/posts\/25271","targetHints":{"allow":["GET"]}}],"collection":[{"href":"https:\/\/itftkd.sport\/es\/wp-json\/wp\/v2\/posts"}],"about":[{"href":"https:\/\/itftkd.sport\/es\/wp-json\/wp\/v2\/types\/post"}],"author":[{"embeddable":true,"href":"https:\/\/itftkd.sport\/es\/wp-json\/wp\/v2\/users\/4"}],"replies":[{"embeddable":true,"href":"https:\/\/itftkd.sport\/es\/wp-json\/wp\/v2\/comments?post=25271"}],"version-history":[{"count":3,"href":"https:\/\/itftkd.sport\/es\/wp-json\/wp\/v2\/posts\/25271\/revisions"}],"predecessor-version":[{"id":25283,"href":"https:\/\/itftkd.sport\/es\/wp-json\/wp\/v2\/posts\/25271\/revisions\/25283"}],"wp:featuredmedia":[{"embeddable":true,"href":"https:\/\/itftkd.sport\/es\/wp-json\/wp\/v2\/media\/23309"}],"wp:attachment":[{"href":"https:\/\/itftkd.sport\/es\/wp-json\/wp\/v2\/media?parent=25271"}],"wp:term":[{"taxonomy":"category","embeddable":true,"href":"https:\/\/itftkd.sport\/es\/wp-json\/wp\/v2\/categories?post=25271"},{"taxonomy":"post_tag","embeddable":true,"href":"https:\/\/itftkd.sport\/es\/wp-json\/wp\/v2\/tags?post=25271"}],"curies":[{"name":"wp","href":"https:\/\/api.w.org\/{rel}","templated":true}]}}