{"id":25254,"date":"2021-04-11T02:39:43","date_gmt":"2021-04-11T00:39:43","guid":{"rendered":"https:\/\/itftkd.sport\/es\/?p=25254"},"modified":"2021-04-12T16:45:03","modified_gmt":"2021-04-12T14:45:03","slug":"la-historia-del-taekwon-do-taekwon-do-yoksa","status":"publish","type":"post","link":"https:\/\/itftkd.sport\/es\/la-historia-del-taekwon-do-taekwon-do-yoksa\/","title":{"rendered":"La historia del Taekwon-Do (Taekwon-Do Yoksa)"},"content":{"rendered":"\n<p><em><strong>Extra\u00eddo de la Enciclopedia de Taekwon-Do escrita por el General Choi Hong Hi. Volumen 1, p\u00e1gina 38 y siguientes.<\/strong><\/em><\/p>\n\n\n\n<p>A pesar de que los or\u00edgenes de las artes marciales est\u00e9n rodeados de misterios, consideramos que desde tiempos inmemoriales hubieron acciones f\u00edsicas que implicaban el uso de las manos y los pies, para un prop\u00f3sito de autodefensa.<\/p>\n\n\n\n<p>Si tuvi\u00e9ramos que definir estas acciones f\u00edsicas como Taekwon-Do, todos los pa\u00edses podr\u00edan presentarse como los inventores del Taekwon-Do. Sin embargo, hay pocas semejanzas entre el Taekwon-Do que se practica hoy, y las formas primarias de lucha sin armas, desarrolladas en el pasado.<\/p>\n\n\n\n<p>El Taekwon-Do moderno se diferencia mucho de las otras artes marciales. En realidad, ning\u00fan otro arte marcial es tan avanzado en lo que se refiere a lo sofisticado y a la eficacia de sus t\u00e9cnicas, o al bienestar f\u00edsico general que genera en los practicantes.<\/p>\n\n\n\n<p>Es un error pensar que todas las acciones f\u00edsicas realizadas utilizando las manos y los pies para la autodefensa, son Taekwon-Do, puesto que las teor\u00edas, la terminolog\u00eda, las t\u00e9cnicas, el sistema, los m\u00e9todos, las reglas, el traje de pr\u00e1ctica y el fundamento espiritual, fueron cient\u00edficamente desarrollados, sistematizados y nombrados por el autor. S\u00f3lo los que practican t\u00e9cnicas basadas sobre las teor\u00edas, los principios y la filosof\u00eda del autor, pueden ser considerados como verdaderos estudiantes de Taekwon-Do.<\/p>\n\n\n\n<div class=\"wp-block-image\"><figure class=\"aligncenter size-large is-resized\"><img loading=\"lazy\" decoding=\"async\" src=\"https:\/\/itftkd.sport\/es\/wp-content\/uploads\/sites\/7\/2021\/04\/Gral-Choi-11th-April-1995-TKD-Anniversary-1024x868.jpg\" alt=\"Gral-Choi-11-abril-1995-TKD-Aniversario\" class=\"wp-image-25266\" width=\"512\" height=\"434\" srcset=\"https:\/\/itftkd.sport\/es\/wp-content\/uploads\/sites\/7\/2021\/04\/Gral-Choi-11th-April-1995-TKD-Anniversary-1024x868.jpg 1024w, https:\/\/itftkd.sport\/es\/wp-content\/uploads\/sites\/7\/2021\/04\/Gral-Choi-11th-April-1995-TKD-Anniversary-300x254.jpg 300w\" sizes=\"auto, (max-width: 512px) 100vw, 512px\" \/><figcaption>El general Choi Hong Hi en busca de datos hist\u00f3ricos de artes marciales.<\/figcaption><\/figure><\/div>\n\n\n\n<h2 class=\"wp-block-heading\">\u00bfCu\u00e1ndo y d\u00f3nde empez\u00f3 el Taekwon-Do?<\/h2>\n\n\n\n<p>Un conjunto de circunstancias hicieron posible que se origine y desarrolle el Taekwon-Do. Adem\u00e1s de mi conocimiento anterior de Taekkyon, tuve la oportunidad de aprender Karate en Jap\u00f3n durante los tristes 36 a\u00f1os que mi pa\u00eds estuvo ocupado por los japoneses. <\/p>\n\n\n\n<p>Poco despu\u00e9s que Corea fuera liberada en 1945, me encontr\u00e9 en la posici\u00f3n privilegiada de ser miembro fundador de las reci\u00e9n formadas Fuerzas Armadas de Corea del Sur.<\/p>\n\n\n\n<p>As\u00ed, por un lado adquir\u00ed un sentido de creaci\u00f3n, mientras que por otro lado recib\u00ed el poder para diseminar el Taekwon-Do a trav\u00e9s de todas las fuerzas armadas, a pesar de una furiosa oposici\u00f3n.<\/p>\n\n\n\n<p>El surgimiento del Taekwon-Do como un arte marcial internacional en un corto plazo, se debi\u00f3 a varios factores.<\/p>\n\n\n\n<p>Los demonios de la sociedad contempor\u00e1nea (corrupci\u00f3n moral, materialismo, ego\u00edsmo&#8230;) han creado un vac\u00edo espiritual. El Taekwon-Do era capaz de compensar ese sentimiento de vac\u00edo, decadencia y falta de confianza.<\/p>\n\n\n\n<p>Adem\u00e1s, eran tiempos muy violentos, cuando el pueblo sent\u00eda la necesidad de dominar un m\u00e9todo de protecci\u00f3n, la superioridad de la t\u00e9cnica de Taekwon-Do lleg\u00f3 a ser muy reconocida.<\/p>\n\n\n\n<p>Mi estatus social, las ventajas de ser el fundador del Taekwon-Do y mi buena salud, tambi\u00e9n contribuyeron al r\u00e1pido crecimiento del Taekwon-Do por todo el mundo.<\/p>\n\n\n\n<p>Mi pr\u00e1ctica de las artes marciales hicieron mucho para mejorar la salud que Dios me dio. Nac\u00ed enfermizo y d\u00e9bil, y mi profesor de caligraf\u00eda me incit\u00f3 a aprender Taekkyon cuando ten\u00eda 15 a\u00f1os. <\/p>\n\n\n\n<p>En 1938, pocos d\u00edas antes de salir de Corea para ir a estudiar a Jap\u00f3n, ocurri\u00f3 un incidente imprevisto, en el cual fui implicado y por el que mi regreso a Corea me har\u00eda correr el riesgo de represalias en mi contra.<\/p>\n\n\n\n<p>Decid\u00ed llegar a ser cintur\u00f3n negro de Karate cuando estaba en Jap\u00f3n.<\/p>\n\n\n\n<div class=\"wp-block-image\"><figure class=\"aligncenter size-large is-resized\"><img loading=\"lazy\" decoding=\"async\" src=\"https:\/\/itftkd.sport\/es\/wp-content\/uploads\/sites\/7\/2021\/04\/Gral-Choi-Callygraphy-page41-vol-1-273x1024.jpg\" alt=\"Gral-Choi-Caligraf\u00eda-p\u00e1gina41-vol-1\" class=\"wp-image-25267\" width=\"205\" height=\"768\" srcset=\"https:\/\/itftkd.sport\/es\/wp-content\/uploads\/sites\/7\/2021\/04\/Gral-Choi-Callygraphy-page41-vol-1-273x1024.jpg 273w, https:\/\/itftkd.sport\/es\/wp-content\/uploads\/sites\/7\/2021\/04\/Gral-Choi-Callygraphy-page41-vol-1-80x300.jpg 80w\" sizes=\"auto, (max-width: 205px) 100vw, 205px\" \/><figcaption>La vida y el trabajo se vuelven uno.<\/figcaption><\/figure><\/div>\n\n\n\n<p>Pensaba que esas t\u00e9cnicas constitu\u00edan una protecci\u00f3n suficiente contra los que quisieran hacerme da\u00f1o. No pod\u00eda regresar a Corea y adem\u00e1s, m\u00e1s tarde inici\u00e9 el movimiento de liberaci\u00f3n nacional conocido como el incidente de los soldados estudiantes de Pyongyang. Me pusieron en una prisi\u00f3n militar japonesa durante cierto tiempo.<\/p>\n\n\n\n<p>En enero de 1946, recib\u00ed el grado de subteniente en la reci\u00e9n nacida Rep\u00fablica de Corea y fui destinado al 4\u00ba regimiento de infanter\u00eda de Kwangju, en la provincia de Cholla del sur, como Comandante de compa\u00f1\u00eda.<\/p>\n\n\n\n<p>Empec\u00e9 a ense\u00f1ar Karate a mis soldados como medio de entrenamiento f\u00edsico y mental. Entonces comprend\u00ed que ten\u00edamos que desarrollar nuestro propio arte marcial nacional, superior en esp\u00edritu y t\u00e9cnica al Karate japon\u00e9s.<\/p>\n\n\n\n<p>Estaba fuertemente convencido de que el hecho de ense\u00f1arlo por todo el pa\u00eds, me permitir\u00eda realizar la promesa que hab\u00eda hecho a mis tres compa\u00f1eros, quienes compartieron mi encarcelamiento por causa de los japoneses.<\/p>\n\n\n\n<p>La raz\u00f3n por la cual nuestro pueblo sufre as\u00ed en las manos de los japoneses, dije yo, es que nuestros antepasados fallaron en dirigirnos con sabidur\u00eda. Han explotado al pueblo y, finalmente, perdieron el pa\u00eds ante la dominaci\u00f3n extranjera.<\/p>\n\n\n\n<p>Si un d\u00eda recuperamos nuestra libertad e independencia, no seamos los dirigentes del pueblo. Por el contrario, dediqu\u00e9monos a aconsejar a quienes gobiernan.<\/p>\n\n\n\n<p>Fue con esa ambici\u00f3n que empec\u00e9 a desarrollar nuevas t\u00e9cnicas, de manera sistem\u00e1tica, a partir de marzo del mismo a\u00f1o.<\/p>\n\n\n\n<p>Al final de 1954, casi hab\u00eda terminado de crear un nuevo arte marcial para Corea, y el 11 de abril de 1955, \u00e9ste recibi\u00f3 el nombre de \u00abTaekwon-Do\u00bb.<\/p>\n\n\n\n<p>A nivel espiritual, el Taekwon-Do es el resultado de los principios tradicionales, \u00e9ticos y morales de Oriente, adem\u00e1s, claro est\u00e1, de mi filosof\u00eda personal.<\/p>\n\n\n\n<div class=\"wp-block-image\"><figure class=\"alignright size-large is-resized\"><img loading=\"lazy\" decoding=\"async\" src=\"https:\/\/itftkd.sport\/es\/wp-content\/uploads\/sites\/7\/2021\/04\/Gral-Choi-Callygraphy-TKD-Korean-characters-291x1024.jpg\" alt=\"Gral-Choi-Caligraf\u00eda-TKD-Caracteres-coreanos\" class=\"wp-image-25269\" width=\"146\" height=\"512\" \/><figcaption>Taekwon-Do en caracteres coreanos.<\/figcaption><\/figure><\/div>\n\n\n\n<p>Aunque solo mido cinco pies de altura, me enorgullezco por haber vivido en concordancia estricta con mis convicciones morales.<\/p>\n\n\n\n<p>Intent\u00e9 luchar del lado de la justicia sin ning\u00fan temor.<\/p>\n\n\n\n<p>Esto me fue posible gracias a la formidable potencia y al esp\u00edritu indomable transmitidos por el Taekwon-Do.<\/p>\n\n\n\n<p>Las t\u00e9cnicas f\u00edsicas del Taekwon-Do se basan en los principios de la ciencia moderna, en particular de la f\u00edsica de Newton, quien nos ense\u00f1a el modo de generar m\u00e1xima potencia. <\/p>\n\n\n\n<p>Tambi\u00e9n fueron incorporadas t\u00e1cticas militares de ataque y defensa.<\/p>\n\n\n\n<p>Quisiera precisar que, aunque el Karate y el Taek Kyon fueron utilizados como referencia en el curso de mi estudio, las teor\u00edas y los principios fundamentales del Taekwon-Do son totalmente diferentes del de las otras artes marciales existentes.<\/p>\n\n\n\n<p>En marzo de 1959, llev\u00e9 al equipo militar para dar una demostraci\u00f3n de Taekwon-Do por el extranjero. Visitamos Vietnam del Sur y Taiw\u00e1n. Fue el primer viaje de este tipo en la historia de Corea. <\/p>\n\n\n\n<p>En esa ocasi\u00f3n, reiter\u00e9 mi resoluci\u00f3n de dejar mi legado personal al mundo, bajo la forma del Taekwon-Do, y formul\u00e9 los ideales b\u00e1sicos siguientes para los practicantes:<\/p>\n\n\n\n<ol class=\"wp-block-list\"><li>Desarrolla una mente recta y un cuerpo fuerte, para darte la confianza, para estar siempre del lado de la justicia.<\/li><li>Debemos unirnos con todos los hombres en una hermandad de sangre, sin importarnos la religi\u00f3n, raza, nacionalidad o las ideolog\u00edas.<\/li><li>Debemos dedicarnos a construir una sociedad pac\u00edfica donde la justicia, moralidad, honestidad y el humanismo prevalezcan.<\/li><\/ol>\n\n\n\n<div class=\"wp-block-image\"><figure class=\"alignleft size-large is-resized\"><img loading=\"lazy\" decoding=\"async\" src=\"https:\/\/itftkd.sport\/es\/wp-content\/uploads\/sites\/7\/2021\/04\/Gral-Choi-Callygraphy-TKD-Chinese-characters-291x1024.jpg\" alt=\"Gral-Choi-Caligraf\u00eda-TKD-caracteres-chinos\" class=\"wp-image-25268\" width=\"146\" height=\"512\" \/><figcaption>Taekwon-Do en caracteres chinos.<\/figcaption><\/figure><\/div>\n\n\n\n<p>Tambi\u00e9n resolv\u00ed dedicarme a la difusi\u00f3n mundial del Taekwon-Do, con la sincera esperanza de que ello contribuir\u00e1 a la unificaci\u00f3n de mi dividida madre patria.<\/p>\n\n\n\n<p>Mi estudio del Taekwon-Do fue de dos tipos: disciplina espiritual y perfecci\u00f3n t\u00e9cnica. Debido a que el esp\u00edritu humano pertenece al reino metaf\u00edsico, lo que quiero significar al hablar de disciplina espiritual, no es f\u00e1cil de describir. No se puede tocar, ver o entender el esp\u00edritu del hombre.<\/p>\n\n\n\n<p>Es m\u00e1s profundo y ancho que todo lo perceptible.<\/p>\n\n\n\n<p>Con respecto a eso, yo mismo s\u00f3lo soy un estudiante que participa en un proceso cont\u00ednuo y nunca termino de estudiar.<\/p>\n\n\n\n<p>Llegu\u00e9 a definir las dimensiones espirituales del Taekwon-Do como el hecho de fusionarse con los ideales del Taekwon-Do y llegar a comprender el sentido completo de las formas del Taekwon-Do.<\/p>\n\n\n\n<p>Si nos consideramos uno con el Taekwon-Do, lo respetaremos tal como respetamos nuestro cuerpo y nunca se emplear\u00e1 el Taekwon-Do de un modo deshonroso.<\/p>\n\n\n\n<p>Los nombres de las Formas provienen de los personajes m\u00e1s famosos que escribieron los casi 5.000 a\u00f1os de la historia coreana. Una comprensi\u00f3n correcta de las formas lleva inevitablemente a apreciar que el Taekwon-Do es un arte marcial que s\u00f3lo se utiliza para la autodefensa y por la causa de la justicia.<\/p>\n\n\n\n<p>La historia de Corea no contiene ni un ejemplo en el cual sus fuerzas militares hubieran sido empleadas para invadir a su vecino o para un prop\u00f3sito que no sea la defensa nacional.<\/p>\n\n\n\n<p>En el aspecto t\u00e9cnico, he creado una amplia variedad de t\u00e9cnicas que se pueden utilizar en casi todas las situaciones, y que se basan en los siguientes principios:<\/p>\n\n\n\n<ol class=\"wp-block-list\"><li>Cada movimiento tiene como objetivo producir la potencia m\u00e1xima de acuerdo con las f\u00f3rmulas cient\u00edficas y el principio de energ\u00eda cin\u00e9tica.<\/li><li>Los principios detr\u00e1s de las t\u00e9cnicas tienen que ser tan claros que hasta quienes no conocen el Taekwon-Do, sean capaces de distinguir un movimiento correcto de otro incorrecto.<\/li><li>La distancia y el \u00e1ngulo de cada movimiento deben ser exactamente definidos a fin de realizar un ataque o una defensa m\u00e1s eficaz.<\/li><li>El prop\u00f3sito y el m\u00e9todo de cada movimiento tienen que ser sencillos y claros, para facilitar su ense\u00f1anza y el proceso de aprendizaje.<\/li><li>M\u00e9todos de ense\u00f1anza racionales deben ser desarrollados para que todos, j\u00f3venes y ancianos, mujeres y hombres, puedan gozar de los beneficios del Taekwon-Do.<\/li><li>M\u00e9todos correctos de respiraci\u00f3n tienen que ser ense\u00f1ados, incrementando la velocidad de cada movimiento y reduciendo el cansancio.<\/li><li>El ataque debe ser posible contra cualquier punto vital del cuerpo, y debe ser posible defenderse contra todas las variedades de ataques.<\/li><li>Se debe definir cada herramienta de ataque claramente y en funci\u00f3n de la estructura del cuerpo humano.<\/li><li>Cada movimiento debe ser f\u00e1cil de ejecutar, permitiendo a los estudiantes disfrutar del Taekwon-Do tambi\u00e9n como un deporte y una recreaci\u00f3n.<\/li><li>Debe darse una consideraci\u00f3n especial a la promoci\u00f3n de la salud y a la prevenci\u00f3n de lesiones.<\/li><li>Cada movimiento debe ser armonioso y r\u00edtmico para que el Taekwon-Do sea est\u00e9ticamente agradable.<\/li><li>Cada movimiento de una forma debe expresar la personalidad y el car\u00e1cter espiritual del personaje del que tom\u00f3 su nombre.<\/li><\/ol>\n\n\n\n<p>La adhesi\u00f3n a estos principios b\u00e1sicos es lo que hace del Taekwon-Do un arte marcial, un arte est\u00e9tico, una ciencia y un deporte.<\/p>\n\n\n\n\n","protected":false},"excerpt":{"rendered":"<p>Extra\u00eddo de la Enciclopedia de Taekwon-Do escrita por el General Choi Hong Hi. Volumen 1, p\u00e1gina 38 y siguientes.<\/p>\n","protected":false},"author":4,"featured_media":25262,"comment_status":"open","ping_status":"open","sticky":false,"template":"","format":"standard","meta":{"_tec_requires_first_save":true,"_uag_custom_page_level_css":"","_genesis_hide_title":false,"_genesis_hide_breadcrumbs":false,"_genesis_hide_singular_image":false,"_genesis_hide_footer_widgets":false,"_genesis_custom_body_class":"","_genesis_custom_post_class":"","_genesis_layout":"","_EventAllDay":false,"_EventTimezone":"","_EventStartDate":"","_EventEndDate":"","_EventStartDateUTC":"","_EventEndDateUTC":"","_EventShowMap":false,"_EventShowMapLink":false,"_EventURL":"","_EventCost":"","_EventCostDescription":"","_EventCurrencySymbol":"","_EventCurrencyCode":"","_EventCurrencyPosition":"","_EventDateTimeSeparator":"","_EventTimeRangeSeparator":"","_EventOrganizerID":[],"_EventVenueID":[],"_OrganizerEmail":"","_OrganizerPhone":"","_OrganizerWebsite":"","_VenueAddress":"","_VenueCity":"","_VenueCountry":"","_VenueProvince":"","_VenueState":"","_VenueZip":"","_VenuePhone":"","_VenueURL":"","_VenueStateProvince":"","_VenueLat":"","_VenueLng":"","_VenueShowMap":false,"_VenueShowMapLink":false,"_tribe_blocks_recurrence_rules":"","_tribe_blocks_recurrence_description":"","_tribe_blocks_recurrence_exclusions":"","editor_notices":[],"footnotes":""},"categories":[132,131],"tags":[],"class_list":["post-25254","post","type-post","status-publish","format-standard","has-post-thumbnail","category-destacadas","category-noticias-institucionales","entry"],"featured_image_src":"https:\/\/itftkd.sport\/es\/wp-content\/uploads\/sites\/7\/2021\/04\/Featured-image-11-abril-1955-66o-Aniversario-TKD-600x400.jpg","featured_image_src_square":"https:\/\/itftkd.sport\/es\/wp-content\/uploads\/sites\/7\/2021\/04\/Featured-image-11-abril-1955-66o-Aniversario-TKD-600x600.jpg","author_info":{"display_name":"FABIAN ITF","author_link":"https:\/\/itftkd.sport\/es\/author\/fabian-itf\/"},"uagb_featured_image_src":{"full":["https:\/\/itftkd.sport\/es\/wp-content\/uploads\/sites\/7\/2021\/04\/Featured-image-11-abril-1955-66o-Aniversario-TKD.jpg",800,600,false],"thumbnail":["https:\/\/itftkd.sport\/es\/wp-content\/uploads\/sites\/7\/2021\/04\/Featured-image-11-abril-1955-66o-Aniversario-TKD-150x150.jpg",150,150,true],"medium":["https:\/\/itftkd.sport\/es\/wp-content\/uploads\/sites\/7\/2021\/04\/Featured-image-11-abril-1955-66o-Aniversario-TKD-300x225.jpg",300,225,true],"medium_large":["https:\/\/itftkd.sport\/es\/wp-content\/uploads\/sites\/7\/2021\/04\/Featured-image-11-abril-1955-66o-Aniversario-TKD-768x576.jpg",768,576,true],"large":["https:\/\/itftkd.sport\/es\/wp-content\/uploads\/sites\/7\/2021\/04\/Featured-image-11-abril-1955-66o-Aniversario-TKD.jpg",800,600,false],"1536x1536":["https:\/\/itftkd.sport\/es\/wp-content\/uploads\/sites\/7\/2021\/04\/Featured-image-11-abril-1955-66o-Aniversario-TKD.jpg",800,600,false],"2048x2048":["https:\/\/itftkd.sport\/es\/wp-content\/uploads\/sites\/7\/2021\/04\/Featured-image-11-abril-1955-66o-Aniversario-TKD.jpg",800,600,false],"banner":["https:\/\/itftkd.sport\/es\/wp-content\/uploads\/sites\/7\/2021\/04\/Featured-image-11-abril-1955-66o-Aniversario-TKD-800x533.jpg",800,533,true],"section":["https:\/\/itftkd.sport\/es\/wp-content\/uploads\/sites\/7\/2021\/04\/Featured-image-11-abril-1955-66o-Aniversario-TKD.jpg",800,600,false],"full-width":["https:\/\/itftkd.sport\/es\/wp-content\/uploads\/sites\/7\/2021\/04\/Featured-image-11-abril-1955-66o-Aniversario-TKD.jpg",800,600,false],"featured":["https:\/\/itftkd.sport\/es\/wp-content\/uploads\/sites\/7\/2021\/04\/Featured-image-11-abril-1955-66o-Aniversario-TKD.jpg",800,600,false],"one-half":["https:\/\/itftkd.sport\/es\/wp-content\/uploads\/sites\/7\/2021\/04\/Featured-image-11-abril-1955-66o-Aniversario-TKD-550x413.jpg",550,413,true],"one-third":["https:\/\/itftkd.sport\/es\/wp-content\/uploads\/sites\/7\/2021\/04\/Featured-image-11-abril-1955-66o-Aniversario-TKD-350x263.jpg",350,263,true],"one-fourth":["https:\/\/itftkd.sport\/es\/wp-content\/uploads\/sites\/7\/2021\/04\/Featured-image-11-abril-1955-66o-Aniversario-TKD-260x195.jpg",260,195,true],"tiny":["https:\/\/itftkd.sport\/es\/wp-content\/uploads\/sites\/7\/2021\/04\/Featured-image-11-abril-1955-66o-Aniversario-TKD-80x80.jpg",80,80,true],"ab-block-post-grid-landscape":["https:\/\/itftkd.sport\/es\/wp-content\/uploads\/sites\/7\/2021\/04\/Featured-image-11-abril-1955-66o-Aniversario-TKD-600x400.jpg",600,400,true],"ab-block-post-grid-square":["https:\/\/itftkd.sport\/es\/wp-content\/uploads\/sites\/7\/2021\/04\/Featured-image-11-abril-1955-66o-Aniversario-TKD-600x600.jpg",600,600,true],"gform-image-choice-sm":["https:\/\/itftkd.sport\/es\/wp-content\/uploads\/sites\/7\/2021\/04\/Featured-image-11-abril-1955-66o-Aniversario-TKD.jpg",300,225,false],"gform-image-choice-md":["https:\/\/itftkd.sport\/es\/wp-content\/uploads\/sites\/7\/2021\/04\/Featured-image-11-abril-1955-66o-Aniversario-TKD.jpg",400,300,false],"gform-image-choice-lg":["https:\/\/itftkd.sport\/es\/wp-content\/uploads\/sites\/7\/2021\/04\/Featured-image-11-abril-1955-66o-Aniversario-TKD.jpg",600,450,false]},"uagb_author_info":{"display_name":"FABIAN ITF","author_link":"https:\/\/itftkd.sport\/es\/author\/fabian-itf\/"},"uagb_comment_info":3,"uagb_excerpt":"Extra\u00eddo de la Enciclopedia de Taekwon-Do escrita por el General Choi Hong Hi. Volumen 1, p\u00e1gina 38 y siguientes.","_links":{"self":[{"href":"https:\/\/itftkd.sport\/es\/wp-json\/wp\/v2\/posts\/25254","targetHints":{"allow":["GET"]}}],"collection":[{"href":"https:\/\/itftkd.sport\/es\/wp-json\/wp\/v2\/posts"}],"about":[{"href":"https:\/\/itftkd.sport\/es\/wp-json\/wp\/v2\/types\/post"}],"author":[{"embeddable":true,"href":"https:\/\/itftkd.sport\/es\/wp-json\/wp\/v2\/users\/4"}],"replies":[{"embeddable":true,"href":"https:\/\/itftkd.sport\/es\/wp-json\/wp\/v2\/comments?post=25254"}],"version-history":[{"count":5,"href":"https:\/\/itftkd.sport\/es\/wp-json\/wp\/v2\/posts\/25254\/revisions"}],"predecessor-version":[{"id":25282,"href":"https:\/\/itftkd.sport\/es\/wp-json\/wp\/v2\/posts\/25254\/revisions\/25282"}],"wp:featuredmedia":[{"embeddable":true,"href":"https:\/\/itftkd.sport\/es\/wp-json\/wp\/v2\/media\/25262"}],"wp:attachment":[{"href":"https:\/\/itftkd.sport\/es\/wp-json\/wp\/v2\/media?parent=25254"}],"wp:term":[{"taxonomy":"category","embeddable":true,"href":"https:\/\/itftkd.sport\/es\/wp-json\/wp\/v2\/categories?post=25254"},{"taxonomy":"post_tag","embeddable":true,"href":"https:\/\/itftkd.sport\/es\/wp-json\/wp\/v2\/tags?post=25254"}],"curies":[{"name":"wp","href":"https:\/\/api.w.org\/{rel}","templated":true}]}}