{"id":25114,"date":"2021-03-23T11:58:35","date_gmt":"2021-03-23T10:58:35","guid":{"rendered":"https:\/\/itftkd.sport\/es\/?p=25114"},"modified":"2021-03-23T14:01:08","modified_gmt":"2021-03-23T13:01:08","slug":"atletas-presento-el-informe-de-las-6-sesiones-del-seminario-de-lucha-online","status":"publish","type":"post","link":"https:\/\/itftkd.sport\/es\/atletas-presento-el-informe-de-las-6-sesiones-del-seminario-de-lucha-online\/","title":{"rendered":"Atletas present\u00f3 el informe de las 6 sesiones del Seminario online de Lucha"},"content":{"rendered":"\n<p>El 27 de febrero pasado, el Comit\u00e9 de Atletas de la ITF present\u00f3 el primer seminario online de lucha con algunos de los mejores Atletas y Entrenadores de Europa.<\/p>\n\n\n\n<!--more-->\n\n\n\n<p>El 27 de febrero de 2021, a las 15:00 hora de Europa, el Comit\u00e9 de Atletas de la ITF present\u00f3 una oportunidad incre\u00edble para sus instructores y atletas con el primer seminario online con algunos de los mejores Atletas y Entrenadores de Europa.<\/p>\n\n\n\n<p>El Seminario cont\u00f3 con la presencia de 288 participantes procedentes de 44 pa\u00edses de todo el mundo.<\/p>\n\n\n\n<p>Inaugurado por el presidente de la ITF, el Gran Maestro Paul Weiler (Alemania), con un discurso para todos los participantes que ofreci\u00f3 una excelente orientaci\u00f3n en estos tiempos dif\u00edciles en todo el mundo. A continuaci\u00f3n, el anfitri\u00f3n del evento fue el Gran Maestro Wim Bos (Italia) quien introdujo a cada uno de los instructores del evento. El Gran Maestro Bos tuvo la visi\u00f3n de que este seminario fuera de alto ritmo y brindara a nuestra comunidad excelentes herramientas de capacitaci\u00f3n sin poder asistir a sus escuelas en muchos lugares del mundo.<\/p>\n\n\n\n<p>Debemos mencionar el gran trabajo del Tesorero de la ITF, Sabum Leo Oros Duek, siempre muy profesional y disponible con sugerencias para aumentar el nivel de transmisi\u00f3n del zoom en l\u00ednea.<\/p>\n\n\n\n<h3 class=\"wp-block-heading\">Entrenadores y Atletas<\/h3>\n\n\n\n<p>Maestro Tapilatu (Holanda), Maestro Willy van de Mortal (Holanda), Maestro Triqui (Alemania), Maestro Barada (Eslovenia), Maestro Iagher (Italia), Sabum Tapilatu (Holanda), Sabum Solovey (Ucrania), Sabum Vitaly Solovey (Ucrania), Bo-Sabum Timothy Bos (Italia) Bo- Sabum Jorg Gubbles (Holanda) Bo-Sabum Maartje Gubbles (Holanda), Bo-Sabum Anis Triqui (Alemania) Bo-Sabum Al Amin (Alemania), Bo-Sabum Tyra Barada (Eslovenia).<\/p>\n\n\n\n<p>Las sesiones se dividieron en clases de 25 minutos, la primera clase estuvo a cargo de Maestro y el Sabum Tapilatu, la que se centr\u00f3 en el entrenamiento con foco y escudo con la combinaci\u00f3n de padre e hijo, mostr\u00e1ndonos por qu\u00e9 eran una fuerza tan dominante y Leyendas de la ITF.<\/p>\n\n\n\n<div class=\"wp-block-image\"><figure class=\"aligncenter size-large is-resized\"><a href=\"https:\/\/itftkd.sport\/wp-content\/uploads\/2021\/02\/image005.jpg\"><img loading=\"lazy\" decoding=\"async\" src=\"https:\/\/itftkd.sport\/wp-content\/uploads\/2021\/02\/image005-1024x576.jpg\" alt=\"Athletes Committee Online Seminar Tapilatu\" class=\"wp-image-25196\" width=\"512\" height=\"288\" \/><\/a><\/figure><\/div>\n\n\n\n<p>La segunda clase fue dirigida por los Sabum Oleg y Vitaly Solovey, con su mudialmente famosa patada de giro saltando que ha posicionado a esta familia en el podio de medallas durante la \u00faltima d\u00e9cada.<\/p>\n\n\n\n<div class=\"wp-block-image\"><figure class=\"aligncenter size-large is-resized\"><a href=\"https:\/\/itftkd.sport\/wp-content\/uploads\/2021\/02\/image003.jpg\"><img loading=\"lazy\" decoding=\"async\" src=\"https:\/\/itftkd.sport\/wp-content\/uploads\/2021\/02\/image003-1024x576.jpg\" alt=\"Athletes Committee Online Seminar Solovey\" class=\"wp-image-25194\" width=\"512\" height=\"288\" \/><\/a><\/figure><\/div>\n\n\n\n<p>La tercera clase estuvo a cargo del d\u00fao italiano Maestro Iagher y Boo Sabum Timothy Bos. La clase trat\u00f3 sobre el movimiento y el uso de herramientas de entrenamiento que son f\u00e1cilmente accesibles para obtener un mejor movimiento y mostr\u00f3 por qu\u00e9 esta pareja ha sido tan dominante en el escenario mundial.<\/p>\n\n\n\n<div class=\"wp-block-image\"><figure class=\"aligncenter size-large is-resized\"><a href=\"https:\/\/itftkd.sport\/wp-content\/uploads\/2021\/02\/image004.jpg\"><img loading=\"lazy\" decoding=\"async\" src=\"https:\/\/itftkd.sport\/wp-content\/uploads\/2021\/02\/image004-1024x576.jpg\" alt=\"Athletes Committee Online Seminar Iagher\" class=\"wp-image-25195\" width=\"512\" height=\"288\" \/><\/a><\/figure><\/div>\n\n\n\n<p>La cuarta clase fue dirigida por el Maestro Willy van de Mortel, los Boo Sabum Jorg y Maartje; y se centr\u00f3 en la velocidad en los ejercicios. La velocidad que el Maestro Willy pudo demostrar con Jorg y Maartje fue asombrosamente impresionante y demuestra por qu\u00e9 es tan bueno como entrenador en todo el mundo.<\/p>\n\n\n\n<div class=\"wp-block-image\"><figure class=\"aligncenter size-large is-resized\"><a href=\"https:\/\/itftkd.sport\/wp-content\/uploads\/2021\/02\/image008.jpg\"><img loading=\"lazy\" decoding=\"async\" src=\"https:\/\/itftkd.sport\/wp-content\/uploads\/2021\/02\/image008-1024x576.jpg\" alt=\"Athletes Committee Online Seminar Willy van de Mortel \" class=\"wp-image-25199\" width=\"512\" height=\"288\" \/><\/a><\/figure><\/div>\n\n\n\n<p>La quinta clase tuvo al Maestro Triqui y a los Boo Sabum Triqui y Al Amin. La clase se centr\u00f3 en el contraataque \/ ataque y las t\u00e1cticas. El trabajo de pies, la velocidad y la sincronizaci\u00f3n demostradas en esta sesi\u00f3n fue del mejor nivel del mundo y fue muy impresionante estar presente.<\/p>\n\n\n\n<div class=\"wp-block-image\"><figure class=\"aligncenter size-large is-resized\"><a href=\"https:\/\/itftkd.sport\/wp-content\/uploads\/2021\/02\/image007.jpg\"><img loading=\"lazy\" decoding=\"async\" src=\"https:\/\/itftkd.sport\/wp-content\/uploads\/2021\/02\/image007-1024x576.jpg\" alt=\"Athletes Committee Online Seminar Triqui\" class=\"wp-image-25198\" width=\"512\" height=\"288\" \/><\/a><\/figure><\/div>\n\n\n\n<p>La sexta y \u00faltima clase estuvo a cargo del miembro de la junta de la ITF y legendario Maestro Tomaz Barada y Boo Sabum Tyra Barada. La clase se centr\u00f3 en combinaciones con equipo de protecci\u00f3n. La clase fue de alta intensidad y llena de motivaci\u00f3n y mostr\u00f3 por qu\u00e9 el Maestro Barada fue muchas veces Campe\u00f3n del Mundo y ahora est\u00e1 haciendo que su hija Tyra siga sus pasos con un t\u00edtulo Mundial a una edad tan temprana.<\/p>\n\n\n\n<div class=\"wp-block-image\"><figure class=\"aligncenter size-large is-resized\"><a href=\"https:\/\/itftkd.sport\/wp-content\/uploads\/2021\/02\/image002.jpg\"><img loading=\"lazy\" decoding=\"async\" src=\"https:\/\/itftkd.sport\/wp-content\/uploads\/2021\/02\/image002-1024x576.jpg\" alt=\"Athletes Committee Online Seminar Barada\" class=\"wp-image-25193\" width=\"512\" height=\"288\" \/><\/a><\/figure><\/div>\n\n\n\n<p>El seminario fue finalizado por el Gran Maestro Bos, quien fue un factor determinante en la impartici\u00f3n de un seminario informativo y de ritmo tan din\u00e1mico para nuestros estudiantes de la ITF. Como siempre lo hace, la m\u00e1s alta calidad entregada por las mejores personas.<\/p>\n\n\n\n<p>En nombre de la Junta Directiva de la ITF, el Comit\u00e9 de Atletas y el incre\u00edble equipo presentador del primero de muchos seminarios en l\u00ednea, gracias, sabemos que la gente lo disfrut\u00f3 y estar\u00e1 esperando la pr\u00f3xima entrega de esta serie de seminarios.<\/p>\n\n\n\n<p>Mejor en ITF<\/p>\n\n\n\n<p>Sabum Mark Trotter<br>Presidente del Comit\u00e9 de Atletas<\/p>\n\n\n\n\n","protected":false},"excerpt":{"rendered":"<p>El 27 de febrero pasado, el Comit\u00e9 de Atletas de la ITF present\u00f3 el primer seminario online de lucha con algunos de los mejores Atletas y Entrenadores de Europa.<\/p>\n","protected":false},"author":4,"featured_media":25115,"comment_status":"open","ping_status":"open","sticky":false,"template":"","format":"standard","meta":{"_tec_requires_first_save":true,"_uag_custom_page_level_css":"","_genesis_hide_title":false,"_genesis_hide_breadcrumbs":false,"_genesis_hide_singular_image":false,"_genesis_hide_footer_widgets":false,"_genesis_custom_body_class":"","_genesis_custom_post_class":"","_genesis_layout":"","_EventAllDay":false,"_EventTimezone":"","_EventStartDate":"","_EventEndDate":"","_EventStartDateUTC":"","_EventEndDateUTC":"","_EventShowMap":false,"_EventShowMapLink":false,"_EventURL":"","_EventCost":"","_EventCostDescription":"","_EventCurrencySymbol":"","_EventCurrencyCode":"","_EventCurrencyPosition":"","_EventDateTimeSeparator":"","_EventTimeRangeSeparator":"","_EventOrganizerID":[],"_EventVenueID":[],"_OrganizerEmail":"","_OrganizerPhone":"","_OrganizerWebsite":"","_VenueAddress":"","_VenueCity":"","_VenueCountry":"","_VenueProvince":"","_VenueState":"","_VenueZip":"","_VenuePhone":"","_VenueURL":"","_VenueStateProvince":"","_VenueLat":"","_VenueLng":"","_VenueShowMap":false,"_VenueShowMapLink":false,"_tribe_blocks_recurrence_rules":"","_tribe_blocks_recurrence_description":"","_tribe_blocks_recurrence_exclusions":"","editor_notices":[],"footnotes":""},"categories":[132,131],"tags":[],"class_list":["post-25114","post","type-post","status-publish","format-standard","has-post-thumbnail","category-destacadas","category-noticias-institucionales","entry"],"featured_image_src":"https:\/\/itftkd.sport\/es\/wp-content\/uploads\/sites\/7\/2021\/03\/Featured-image-Athletes-online-seminar-600x400.jpg","featured_image_src_square":"https:\/\/itftkd.sport\/es\/wp-content\/uploads\/sites\/7\/2021\/03\/Featured-image-Athletes-online-seminar-600x600.jpg","author_info":{"display_name":"FABIAN ITF","author_link":"https:\/\/itftkd.sport\/es\/author\/fabian-itf\/"},"uagb_featured_image_src":{"full":["https:\/\/itftkd.sport\/es\/wp-content\/uploads\/sites\/7\/2021\/03\/Featured-image-Athletes-online-seminar.jpg",800,600,false],"thumbnail":["https:\/\/itftkd.sport\/es\/wp-content\/uploads\/sites\/7\/2021\/03\/Featured-image-Athletes-online-seminar-150x150.jpg",150,150,true],"medium":["https:\/\/itftkd.sport\/es\/wp-content\/uploads\/sites\/7\/2021\/03\/Featured-image-Athletes-online-seminar-300x225.jpg",300,225,true],"medium_large":["https:\/\/itftkd.sport\/es\/wp-content\/uploads\/sites\/7\/2021\/03\/Featured-image-Athletes-online-seminar-768x576.jpg",768,576,true],"large":["https:\/\/itftkd.sport\/es\/wp-content\/uploads\/sites\/7\/2021\/03\/Featured-image-Athletes-online-seminar.jpg",800,600,false],"1536x1536":["https:\/\/itftkd.sport\/es\/wp-content\/uploads\/sites\/7\/2021\/03\/Featured-image-Athletes-online-seminar.jpg",800,600,false],"2048x2048":["https:\/\/itftkd.sport\/es\/wp-content\/uploads\/sites\/7\/2021\/03\/Featured-image-Athletes-online-seminar.jpg",800,600,false],"banner":["https:\/\/itftkd.sport\/es\/wp-content\/uploads\/sites\/7\/2021\/03\/Featured-image-Athletes-online-seminar-800x533.jpg",800,533,true],"section":["https:\/\/itftkd.sport\/es\/wp-content\/uploads\/sites\/7\/2021\/03\/Featured-image-Athletes-online-seminar.jpg",800,600,false],"full-width":["https:\/\/itftkd.sport\/es\/wp-content\/uploads\/sites\/7\/2021\/03\/Featured-image-Athletes-online-seminar.jpg",800,600,false],"featured":["https:\/\/itftkd.sport\/es\/wp-content\/uploads\/sites\/7\/2021\/03\/Featured-image-Athletes-online-seminar.jpg",800,600,false],"one-half":["https:\/\/itftkd.sport\/es\/wp-content\/uploads\/sites\/7\/2021\/03\/Featured-image-Athletes-online-seminar-550x413.jpg",550,413,true],"one-third":["https:\/\/itftkd.sport\/es\/wp-content\/uploads\/sites\/7\/2021\/03\/Featured-image-Athletes-online-seminar-350x263.jpg",350,263,true],"one-fourth":["https:\/\/itftkd.sport\/es\/wp-content\/uploads\/sites\/7\/2021\/03\/Featured-image-Athletes-online-seminar-260x195.jpg",260,195,true],"tiny":["https:\/\/itftkd.sport\/es\/wp-content\/uploads\/sites\/7\/2021\/03\/Featured-image-Athletes-online-seminar-80x80.jpg",80,80,true],"ab-block-post-grid-landscape":["https:\/\/itftkd.sport\/es\/wp-content\/uploads\/sites\/7\/2021\/03\/Featured-image-Athletes-online-seminar-600x400.jpg",600,400,true],"ab-block-post-grid-square":["https:\/\/itftkd.sport\/es\/wp-content\/uploads\/sites\/7\/2021\/03\/Featured-image-Athletes-online-seminar-600x600.jpg",600,600,true],"gform-image-choice-sm":["https:\/\/itftkd.sport\/es\/wp-content\/uploads\/sites\/7\/2021\/03\/Featured-image-Athletes-online-seminar.jpg",300,225,false],"gform-image-choice-md":["https:\/\/itftkd.sport\/es\/wp-content\/uploads\/sites\/7\/2021\/03\/Featured-image-Athletes-online-seminar.jpg",400,300,false],"gform-image-choice-lg":["https:\/\/itftkd.sport\/es\/wp-content\/uploads\/sites\/7\/2021\/03\/Featured-image-Athletes-online-seminar.jpg",600,450,false]},"uagb_author_info":{"display_name":"FABIAN ITF","author_link":"https:\/\/itftkd.sport\/es\/author\/fabian-itf\/"},"uagb_comment_info":0,"uagb_excerpt":"El 27 de febrero pasado, el Comit\u00e9 de Atletas de la ITF present\u00f3 el primer seminario online de lucha con algunos de los mejores Atletas y Entrenadores de Europa.","_links":{"self":[{"href":"https:\/\/itftkd.sport\/es\/wp-json\/wp\/v2\/posts\/25114","targetHints":{"allow":["GET"]}}],"collection":[{"href":"https:\/\/itftkd.sport\/es\/wp-json\/wp\/v2\/posts"}],"about":[{"href":"https:\/\/itftkd.sport\/es\/wp-json\/wp\/v2\/types\/post"}],"author":[{"embeddable":true,"href":"https:\/\/itftkd.sport\/es\/wp-json\/wp\/v2\/users\/4"}],"replies":[{"embeddable":true,"href":"https:\/\/itftkd.sport\/es\/wp-json\/wp\/v2\/comments?post=25114"}],"version-history":[{"count":5,"href":"https:\/\/itftkd.sport\/es\/wp-json\/wp\/v2\/posts\/25114\/revisions"}],"predecessor-version":[{"id":25138,"href":"https:\/\/itftkd.sport\/es\/wp-json\/wp\/v2\/posts\/25114\/revisions\/25138"}],"wp:featuredmedia":[{"embeddable":true,"href":"https:\/\/itftkd.sport\/es\/wp-json\/wp\/v2\/media\/25115"}],"wp:attachment":[{"href":"https:\/\/itftkd.sport\/es\/wp-json\/wp\/v2\/media?parent=25114"}],"wp:term":[{"taxonomy":"category","embeddable":true,"href":"https:\/\/itftkd.sport\/es\/wp-json\/wp\/v2\/categories?post=25114"},{"taxonomy":"post_tag","embeddable":true,"href":"https:\/\/itftkd.sport\/es\/wp-json\/wp\/v2\/tags?post=25114"}],"curies":[{"name":"wp","href":"https:\/\/api.w.org\/{rel}","templated":true}]}}