{"id":25076,"date":"2021-03-15T13:37:57","date_gmt":"2021-03-15T12:37:57","guid":{"rendered":"https:\/\/itftkd.sport\/es\/?p=25076"},"modified":"2021-03-15T18:52:28","modified_gmt":"2021-03-15T17:52:28","slug":"resumen-de-la-conferencia-mundial-a-cargo-del-comite-de-las-mujeres","status":"publish","type":"post","link":"https:\/\/itftkd.sport\/es\/resumen-de-la-conferencia-mundial-a-cargo-del-comite-de-las-mujeres\/","title":{"rendered":"Resumen de la conferencia mundial a cargo del Comit\u00e9 de las Mujeres"},"content":{"rendered":"\n<p>Los pasados 13 y 14 de marzo se realiz\u00f3 un ciclo de conferencias con motivo de la conmemoraci\u00f3n del mes de la mujer.<\/p>\n\n\n\n<!--more-->\n\n\n\n<p>El Comit\u00e9 de las Mujeres de la ITF reuni\u00f3 a 8 personalidades para discutir temas tan diversos que abarcaron desde la filosof\u00eda hasta la nutrici\u00f3n, y desde el proceso de formaci\u00f3n hasta la solidaridad.<\/p>\n\n\n\n<p>En ambos d\u00edas estuvo presente el presidente de la ITF, GM Paul Weiler, quien mencion\u00f3 la importancia del comit\u00e9 y la importancia de cada una de las actividades que est\u00e1 realizando.<\/p>\n\n\n\n<p>Entre otras personalidades presentes, tambi\u00e9n estuvieron el GM H\u00e9ctor Marano, presidente del Comit\u00e9 T\u00e9cnico y de Instrucci\u00f3n, y el Dr. Janel Gauthier, presidente del Comit\u00e9 de \u00c9tica y Do.<\/p>\n\n\n\n<p>La Maestra Annick Van Driessche, como miembro de la Junta, dio los saludos formales y la Maestra Valerie Forget, presidenta del Comit\u00e9 de las Mujeres, abri\u00f3 las sesiones presentando a los ponentes.<\/p>\n\n\n\n<p>Ambas sesiones fueron conducidas por la SBN Brigitte Morris, miembro del Comit\u00e9 de las Mujeres, y traducidas simult\u00e1neamente al espa\u00f1ol y viceversa.<\/p>\n\n\n\n<p>El s\u00e1bado tuvieron lugar las presentaciones de la Maestra Tr\u00e2n sobre la contribuci\u00f3n del Taekwon-Do al desarrollo y la confianza de las mujeres; de la SBN Lisa Perry, quien habl\u00f3 sobre entrenamiento y embarazo; de la SBN Patricia Garelik sobre, quien coment\u00f3 sobre el proyecto TKD Solidario y, finalmente, fue el turno de la SBN Soledad Serrano que toc\u00f3 el tema de la meditaci\u00f3n y su contribuci\u00f3n al competidor.<\/p>\n\n\n\n<p>El domingo comenz\u00f3 con la SBN Silvia Farigu hablando sobre la autoconciencia a lo largo del entrenamiento; luego la Dra. Guillermina Barat quien abord\u00f3 el tema del alto rendimiento y salud; la BSBN Alana Dacak habl\u00f3 sobre alimentaci\u00f3n y energ\u00eda; y el cierre estuvo a cargo de la SBN Maxine No\u00ebl quien disert\u00f3 sobre c\u00f3mo desarrollar la aptitud mental para ganar confianza.<\/p>\n\n\n\n<p>La conferencia mundial reflej\u00f3 parte del \u00e9xito de este ciclo no solo en la cantidad de personas que participaron, sino tambi\u00e9n en la diversidad de nacionalidades, una clara se\u00f1al de que se est\u00e1n abordando temas de inter\u00e9s mundial.<\/p>\n\n\n\n<p>En la clausura, la SBN Brigitte Morris agradeci\u00f3 la vital colaboraci\u00f3n de los SBN Florencia Manifesto y Gerardo Rossel y la traducci\u00f3n del SBN Luciano Iriarte durante los dos d\u00edas.<\/p>\n\n\n\n<figure class=\"wp-block-gallery columns-3 is-cropped wp-block-gallery-1 is-layout-flex wp-block-gallery-is-layout-flex\"><ul class=\"blocks-gallery-grid\"><li class=\"blocks-gallery-item\"><figure><img decoding=\"async\" src=\"https:\/\/itftkd.sport\/wp-content\/uploads\/2021\/03\/definitionsporttraining-1024x680.png\" alt=\"\" data-id=\"25553\" data-link=\"https:\/\/itftkd.sport\/?attachment_id=25553\" class=\"wp-image-25553\" \/><\/figure><\/li><li class=\"blocks-gallery-item\"><figure><img decoding=\"async\" src=\"https:\/\/itftkd.sport\/wp-content\/uploads\/2021\/03\/gente1-1024x640.png\" alt=\"\" data-id=\"25554\" data-link=\"https:\/\/itftkd.sport\/?attachment_id=25554\" class=\"wp-image-25554\" \/><\/figure><\/li><li class=\"blocks-gallery-item\"><figure><img decoding=\"async\" src=\"https:\/\/itftkd.sport\/wp-content\/uploads\/2021\/03\/gente2-1024x640.png\" alt=\"\" data-id=\"25556\" data-link=\"https:\/\/itftkd.sport\/?attachment_id=25556\" class=\"wp-image-25556\" \/><\/figure><\/li><li class=\"blocks-gallery-item\"><figure><img decoding=\"async\" src=\"https:\/\/itftkd.sport\/wp-content\/uploads\/2021\/03\/gente3-1024x640.png\" alt=\"\" data-id=\"25557\" data-link=\"https:\/\/itftkd.sport\/?attachment_id=25557\" class=\"wp-image-25557\" \/><\/figure><\/li><li class=\"blocks-gallery-item\"><figure><img decoding=\"async\" src=\"https:\/\/itftkd.sport\/wp-content\/uploads\/2021\/03\/stress-1024x631.png\" alt=\"\" data-id=\"25558\" data-link=\"https:\/\/itftkd.sport\/?attachment_id=25558\" class=\"wp-image-25558\" \/><\/figure><\/li><li class=\"blocks-gallery-item\"><figure><img decoding=\"async\" src=\"https:\/\/itftkd.sport\/wp-content\/uploads\/2021\/03\/WC1-1024x622.png\" alt=\"\" data-id=\"25559\" data-link=\"https:\/\/itftkd.sport\/?attachment_id=25559\" class=\"wp-image-25559\" \/><\/figure><\/li><li class=\"blocks-gallery-item\"><figure><img decoding=\"async\" src=\"https:\/\/itftkd.sport\/wp-content\/uploads\/2021\/03\/WC2-1024x581.png\" alt=\"\" data-id=\"25560\" data-link=\"https:\/\/itftkd.sport\/?attachment_id=25560\" class=\"wp-image-25560\" \/><\/figure><\/li><li class=\"blocks-gallery-item\"><figure><img decoding=\"async\" src=\"https:\/\/itftkd.sport\/wp-content\/uploads\/2021\/03\/WC4-1024x614.png\" alt=\"\" data-id=\"25562\" data-link=\"https:\/\/itftkd.sport\/?attachment_id=25562\" class=\"wp-image-25562\" \/><\/figure><\/li><li class=\"blocks-gallery-item\"><figure><img decoding=\"async\" src=\"https:\/\/itftkd.sport\/wp-content\/uploads\/2021\/03\/WC5-1024x625.png\" alt=\"\" data-id=\"25563\" data-link=\"https:\/\/itftkd.sport\/?attachment_id=25563\" class=\"wp-image-25563\" \/><\/figure><\/li><li class=\"blocks-gallery-item\"><figure><img decoding=\"async\" src=\"https:\/\/itftkd.sport\/wp-content\/uploads\/2021\/03\/WC7-1024x667.png\" alt=\"\" data-id=\"25564\" data-link=\"https:\/\/itftkd.sport\/?attachment_id=25564\" class=\"wp-image-25564\" \/><\/figure><\/li><li class=\"blocks-gallery-item\"><figure><img decoding=\"async\" src=\"https:\/\/itftkd.sport\/wp-content\/uploads\/2021\/03\/WC8-1024x640.png\" alt=\"\" data-id=\"25565\" data-link=\"https:\/\/itftkd.sport\/?attachment_id=25565\" class=\"wp-image-25565\" \/><\/figure><\/li><li class=\"blocks-gallery-item\"><figure><img decoding=\"async\" src=\"https:\/\/itftkd.sport\/wp-content\/uploads\/2021\/03\/WC9-1-1024x640.png\" alt=\"\" data-id=\"25568\" data-full-url=\"https:\/\/itftkd.sport\/wp-content\/uploads\/2021\/03\/WC9-1.png\" data-link=\"https:\/\/itftkd.sport\/?attachment_id=25568\" class=\"wp-image-25568\" \/><\/figure><\/li><\/ul><\/figure>\n","protected":false},"excerpt":{"rendered":"<p>Los pasados 13 y 14 de marzo se realiz\u00f3 un ciclo de conferencias con motivo de la conmemoraci\u00f3n del mes de la mujer.<\/p>\n","protected":false},"author":8,"featured_media":25077,"comment_status":"open","ping_status":"open","sticky":false,"template":"","format":"standard","meta":{"_tec_requires_first_save":true,"_uag_custom_page_level_css":"","_genesis_hide_title":false,"_genesis_hide_breadcrumbs":false,"_genesis_hide_singular_image":false,"_genesis_hide_footer_widgets":false,"_genesis_custom_body_class":"","_genesis_custom_post_class":"","_genesis_layout":"","_EventAllDay":false,"_EventTimezone":"","_EventStartDate":"","_EventEndDate":"","_EventStartDateUTC":"","_EventEndDateUTC":"","_EventShowMap":false,"_EventShowMapLink":false,"_EventURL":"","_EventCost":"","_EventCostDescription":"","_EventCurrencySymbol":"","_EventCurrencyCode":"","_EventCurrencyPosition":"","_EventDateTimeSeparator":"","_EventTimeRangeSeparator":"","_EventOrganizerID":[],"_EventVenueID":[0],"_OrganizerEmail":"","_OrganizerPhone":"","_OrganizerWebsite":"","_VenueAddress":"","_VenueCity":"","_VenueCountry":"","_VenueProvince":"","_VenueState":"","_VenueZip":"","_VenuePhone":"","_VenueURL":"","_VenueStateProvince":"","_VenueLat":"","_VenueLng":"","_VenueShowMap":false,"_VenueShowMapLink":false,"_tribe_blocks_recurrence_rules":"","_tribe_blocks_recurrence_description":"","_tribe_blocks_recurrence_exclusions":"","editor_notices":[],"footnotes":""},"categories":[132,131],"tags":[],"class_list":["post-25076","post","type-post","status-publish","format-standard","has-post-thumbnail","category-destacadas","category-noticias-institucionales","entry"],"featured_image_src":"https:\/\/itftkd.sport\/es\/wp-content\/uploads\/sites\/7\/2021\/03\/WC9-1-600x400.png","featured_image_src_square":"https:\/\/itftkd.sport\/es\/wp-content\/uploads\/sites\/7\/2021\/03\/WC9-1-600x600.png","author_info":{"display_name":"grosi","author_link":"https:\/\/itftkd.sport\/es\/author\/grosi\/"},"uagb_featured_image_src":{"full":["https:\/\/itftkd.sport\/es\/wp-content\/uploads\/sites\/7\/2021\/03\/WC9-1.png",2880,1800,false],"thumbnail":["https:\/\/itftkd.sport\/es\/wp-content\/uploads\/sites\/7\/2021\/03\/WC9-1-150x150.png",150,150,true],"medium":["https:\/\/itftkd.sport\/es\/wp-content\/uploads\/sites\/7\/2021\/03\/WC9-1-300x188.png",300,188,true],"medium_large":["https:\/\/itftkd.sport\/es\/wp-content\/uploads\/sites\/7\/2021\/03\/WC9-1-768x480.png",768,480,true],"large":["https:\/\/itftkd.sport\/es\/wp-content\/uploads\/sites\/7\/2021\/03\/WC9-1-1024x640.png",1024,640,true],"1536x1536":["https:\/\/itftkd.sport\/es\/wp-content\/uploads\/sites\/7\/2021\/03\/WC9-1-1536x960.png",1536,960,true],"2048x2048":["https:\/\/itftkd.sport\/es\/wp-content\/uploads\/sites\/7\/2021\/03\/WC9-1-2048x1280.png",2048,1280,true],"banner":["https:\/\/itftkd.sport\/es\/wp-content\/uploads\/sites\/7\/2021\/03\/WC9-1-1600x533.png",1600,533,true],"section":["https:\/\/itftkd.sport\/es\/wp-content\/uploads\/sites\/7\/2021\/03\/WC9-1-1600x900.png",1600,900,true],"full-width":["https:\/\/itftkd.sport\/es\/wp-content\/uploads\/sites\/7\/2021\/03\/WC9-1-1248x832.png",1248,832,true],"featured":["https:\/\/itftkd.sport\/es\/wp-content\/uploads\/sites\/7\/2021\/03\/WC9-1-800x600.png",800,600,true],"one-half":["https:\/\/itftkd.sport\/es\/wp-content\/uploads\/sites\/7\/2021\/03\/WC9-1-550x413.png",550,413,true],"one-third":["https:\/\/itftkd.sport\/es\/wp-content\/uploads\/sites\/7\/2021\/03\/WC9-1-350x263.png",350,263,true],"one-fourth":["https:\/\/itftkd.sport\/es\/wp-content\/uploads\/sites\/7\/2021\/03\/WC9-1-260x195.png",260,195,true],"tiny":["https:\/\/itftkd.sport\/es\/wp-content\/uploads\/sites\/7\/2021\/03\/WC9-1-80x80.png",80,80,true],"ab-block-post-grid-landscape":["https:\/\/itftkd.sport\/es\/wp-content\/uploads\/sites\/7\/2021\/03\/WC9-1-600x400.png",600,400,true],"ab-block-post-grid-square":["https:\/\/itftkd.sport\/es\/wp-content\/uploads\/sites\/7\/2021\/03\/WC9-1-600x600.png",600,600,true],"gform-image-choice-sm":["https:\/\/itftkd.sport\/es\/wp-content\/uploads\/sites\/7\/2021\/03\/WC9-1.png",300,188,false],"gform-image-choice-md":["https:\/\/itftkd.sport\/es\/wp-content\/uploads\/sites\/7\/2021\/03\/WC9-1.png",400,250,false],"gform-image-choice-lg":["https:\/\/itftkd.sport\/es\/wp-content\/uploads\/sites\/7\/2021\/03\/WC9-1.png",600,375,false]},"uagb_author_info":{"display_name":"grosi","author_link":"https:\/\/itftkd.sport\/es\/author\/grosi\/"},"uagb_comment_info":0,"uagb_excerpt":"Los pasados 13 y 14 de marzo se realiz\u00f3 un ciclo de conferencias con motivo de la conmemoraci\u00f3n del mes de la mujer.","_links":{"self":[{"href":"https:\/\/itftkd.sport\/es\/wp-json\/wp\/v2\/posts\/25076","targetHints":{"allow":["GET"]}}],"collection":[{"href":"https:\/\/itftkd.sport\/es\/wp-json\/wp\/v2\/posts"}],"about":[{"href":"https:\/\/itftkd.sport\/es\/wp-json\/wp\/v2\/types\/post"}],"author":[{"embeddable":true,"href":"https:\/\/itftkd.sport\/es\/wp-json\/wp\/v2\/users\/8"}],"replies":[{"embeddable":true,"href":"https:\/\/itftkd.sport\/es\/wp-json\/wp\/v2\/comments?post=25076"}],"version-history":[{"count":3,"href":"https:\/\/itftkd.sport\/es\/wp-json\/wp\/v2\/posts\/25076\/revisions"}],"predecessor-version":[{"id":25083,"href":"https:\/\/itftkd.sport\/es\/wp-json\/wp\/v2\/posts\/25076\/revisions\/25083"}],"wp:featuredmedia":[{"embeddable":true,"href":"https:\/\/itftkd.sport\/es\/wp-json\/wp\/v2\/media\/25077"}],"wp:attachment":[{"href":"https:\/\/itftkd.sport\/es\/wp-json\/wp\/v2\/media?parent=25076"}],"wp:term":[{"taxonomy":"category","embeddable":true,"href":"https:\/\/itftkd.sport\/es\/wp-json\/wp\/v2\/categories?post=25076"},{"taxonomy":"post_tag","embeddable":true,"href":"https:\/\/itftkd.sport\/es\/wp-json\/wp\/v2\/tags?post=25076"}],"curies":[{"name":"wp","href":"https:\/\/api.w.org\/{rel}","templated":true}]}}