{"id":25062,"date":"2021-03-12T00:45:05","date_gmt":"2021-03-11T23:45:05","guid":{"rendered":"https:\/\/itftkd.sport\/es\/?p=25062"},"modified":"2021-03-23T15:50:45","modified_gmt":"2021-03-23T14:50:45","slug":"resumen-de-la-reunion-del-comite-ejecutivo-de-la-itf-con-los-lideres-de-centro-y-sudamerica","status":"publish","type":"post","link":"https:\/\/itftkd.sport\/es\/resumen-de-la-reunion-del-comite-ejecutivo-de-la-itf-con-los-lideres-de-centro-y-sudamerica\/","title":{"rendered":"Resumen de la reuni\u00f3n del Comit\u00e9 Ejecutivo de la ITF con los l\u00edderes de Centro y Sudam\u00e9rica"},"content":{"rendered":"\n<p>El jueves 11 de marzo de 2021 se llev\u00f3 a cabo por Zoom, una nueva reuni\u00f3n del Comit\u00e9 Ejecutivo de la ITF con l\u00edderes de Centro y Sudam\u00e9rica.<\/p>\n\n\n\n<!--more-->\n\n\n\n<p>Estuvieron presentes Argentina, Brasil, Bolivia, Chile, Colombia, Costa Rica, Ecuador Guatemala, Honduras, Nicaragua, Paraguay, Per\u00fa, El Salvador, Uruguay y Venezuela.<\/p>\n\n\n\n<p>Junto a Maestros e instructores de todos los pa\u00edses mencionados, participaron los GM Jorge Condom\u00ed, Adri\u00e1n Desiderio y Guillermo Villegas.<\/p>\n\n\n\n<p>La reuni\u00f3n estuvo liderada por el Presidente de la ITF, GM Paul Weiler, con la participaci\u00f3n activa del Secretario General Master Tadeusz Loboda y el Tesorero Sabum Nim Leonardo Oros Duek quien tambi\u00e9n es el responsable desde la ITF para la Regi\u00f3n.<\/p>\n\n\n\n<p>El Maestro Abelardo Benzaqu\u00e9n, Presidente de la Federaci\u00f3n Centro y Sudamericana, ofici\u00f3 tambi\u00e9n de anfitri\u00f3n local adem\u00e1s de colaborar en la traducci\u00f3n en ingl\u00e9s y espa\u00f1ol.<\/p>\n\n\n\n<p>EL GM Weiler comenz\u00f3 haciendo hincapi\u00e9 en la importancia de comprender el valor de que \u201ccada uno de nosotros formamos parte y SOMOS la ITF\u201d y el compromiso que esto significa.<\/p>\n\n\n\n<p>Tambi\u00e9n se aclararon cuestiones administrativas, indicando que los \u00fanicos valores que cobra la ITF son por los certificados de grado y que son los publicados en los estatutos.<\/p>\n\n\n\n<p>Cualquier otro valor que se le cobre a los examinados no corresponde a la ITF sino a las organizaciones responsables de cada pa\u00eds.<\/p>\n\n\n\n<p>El Maestro Loboda brind\u00f3 informaci\u00f3n sobre el status de la ITF frente al GAIF a nivel internacional, y que en lo interno se est\u00e1 terminando una nueva base de datos (ITFONLINE) que facilitar\u00e1 el trabajo de las Asociaciones y har\u00e1 m\u00e1s transparente la administraci\u00f3n a nivel global.<\/p>\n\n\n\n<p>El Tesorero Leonardo Oros Duek, transmiti\u00f3 su satisfacci\u00f3n por el desarrollo de la regi\u00f3n, la incorporaci\u00f3n de 2 nuevas Asociaciones Nacionales, Guatemala y Chile, la confirmaci\u00f3n de Uruguay y la incorporaci\u00f3n de dos nuevos pa\u00edses Ecuador y Venezuela.<\/p>\n\n\n\n<p>Tambi\u00e9n inform\u00f3 sobre su pr\u00f3ximo viaje a la Argentina para capacitar sobre el funcionamiento de la nueva ITFONLINE, he invit\u00f3 a quienes puedan viajar a sumarse a dicha capacitaci\u00f3n.<\/p>\n\n\n\n<p>Hubo oportunidad tambi\u00e9n para el intercambio de algunas preguntas las cuales fueron respondidas por los miembros del Comit\u00e9 Ejecutivo.<\/p>\n\n\n\n<p>El cierre estuvo a cargo del GM Weiler quien transmiti\u00f3 sus buenos deseos para todos y dej\u00f3 abierta la puerta para seguir respondiendo todas las inquietudes de nuestros miembros.<\/p>\n\n\n\n<p>Muy pronto este nuevo tour virtual continuar\u00e1 con los l\u00edderes de Europa, \u00c1frica, Asia y Ocean\u00eda.<\/p>\n\n\n\n<figure class=\"wp-block-gallery columns-3 is-cropped wp-block-gallery-1 is-layout-flex wp-block-gallery-is-layout-flex\"><ul class=\"blocks-gallery-grid\"><li class=\"blocks-gallery-item\"><figure><a href=\"https:\/\/itftkd.sport\/es\/wp-content\/uploads\/sites\/7\/2021\/03\/Captura-de-Pantalla-2021-03-11-a-las-15.31.19.png\"><img loading=\"lazy\" decoding=\"async\" width=\"1024\" height=\"640\" src=\"https:\/\/itftkd.sport\/es\/wp-content\/uploads\/sites\/7\/2021\/03\/Captura-de-Pantalla-2021-03-11-a-las-15.31.19-1024x640.png\" alt=\"\" data-id=\"25064\" data-full-url=\"https:\/\/itftkd.sport\/es\/wp-content\/uploads\/sites\/7\/2021\/03\/Captura-de-Pantalla-2021-03-11-a-las-15.31.19.png\" data-link=\"https:\/\/itftkd.sport\/es\/?attachment_id=25064\" class=\"wp-image-25064\" srcset=\"https:\/\/itftkd.sport\/es\/wp-content\/uploads\/sites\/7\/2021\/03\/Captura-de-Pantalla-2021-03-11-a-las-15.31.19-1024x640.png 1024w, https:\/\/itftkd.sport\/es\/wp-content\/uploads\/sites\/7\/2021\/03\/Captura-de-Pantalla-2021-03-11-a-las-15.31.19-300x188.png 300w, https:\/\/itftkd.sport\/es\/wp-content\/uploads\/sites\/7\/2021\/03\/Captura-de-Pantalla-2021-03-11-a-las-15.31.19-768x480.png 768w\" sizes=\"auto, (max-width: 1024px) 100vw, 1024px\" \/><\/a><\/figure><\/li><li class=\"blocks-gallery-item\"><figure><a href=\"https:\/\/itftkd.sport\/es\/wp-content\/uploads\/sites\/7\/2021\/03\/Captura-de-Pantalla-2021-03-11-a-las-15.31.39.png\"><img loading=\"lazy\" decoding=\"async\" width=\"1024\" height=\"640\" src=\"https:\/\/itftkd.sport\/es\/wp-content\/uploads\/sites\/7\/2021\/03\/Captura-de-Pantalla-2021-03-11-a-las-15.31.39-1024x640.png\" alt=\"\" data-id=\"25065\" data-full-url=\"https:\/\/itftkd.sport\/es\/wp-content\/uploads\/sites\/7\/2021\/03\/Captura-de-Pantalla-2021-03-11-a-las-15.31.39.png\" data-link=\"https:\/\/itftkd.sport\/es\/?attachment_id=25065\" class=\"wp-image-25065\" srcset=\"https:\/\/itftkd.sport\/es\/wp-content\/uploads\/sites\/7\/2021\/03\/Captura-de-Pantalla-2021-03-11-a-las-15.31.39-1024x640.png 1024w, https:\/\/itftkd.sport\/es\/wp-content\/uploads\/sites\/7\/2021\/03\/Captura-de-Pantalla-2021-03-11-a-las-15.31.39-300x188.png 300w, https:\/\/itftkd.sport\/es\/wp-content\/uploads\/sites\/7\/2021\/03\/Captura-de-Pantalla-2021-03-11-a-las-15.31.39-768x480.png 768w\" sizes=\"auto, (max-width: 1024px) 100vw, 1024px\" \/><\/a><\/figure><\/li><li class=\"blocks-gallery-item\"><figure><a href=\"https:\/\/itftkd.sport\/es\/wp-content\/uploads\/sites\/7\/2021\/03\/Captura-de-Pantalla-2021-03-11-a-las-15.31.44.png\"><img loading=\"lazy\" decoding=\"async\" width=\"1024\" height=\"640\" src=\"https:\/\/itftkd.sport\/es\/wp-content\/uploads\/sites\/7\/2021\/03\/Captura-de-Pantalla-2021-03-11-a-las-15.31.44-1024x640.png\" alt=\"\" data-id=\"25066\" data-full-url=\"https:\/\/itftkd.sport\/es\/wp-content\/uploads\/sites\/7\/2021\/03\/Captura-de-Pantalla-2021-03-11-a-las-15.31.44.png\" data-link=\"https:\/\/itftkd.sport\/es\/?attachment_id=25066\" class=\"wp-image-25066\" srcset=\"https:\/\/itftkd.sport\/es\/wp-content\/uploads\/sites\/7\/2021\/03\/Captura-de-Pantalla-2021-03-11-a-las-15.31.44-1024x640.png 1024w, https:\/\/itftkd.sport\/es\/wp-content\/uploads\/sites\/7\/2021\/03\/Captura-de-Pantalla-2021-03-11-a-las-15.31.44-300x188.png 300w, https:\/\/itftkd.sport\/es\/wp-content\/uploads\/sites\/7\/2021\/03\/Captura-de-Pantalla-2021-03-11-a-las-15.31.44-768x480.png 768w\" sizes=\"auto, (max-width: 1024px) 100vw, 1024px\" \/><\/a><\/figure><\/li><li class=\"blocks-gallery-item\"><figure><a href=\"https:\/\/itftkd.sport\/es\/wp-content\/uploads\/sites\/7\/2021\/03\/Captura-de-Pantalla-2021-03-11-a-las-15.33.04.png\"><img loading=\"lazy\" decoding=\"async\" width=\"1024\" height=\"640\" src=\"https:\/\/itftkd.sport\/es\/wp-content\/uploads\/sites\/7\/2021\/03\/Captura-de-Pantalla-2021-03-11-a-las-15.33.04-1024x640.png\" alt=\"\" data-id=\"25067\" data-full-url=\"https:\/\/itftkd.sport\/es\/wp-content\/uploads\/sites\/7\/2021\/03\/Captura-de-Pantalla-2021-03-11-a-las-15.33.04.png\" data-link=\"https:\/\/itftkd.sport\/es\/?attachment_id=25067\" class=\"wp-image-25067\" srcset=\"https:\/\/itftkd.sport\/es\/wp-content\/uploads\/sites\/7\/2021\/03\/Captura-de-Pantalla-2021-03-11-a-las-15.33.04-1024x640.png 1024w, https:\/\/itftkd.sport\/es\/wp-content\/uploads\/sites\/7\/2021\/03\/Captura-de-Pantalla-2021-03-11-a-las-15.33.04-300x188.png 300w, https:\/\/itftkd.sport\/es\/wp-content\/uploads\/sites\/7\/2021\/03\/Captura-de-Pantalla-2021-03-11-a-las-15.33.04-768x480.png 768w\" sizes=\"auto, (max-width: 1024px) 100vw, 1024px\" \/><\/a><\/figure><\/li><li class=\"blocks-gallery-item\"><figure><a href=\"https:\/\/itftkd.sport\/es\/wp-content\/uploads\/sites\/7\/2021\/03\/Captura-de-Pantalla-2021-03-11-a-las-15.33.16.png\"><img loading=\"lazy\" decoding=\"async\" width=\"1024\" height=\"640\" src=\"https:\/\/itftkd.sport\/es\/wp-content\/uploads\/sites\/7\/2021\/03\/Captura-de-Pantalla-2021-03-11-a-las-15.33.16-1024x640.png\" alt=\"\" data-id=\"25068\" data-full-url=\"https:\/\/itftkd.sport\/es\/wp-content\/uploads\/sites\/7\/2021\/03\/Captura-de-Pantalla-2021-03-11-a-las-15.33.16.png\" data-link=\"https:\/\/itftkd.sport\/es\/?attachment_id=25068\" class=\"wp-image-25068\" srcset=\"https:\/\/itftkd.sport\/es\/wp-content\/uploads\/sites\/7\/2021\/03\/Captura-de-Pantalla-2021-03-11-a-las-15.33.16-1024x640.png 1024w, https:\/\/itftkd.sport\/es\/wp-content\/uploads\/sites\/7\/2021\/03\/Captura-de-Pantalla-2021-03-11-a-las-15.33.16-300x188.png 300w, https:\/\/itftkd.sport\/es\/wp-content\/uploads\/sites\/7\/2021\/03\/Captura-de-Pantalla-2021-03-11-a-las-15.33.16-768x480.png 768w\" sizes=\"auto, (max-width: 1024px) 100vw, 1024px\" \/><\/a><\/figure><\/li><li class=\"blocks-gallery-item\"><figure><a href=\"https:\/\/itftkd.sport\/es\/wp-content\/uploads\/sites\/7\/2021\/03\/Captura-de-Pantalla-2021-03-11-a-las-15.33.29.png\"><img loading=\"lazy\" decoding=\"async\" width=\"1024\" height=\"640\" src=\"https:\/\/itftkd.sport\/es\/wp-content\/uploads\/sites\/7\/2021\/03\/Captura-de-Pantalla-2021-03-11-a-las-15.33.29-1024x640.png\" alt=\"\" data-id=\"25069\" data-full-url=\"https:\/\/itftkd.sport\/es\/wp-content\/uploads\/sites\/7\/2021\/03\/Captura-de-Pantalla-2021-03-11-a-las-15.33.29.png\" data-link=\"https:\/\/itftkd.sport\/es\/?attachment_id=25069\" class=\"wp-image-25069\" srcset=\"https:\/\/itftkd.sport\/es\/wp-content\/uploads\/sites\/7\/2021\/03\/Captura-de-Pantalla-2021-03-11-a-las-15.33.29-1024x640.png 1024w, https:\/\/itftkd.sport\/es\/wp-content\/uploads\/sites\/7\/2021\/03\/Captura-de-Pantalla-2021-03-11-a-las-15.33.29-300x188.png 300w, https:\/\/itftkd.sport\/es\/wp-content\/uploads\/sites\/7\/2021\/03\/Captura-de-Pantalla-2021-03-11-a-las-15.33.29-768x480.png 768w\" sizes=\"auto, (max-width: 1024px) 100vw, 1024px\" \/><\/a><\/figure><\/li><li class=\"blocks-gallery-item\"><figure><a href=\"https:\/\/itftkd.sport\/es\/wp-content\/uploads\/sites\/7\/2021\/03\/Captura-de-Pantalla-2021-03-11-a-las-15.33.47.png\"><img loading=\"lazy\" decoding=\"async\" width=\"1024\" height=\"640\" src=\"https:\/\/itftkd.sport\/es\/wp-content\/uploads\/sites\/7\/2021\/03\/Captura-de-Pantalla-2021-03-11-a-las-15.33.47-1024x640.png\" alt=\"\" data-id=\"25070\" data-full-url=\"https:\/\/itftkd.sport\/es\/wp-content\/uploads\/sites\/7\/2021\/03\/Captura-de-Pantalla-2021-03-11-a-las-15.33.47.png\" data-link=\"https:\/\/itftkd.sport\/es\/?attachment_id=25070\" class=\"wp-image-25070\" srcset=\"https:\/\/itftkd.sport\/es\/wp-content\/uploads\/sites\/7\/2021\/03\/Captura-de-Pantalla-2021-03-11-a-las-15.33.47-1024x640.png 1024w, https:\/\/itftkd.sport\/es\/wp-content\/uploads\/sites\/7\/2021\/03\/Captura-de-Pantalla-2021-03-11-a-las-15.33.47-300x188.png 300w, https:\/\/itftkd.sport\/es\/wp-content\/uploads\/sites\/7\/2021\/03\/Captura-de-Pantalla-2021-03-11-a-las-15.33.47-768x480.png 768w\" sizes=\"auto, (max-width: 1024px) 100vw, 1024px\" \/><\/a><\/figure><\/li><\/ul><\/figure>\n","protected":false},"excerpt":{"rendered":"<p>El jueves 11 de marzo de 2021 se llev\u00f3 a cabo por Zoom, una nueva reuni\u00f3n del Comit\u00e9 Ejecutivo de la ITF con l\u00edderes de Centro y Sudam\u00e9rica.<\/p>\n","protected":false},"author":8,"featured_media":24958,"comment_status":"open","ping_status":"open","sticky":false,"template":"","format":"standard","meta":{"_tec_requires_first_save":true,"_uag_custom_page_level_css":"","_genesis_hide_title":false,"_genesis_hide_breadcrumbs":false,"_genesis_hide_singular_image":false,"_genesis_hide_footer_widgets":false,"_genesis_custom_body_class":"","_genesis_custom_post_class":"","_genesis_layout":"","_EventAllDay":false,"_EventTimezone":"","_EventStartDate":"","_EventEndDate":"","_EventStartDateUTC":"","_EventEndDateUTC":"","_EventShowMap":false,"_EventShowMapLink":false,"_EventURL":"","_EventCost":"","_EventCostDescription":"","_EventCurrencySymbol":"","_EventCurrencyCode":"","_EventCurrencyPosition":"","_EventDateTimeSeparator":"","_EventTimeRangeSeparator":"","_EventOrganizerID":[],"_EventVenueID":[0],"_OrganizerEmail":"","_OrganizerPhone":"","_OrganizerWebsite":"","_VenueAddress":"","_VenueCity":"","_VenueCountry":"","_VenueProvince":"","_VenueState":"","_VenueZip":"","_VenuePhone":"","_VenueURL":"","_VenueStateProvince":"","_VenueLat":"","_VenueLng":"","_VenueShowMap":false,"_VenueShowMapLink":false,"_tribe_blocks_recurrence_rules":"","_tribe_blocks_recurrence_description":"","_tribe_blocks_recurrence_exclusions":"","editor_notices":[],"footnotes":""},"categories":[132,131,6],"tags":[],"class_list":["post-25062","post","type-post","status-publish","format-standard","has-post-thumbnail","category-destacadas","category-noticias-institucionales","category-noticias-regionales","entry"],"featured_image_src":"https:\/\/itftkd.sport\/es\/wp-content\/uploads\/sites\/7\/2021\/02\/2da-reunionde-lideres-600x400.jpeg","featured_image_src_square":"https:\/\/itftkd.sport\/es\/wp-content\/uploads\/sites\/7\/2021\/02\/2da-reunionde-lideres-600x600.jpeg","author_info":{"display_name":"grosi","author_link":"https:\/\/itftkd.sport\/es\/author\/grosi\/"},"uagb_featured_image_src":{"full":["https:\/\/itftkd.sport\/es\/wp-content\/uploads\/sites\/7\/2021\/02\/2da-reunionde-lideres.jpeg",1280,1280,false],"thumbnail":["https:\/\/itftkd.sport\/es\/wp-content\/uploads\/sites\/7\/2021\/02\/2da-reunionde-lideres-150x150.jpeg",150,150,true],"medium":["https:\/\/itftkd.sport\/es\/wp-content\/uploads\/sites\/7\/2021\/02\/2da-reunionde-lideres-300x300.jpeg",300,300,true],"medium_large":["https:\/\/itftkd.sport\/es\/wp-content\/uploads\/sites\/7\/2021\/02\/2da-reunionde-lideres-768x768.jpeg",768,768,true],"large":["https:\/\/itftkd.sport\/es\/wp-content\/uploads\/sites\/7\/2021\/02\/2da-reunionde-lideres-1024x1024.jpeg",1024,1024,true],"1536x1536":["https:\/\/itftkd.sport\/es\/wp-content\/uploads\/sites\/7\/2021\/02\/2da-reunionde-lideres.jpeg",1280,1280,false],"2048x2048":["https:\/\/itftkd.sport\/es\/wp-content\/uploads\/sites\/7\/2021\/02\/2da-reunionde-lideres.jpeg",1280,1280,false],"banner":["https:\/\/itftkd.sport\/es\/wp-content\/uploads\/sites\/7\/2021\/02\/2da-reunionde-lideres-1280x533.jpeg",1280,533,true],"section":["https:\/\/itftkd.sport\/es\/wp-content\/uploads\/sites\/7\/2021\/02\/2da-reunionde-lideres-1280x900.jpeg",1280,900,true],"full-width":["https:\/\/itftkd.sport\/es\/wp-content\/uploads\/sites\/7\/2021\/02\/2da-reunionde-lideres-1248x832.jpeg",1248,832,true],"featured":["https:\/\/itftkd.sport\/es\/wp-content\/uploads\/sites\/7\/2021\/02\/2da-reunionde-lideres-800x600.jpeg",800,600,true],"one-half":["https:\/\/itftkd.sport\/es\/wp-content\/uploads\/sites\/7\/2021\/02\/2da-reunionde-lideres-550x413.jpeg",550,413,true],"one-third":["https:\/\/itftkd.sport\/es\/wp-content\/uploads\/sites\/7\/2021\/02\/2da-reunionde-lideres-350x263.jpeg",350,263,true],"one-fourth":["https:\/\/itftkd.sport\/es\/wp-content\/uploads\/sites\/7\/2021\/02\/2da-reunionde-lideres-260x195.jpeg",260,195,true],"tiny":["https:\/\/itftkd.sport\/es\/wp-content\/uploads\/sites\/7\/2021\/02\/2da-reunionde-lideres-80x80.jpeg",80,80,true],"ab-block-post-grid-landscape":["https:\/\/itftkd.sport\/es\/wp-content\/uploads\/sites\/7\/2021\/02\/2da-reunionde-lideres-600x400.jpeg",600,400,true],"ab-block-post-grid-square":["https:\/\/itftkd.sport\/es\/wp-content\/uploads\/sites\/7\/2021\/02\/2da-reunionde-lideres-600x600.jpeg",600,600,true],"gform-image-choice-sm":["https:\/\/itftkd.sport\/es\/wp-content\/uploads\/sites\/7\/2021\/02\/2da-reunionde-lideres.jpeg",300,300,false],"gform-image-choice-md":["https:\/\/itftkd.sport\/es\/wp-content\/uploads\/sites\/7\/2021\/02\/2da-reunionde-lideres.jpeg",400,400,false],"gform-image-choice-lg":["https:\/\/itftkd.sport\/es\/wp-content\/uploads\/sites\/7\/2021\/02\/2da-reunionde-lideres.jpeg",600,600,false]},"uagb_author_info":{"display_name":"grosi","author_link":"https:\/\/itftkd.sport\/es\/author\/grosi\/"},"uagb_comment_info":1,"uagb_excerpt":"El jueves 11 de marzo de 2021 se llev\u00f3 a cabo por Zoom, una nueva reuni\u00f3n del Comit\u00e9 Ejecutivo de la ITF con l\u00edderes de Centro y Sudam\u00e9rica.","_links":{"self":[{"href":"https:\/\/itftkd.sport\/es\/wp-json\/wp\/v2\/posts\/25062","targetHints":{"allow":["GET"]}}],"collection":[{"href":"https:\/\/itftkd.sport\/es\/wp-json\/wp\/v2\/posts"}],"about":[{"href":"https:\/\/itftkd.sport\/es\/wp-json\/wp\/v2\/types\/post"}],"author":[{"embeddable":true,"href":"https:\/\/itftkd.sport\/es\/wp-json\/wp\/v2\/users\/8"}],"replies":[{"embeddable":true,"href":"https:\/\/itftkd.sport\/es\/wp-json\/wp\/v2\/comments?post=25062"}],"version-history":[{"count":4,"href":"https:\/\/itftkd.sport\/es\/wp-json\/wp\/v2\/posts\/25062\/revisions"}],"predecessor-version":[{"id":25142,"href":"https:\/\/itftkd.sport\/es\/wp-json\/wp\/v2\/posts\/25062\/revisions\/25142"}],"wp:featuredmedia":[{"embeddable":true,"href":"https:\/\/itftkd.sport\/es\/wp-json\/wp\/v2\/media\/24958"}],"wp:attachment":[{"href":"https:\/\/itftkd.sport\/es\/wp-json\/wp\/v2\/media?parent=25062"}],"wp:term":[{"taxonomy":"category","embeddable":true,"href":"https:\/\/itftkd.sport\/es\/wp-json\/wp\/v2\/categories?post=25062"},{"taxonomy":"post_tag","embeddable":true,"href":"https:\/\/itftkd.sport\/es\/wp-json\/wp\/v2\/tags?post=25062"}],"curies":[{"name":"wp","href":"https:\/\/api.w.org\/{rel}","templated":true}]}}