{"id":25048,"date":"2021-03-10T10:30:34","date_gmt":"2021-03-10T09:30:34","guid":{"rendered":"https:\/\/itftkd.sport\/es\/?p=25048"},"modified":"2021-03-24T14:23:22","modified_gmt":"2021-03-24T13:23:22","slug":"fallecio-el-sbn-viktor-stein-1956-2021","status":"publish","type":"post","link":"https:\/\/itftkd.sport\/es\/fallecio-el-sbn-viktor-stein-1956-2021\/","title":{"rendered":"Falleci\u00f3 el Sbn. Viktor Stein (1956 &#8211; 2021)"},"content":{"rendered":"\n<p>En nombre de la Junta Directiva de la International Taekwon-Do Federation, deseo expresar nuestras m\u00e1s profundas y sinceras condolencias y gran pesar por el fallecimiento del Presidente de <a href=\"https:\/\/itftkd.sport\/members\/national-associations\/europe\/\">Czech National Taekwon-Do Union<\/a>, Instructor International \u2013 Sbn.\u00a0Viktor Stein.<\/p>\n\n\n\n<div class=\"wp-block-image\"><figure class=\"aligncenter size-large is-resized\"><a href=\"https:\/\/itftkd.sport\/wp-content\/uploads\/2021\/03\/Sbn-Viktor-Stein.jpg\"><img loading=\"lazy\" decoding=\"async\" src=\"https:\/\/itftkd.sport\/wp-content\/uploads\/2021\/03\/Sbn-Viktor-Stein.jpg\" alt=\"Viktor-Stein-passed-away-Czech-Republic\" class=\"wp-image-25510\" width=\"394\" height=\"496\" \/><\/a><\/figure><\/div>\n\n\n\n<p>Toda la comunidad de Taekwon-Do en todo el mundo permanece en un profundo dolor junto con su familia, amigos y alumnos.<\/p>\n\n\n\n<p>Sbn. Viktor Stein permanecer\u00e1 en nuestra memoria no solo como el presidente de CzNTU y fundador del Taekwon-Do Club Sparring Mnichovice, sino tambi\u00e9n como una gran persona y maestro que hizo que las vidas de numerosas personas se volvieran significativas.<\/p>\n\n\n\n<p>Una parte de \u00c9l siempre nos acompa\u00f1ar\u00e1 cuando continuemos su obra.<\/p>\n\n\n\n<p>Tadeusz Loboda<\/p>\n\n\n\n<p>Secretario General de la ITF <\/p>\n","protected":false},"excerpt":{"rendered":"<p>Falleci\u00f3 el Presidente de Czech National Taekwon-Do Union, Instructor International \u2013 Sbn. Viktor Stein.<\/p>\n","protected":false},"author":4,"featured_media":25049,"comment_status":"open","ping_status":"open","sticky":false,"template":"","format":"standard","meta":{"_tec_requires_first_save":true,"_uag_custom_page_level_css":"","_genesis_hide_title":false,"_genesis_hide_breadcrumbs":false,"_genesis_hide_singular_image":false,"_genesis_hide_footer_widgets":false,"_genesis_custom_body_class":"","_genesis_custom_post_class":"","_genesis_layout":"","_EventAllDay":false,"_EventTimezone":"","_EventStartDate":"","_EventEndDate":"","_EventStartDateUTC":"","_EventEndDateUTC":"","_EventShowMap":false,"_EventShowMapLink":false,"_EventURL":"","_EventCost":"","_EventCostDescription":"","_EventCurrencySymbol":"","_EventCurrencyCode":"","_EventCurrencyPosition":"","_EventDateTimeSeparator":"","_EventTimeRangeSeparator":"","_EventOrganizerID":[],"_EventVenueID":[0],"_OrganizerEmail":"","_OrganizerPhone":"","_OrganizerWebsite":"","_VenueAddress":"","_VenueCity":"","_VenueCountry":"","_VenueProvince":"","_VenueState":"","_VenueZip":"","_VenuePhone":"","_VenueURL":"","_VenueStateProvince":"","_VenueLat":"","_VenueLng":"","_VenueShowMap":false,"_VenueShowMapLink":false,"_tribe_blocks_recurrence_rules":"","_tribe_blocks_recurrence_description":"","_tribe_blocks_recurrence_exclusions":"","editor_notices":[],"footnotes":""},"categories":[132,131],"tags":[],"class_list":["post-25048","post","type-post","status-publish","format-standard","has-post-thumbnail","category-destacadas","category-noticias-institucionales","entry"],"featured_image_src":"https:\/\/itftkd.sport\/es\/wp-content\/uploads\/sites\/7\/2021\/03\/Viktor-Stein-passed-away-600x400.jpg","featured_image_src_square":"https:\/\/itftkd.sport\/es\/wp-content\/uploads\/sites\/7\/2021\/03\/Viktor-Stein-passed-away-600x600.jpg","author_info":{"display_name":"FABIAN ITF","author_link":"https:\/\/itftkd.sport\/es\/author\/fabian-itf\/"},"uagb_featured_image_src":{"full":["https:\/\/itftkd.sport\/es\/wp-content\/uploads\/sites\/7\/2021\/03\/Viktor-Stein-passed-away.jpg",800,600,false],"thumbnail":["https:\/\/itftkd.sport\/es\/wp-content\/uploads\/sites\/7\/2021\/03\/Viktor-Stein-passed-away-150x150.jpg",150,150,true],"medium":["https:\/\/itftkd.sport\/es\/wp-content\/uploads\/sites\/7\/2021\/03\/Viktor-Stein-passed-away-300x225.jpg",300,225,true],"medium_large":["https:\/\/itftkd.sport\/es\/wp-content\/uploads\/sites\/7\/2021\/03\/Viktor-Stein-passed-away-768x576.jpg",768,576,true],"large":["https:\/\/itftkd.sport\/es\/wp-content\/uploads\/sites\/7\/2021\/03\/Viktor-Stein-passed-away.jpg",800,600,false],"1536x1536":["https:\/\/itftkd.sport\/es\/wp-content\/uploads\/sites\/7\/2021\/03\/Viktor-Stein-passed-away.jpg",800,600,false],"2048x2048":["https:\/\/itftkd.sport\/es\/wp-content\/uploads\/sites\/7\/2021\/03\/Viktor-Stein-passed-away.jpg",800,600,false],"banner":["https:\/\/itftkd.sport\/es\/wp-content\/uploads\/sites\/7\/2021\/03\/Viktor-Stein-passed-away-800x533.jpg",800,533,true],"section":["https:\/\/itftkd.sport\/es\/wp-content\/uploads\/sites\/7\/2021\/03\/Viktor-Stein-passed-away.jpg",800,600,false],"full-width":["https:\/\/itftkd.sport\/es\/wp-content\/uploads\/sites\/7\/2021\/03\/Viktor-Stein-passed-away.jpg",800,600,false],"featured":["https:\/\/itftkd.sport\/es\/wp-content\/uploads\/sites\/7\/2021\/03\/Viktor-Stein-passed-away.jpg",800,600,false],"one-half":["https:\/\/itftkd.sport\/es\/wp-content\/uploads\/sites\/7\/2021\/03\/Viktor-Stein-passed-away-550x413.jpg",550,413,true],"one-third":["https:\/\/itftkd.sport\/es\/wp-content\/uploads\/sites\/7\/2021\/03\/Viktor-Stein-passed-away-350x263.jpg",350,263,true],"one-fourth":["https:\/\/itftkd.sport\/es\/wp-content\/uploads\/sites\/7\/2021\/03\/Viktor-Stein-passed-away-260x195.jpg",260,195,true],"tiny":["https:\/\/itftkd.sport\/es\/wp-content\/uploads\/sites\/7\/2021\/03\/Viktor-Stein-passed-away-80x80.jpg",80,80,true],"ab-block-post-grid-landscape":["https:\/\/itftkd.sport\/es\/wp-content\/uploads\/sites\/7\/2021\/03\/Viktor-Stein-passed-away-600x400.jpg",600,400,true],"ab-block-post-grid-square":["https:\/\/itftkd.sport\/es\/wp-content\/uploads\/sites\/7\/2021\/03\/Viktor-Stein-passed-away-600x600.jpg",600,600,true],"gform-image-choice-sm":["https:\/\/itftkd.sport\/es\/wp-content\/uploads\/sites\/7\/2021\/03\/Viktor-Stein-passed-away.jpg",300,225,false],"gform-image-choice-md":["https:\/\/itftkd.sport\/es\/wp-content\/uploads\/sites\/7\/2021\/03\/Viktor-Stein-passed-away.jpg",400,300,false],"gform-image-choice-lg":["https:\/\/itftkd.sport\/es\/wp-content\/uploads\/sites\/7\/2021\/03\/Viktor-Stein-passed-away.jpg",600,450,false]},"uagb_author_info":{"display_name":"FABIAN ITF","author_link":"https:\/\/itftkd.sport\/es\/author\/fabian-itf\/"},"uagb_comment_info":0,"uagb_excerpt":"Falleci\u00f3 el Presidente de Czech National Taekwon-Do Union, Instructor International \u2013 Sbn. Viktor Stein.","_links":{"self":[{"href":"https:\/\/itftkd.sport\/es\/wp-json\/wp\/v2\/posts\/25048","targetHints":{"allow":["GET"]}}],"collection":[{"href":"https:\/\/itftkd.sport\/es\/wp-json\/wp\/v2\/posts"}],"about":[{"href":"https:\/\/itftkd.sport\/es\/wp-json\/wp\/v2\/types\/post"}],"author":[{"embeddable":true,"href":"https:\/\/itftkd.sport\/es\/wp-json\/wp\/v2\/users\/4"}],"replies":[{"embeddable":true,"href":"https:\/\/itftkd.sport\/es\/wp-json\/wp\/v2\/comments?post=25048"}],"version-history":[{"count":2,"href":"https:\/\/itftkd.sport\/es\/wp-json\/wp\/v2\/posts\/25048\/revisions"}],"predecessor-version":[{"id":25175,"href":"https:\/\/itftkd.sport\/es\/wp-json\/wp\/v2\/posts\/25048\/revisions\/25175"}],"wp:featuredmedia":[{"embeddable":true,"href":"https:\/\/itftkd.sport\/es\/wp-json\/wp\/v2\/media\/25049"}],"wp:attachment":[{"href":"https:\/\/itftkd.sport\/es\/wp-json\/wp\/v2\/media?parent=25048"}],"wp:term":[{"taxonomy":"category","embeddable":true,"href":"https:\/\/itftkd.sport\/es\/wp-json\/wp\/v2\/categories?post=25048"},{"taxonomy":"post_tag","embeddable":true,"href":"https:\/\/itftkd.sport\/es\/wp-json\/wp\/v2\/tags?post=25048"}],"curies":[{"name":"wp","href":"https:\/\/api.w.org\/{rel}","templated":true}]}}