{"id":24652,"date":"2020-05-20T01:18:00","date_gmt":"2020-05-19T23:18:00","guid":{"rendered":"https:\/\/itftkd.sport\/es\/?p=24652"},"modified":"2021-01-18T14:10:59","modified_gmt":"2021-01-18T13:10:59","slug":"federacion-centro-y-sudamericana-de-taekwon-do-itf-2","status":"publish","type":"post","link":"https:\/\/itftkd.sport\/es\/federacion-centro-y-sudamericana-de-taekwon-do-itf-2\/","title":{"rendered":"Federaci\u00f3n Centro y Sudamericana de Taekwon-Do ITF"},"content":{"rendered":"\n<p><strong>REUNI\u00d3N DE COMISI\u00d3N DIRECTIVA DE LA FEDERACI\u00d3N CENTRO Y SUDAMERICANA DE TAEKWON-DO ITF VIA ZOOM<\/strong><\/p>\n\n\n\n<p>El s\u00e1bado16 de mayo se realiz\u00f3 la primera reuni\u00f3n de la Comisi\u00f3n Directiva de la Federaci\u00f3n Centro y Sudamericana de Taekwon-Do ITF, con la presencia de la totalidad de sus integrantes: Presidente: Abelardo Benzaqu\u00e9n de Argentina; Vicepresidente: Ra\u00fal S\u00e1nchez de Brasil, Secretario: Tulio Flores Aguilar de Per\u00fa; Tesorero: Gabriel Colina de Uruguay; Secretario de Torneos, \u00c1rbitros y Jueces: Omar Merodio de Argentina; Secretario T\u00e9cnico y de Instrucci\u00f3n: Gustavo Livon de Guatemala y Secretario de \u00c9tica y Disciplina: Brian Buck de Costa Rica.<\/p>\n\n\n\n<p>En la reuni\u00f3n se trataron temas de importancia para la regi\u00f3n como la situaci\u00f3n legal y formal de nuestra Federaci\u00f3n y los planes que en un futuro inmediato se tienen, en cuanto se abra la cuarentena.&nbsp;<\/p>\n\n\n\n<p>Tambi\u00e9n se discuti\u00f3 la importancia de sumar esfuerzos de que los pa\u00edses miembros de nuestra Federaci\u00f3n hagan su aporte para que la ITF sea incluida en el GAISF.&nbsp;<\/p>\n\n\n\n<p>Se discuti\u00f3 el futuro de los campeonatos Panamericano y Centro Sudamericano y la importancia de que la Federaci\u00f3n est\u00e9 m\u00e1s cerca de cada pa\u00eds miembro y les brinde apoyo y asesoramiento permanente.&nbsp;<\/p>\n\n\n\n<figure class=\"wp-block-image size-large\"><img loading=\"lazy\" decoding=\"async\" width=\"800\" height=\"450\" src=\"https:\/\/itftkd.sport\/wp-content\/uploads\/2020\/05\/meetingcentrosudamericana-e1589939135851.jpeg\" alt=\"Meeting confederaci\u00f3n centro y sudamericana de Taekwon-Do\" class=\"wp-image-20956\" \/><\/figure>\n\n\n\n<p>Maestro\u00a0<strong><em>Abelardo Benzaqu\u00e9n<\/em><\/strong><\/p>\n\n\n\n<p>Presidente<\/p>\n\n\n\n<p>Federaci\u00f3n C. y S. Americana de Taekwon-Do ITF\u00a0<\/p>\n","protected":false},"excerpt":{"rendered":"<p>REUNI\u00d3N DE COMISI\u00d3N DIRECTIVA DE LA FEDERACI\u00d3N CENTRO Y SUDAMERICANA DE TAEKWON-DO ITF VIA ZOOM El s\u00e1bado16 de mayo se realiz\u00f3 la primera reuni\u00f3n de la Comisi\u00f3n Directiva de la &hellip;<\/p>\n","protected":false},"author":10,"featured_media":20965,"comment_status":"open","ping_status":"open","sticky":false,"template":"","format":"standard","meta":{"_tec_requires_first_save":true,"_uag_custom_page_level_css":"","_genesis_hide_title":false,"_genesis_hide_breadcrumbs":false,"_genesis_hide_singular_image":false,"_genesis_hide_footer_widgets":false,"_genesis_custom_body_class":"","_genesis_custom_post_class":"","_genesis_layout":"","_EventAllDay":false,"_EventTimezone":"","_EventStartDate":"","_EventEndDate":"","_EventStartDateUTC":"","_EventEndDateUTC":"","_EventShowMap":false,"_EventShowMapLink":false,"_EventURL":"","_EventCost":"","_EventCostDescription":"","_EventCurrencySymbol":"","_EventCurrencyCode":"","_EventCurrencyPosition":"","_EventDateTimeSeparator":"","_EventTimeRangeSeparator":"","_EventOrganizerID":[],"_EventVenueID":[0],"_OrganizerEmail":"","_OrganizerPhone":"","_OrganizerWebsite":"","_VenueAddress":"","_VenueCity":"","_VenueCountry":"","_VenueProvince":"","_VenueState":"","_VenueZip":"","_VenuePhone":"","_VenueURL":"","_VenueStateProvince":"","_VenueLat":"","_VenueLng":"","_VenueShowMap":false,"_VenueShowMapLink":false,"_tribe_blocks_recurrence_rules":"","_tribe_blocks_recurrence_description":"","_tribe_blocks_recurrence_exclusions":"","editor_notices":[],"footnotes":""},"categories":[132,131,6],"tags":[],"class_list":["post-24652","post","type-post","status-publish","format-standard","has-post-thumbnail","category-destacadas","category-noticias-institucionales","category-noticias-regionales","entry"],"featured_image_src":"https:\/\/itftkd.sport\/es\/wp-content\/uploads\/sites\/7\/2020\/05\/Zoom-meeting-Centro-Sudamericana-600x400.jpg","featured_image_src_square":"https:\/\/itftkd.sport\/es\/wp-content\/uploads\/sites\/7\/2020\/05\/Zoom-meeting-Centro-Sudamericana-600x600.jpg","author_info":{"display_name":"ivan","author_link":"https:\/\/itftkd.sport\/es\/author\/ivan\/"},"uagb_featured_image_src":{"full":["https:\/\/itftkd.sport\/es\/wp-content\/uploads\/sites\/7\/2020\/05\/Zoom-meeting-Centro-Sudamericana.jpg",1003,752,false],"thumbnail":["https:\/\/itftkd.sport\/es\/wp-content\/uploads\/sites\/7\/2020\/05\/Zoom-meeting-Centro-Sudamericana-150x150.jpg",150,150,true],"medium":["https:\/\/itftkd.sport\/es\/wp-content\/uploads\/sites\/7\/2020\/05\/Zoom-meeting-Centro-Sudamericana-300x225.jpg",300,225,true],"medium_large":["https:\/\/itftkd.sport\/es\/wp-content\/uploads\/sites\/7\/2020\/05\/Zoom-meeting-Centro-Sudamericana-768x576.jpg",768,576,true],"large":["https:\/\/itftkd.sport\/es\/wp-content\/uploads\/sites\/7\/2020\/05\/Zoom-meeting-Centro-Sudamericana.jpg",1003,752,false],"1536x1536":["https:\/\/itftkd.sport\/es\/wp-content\/uploads\/sites\/7\/2020\/05\/Zoom-meeting-Centro-Sudamericana.jpg",1003,752,false],"2048x2048":["https:\/\/itftkd.sport\/es\/wp-content\/uploads\/sites\/7\/2020\/05\/Zoom-meeting-Centro-Sudamericana.jpg",1003,752,false],"banner":["https:\/\/itftkd.sport\/es\/wp-content\/uploads\/sites\/7\/2020\/05\/Zoom-meeting-Centro-Sudamericana-1003x533.jpg",1003,533,true],"section":["https:\/\/itftkd.sport\/es\/wp-content\/uploads\/sites\/7\/2020\/05\/Zoom-meeting-Centro-Sudamericana.jpg",1003,752,false],"full-width":["https:\/\/itftkd.sport\/es\/wp-content\/uploads\/sites\/7\/2020\/05\/Zoom-meeting-Centro-Sudamericana.jpg",1003,752,false],"featured":["https:\/\/itftkd.sport\/es\/wp-content\/uploads\/sites\/7\/2020\/05\/Zoom-meeting-Centro-Sudamericana-800x600.jpg",800,600,true],"one-half":["https:\/\/itftkd.sport\/es\/wp-content\/uploads\/sites\/7\/2020\/05\/Zoom-meeting-Centro-Sudamericana-550x413.jpg",550,413,true],"one-third":["https:\/\/itftkd.sport\/es\/wp-content\/uploads\/sites\/7\/2020\/05\/Zoom-meeting-Centro-Sudamericana-350x263.jpg",350,263,true],"one-fourth":["https:\/\/itftkd.sport\/es\/wp-content\/uploads\/sites\/7\/2020\/05\/Zoom-meeting-Centro-Sudamericana-260x195.jpg",260,195,true],"tiny":["https:\/\/itftkd.sport\/es\/wp-content\/uploads\/sites\/7\/2020\/05\/Zoom-meeting-Centro-Sudamericana-80x80.jpg",80,80,true],"ab-block-post-grid-landscape":["https:\/\/itftkd.sport\/es\/wp-content\/uploads\/sites\/7\/2020\/05\/Zoom-meeting-Centro-Sudamericana-600x400.jpg",600,400,true],"ab-block-post-grid-square":["https:\/\/itftkd.sport\/es\/wp-content\/uploads\/sites\/7\/2020\/05\/Zoom-meeting-Centro-Sudamericana-600x600.jpg",600,600,true],"gform-image-choice-sm":["https:\/\/itftkd.sport\/es\/wp-content\/uploads\/sites\/7\/2020\/05\/Zoom-meeting-Centro-Sudamericana.jpg",300,225,false],"gform-image-choice-md":["https:\/\/itftkd.sport\/es\/wp-content\/uploads\/sites\/7\/2020\/05\/Zoom-meeting-Centro-Sudamericana.jpg",400,300,false],"gform-image-choice-lg":["https:\/\/itftkd.sport\/es\/wp-content\/uploads\/sites\/7\/2020\/05\/Zoom-meeting-Centro-Sudamericana.jpg",600,450,false]},"uagb_author_info":{"display_name":"ivan","author_link":"https:\/\/itftkd.sport\/es\/author\/ivan\/"},"uagb_comment_info":0,"uagb_excerpt":"REUNI\u00d3N DE COMISI\u00d3N DIRECTIVA DE LA FEDERACI\u00d3N CENTRO Y SUDAMERICANA DE TAEKWON-DO ITF VIA ZOOM El s\u00e1bado16 de mayo se realiz\u00f3 la primera reuni\u00f3n de la Comisi\u00f3n Directiva de la &hellip;","_links":{"self":[{"href":"https:\/\/itftkd.sport\/es\/wp-json\/wp\/v2\/posts\/24652","targetHints":{"allow":["GET"]}}],"collection":[{"href":"https:\/\/itftkd.sport\/es\/wp-json\/wp\/v2\/posts"}],"about":[{"href":"https:\/\/itftkd.sport\/es\/wp-json\/wp\/v2\/types\/post"}],"author":[{"embeddable":true,"href":"https:\/\/itftkd.sport\/es\/wp-json\/wp\/v2\/users\/10"}],"replies":[{"embeddable":true,"href":"https:\/\/itftkd.sport\/es\/wp-json\/wp\/v2\/comments?post=24652"}],"version-history":[{"count":1,"href":"https:\/\/itftkd.sport\/es\/wp-json\/wp\/v2\/posts\/24652\/revisions"}],"predecessor-version":[{"id":24654,"href":"https:\/\/itftkd.sport\/es\/wp-json\/wp\/v2\/posts\/24652\/revisions\/24654"}],"wp:featuredmedia":[{"embeddable":true,"href":"https:\/\/itftkd.sport\/es\/wp-json\/wp\/v2\/media\/20965"}],"wp:attachment":[{"href":"https:\/\/itftkd.sport\/es\/wp-json\/wp\/v2\/media?parent=24652"}],"wp:term":[{"taxonomy":"category","embeddable":true,"href":"https:\/\/itftkd.sport\/es\/wp-json\/wp\/v2\/categories?post=24652"},{"taxonomy":"post_tag","embeddable":true,"href":"https:\/\/itftkd.sport\/es\/wp-json\/wp\/v2\/tags?post=24652"}],"curies":[{"name":"wp","href":"https:\/\/api.w.org\/{rel}","templated":true}]}}