{"id":24649,"date":"2020-05-31T18:15:00","date_gmt":"2020-05-31T16:15:00","guid":{"rendered":"https:\/\/itftkd.sport\/es\/?p=24649"},"modified":"2021-01-18T14:02:03","modified_gmt":"2021-01-18T13:02:03","slug":"conferencia-especial-del-gm-paul-weiler-para-america-del-sur","status":"publish","type":"post","link":"https:\/\/itftkd.sport\/es\/conferencia-especial-del-gm-paul-weiler-para-america-del-sur\/","title":{"rendered":"Conferencia especial del GM Paul Weiler para Am\u00e9rica del Sur"},"content":{"rendered":"\n<p>Excelente charla del ciclo organizado por FETRA ITF, con el presidente de la ITF, GM Paul Weiler y parte de su Junta Directiva.Tambi\u00e9n estuvieron presentes Grandes Maestros y miembros del comit\u00e9 ejecutivo de la Federaci\u00f3n Centro y Sudamericana de Taekwon-Do ITF y los Presidentes de las tres asociaciones aliadas en Argentina. Felicitaciones al Maestro Omar Gustavo Merodio por la invitaci\u00f3n y toda su gesti\u00f3n para la comunicaci\u00f3n v\u00eda Zoom.<\/p>\n\n\n\n<p>Dentro de los conceptos muy claros y valiosos expresados por GM Paul Weiler encontramos:<br>\u2022 Tenemos que estar activos f\u00edsica y mentalmente para volver al dojang.<br>\u2022 Tenemos que aprovechar este tiempo para seguir entrenando.<br>\u2022 Entendemos la situaci\u00f3n por la que est\u00e1n pasando los instructores porque s\u00e9 que la mayor\u00eda de ellos vive de sus clases de Taekwon-Do.<br>\u2022 Tenemos que estar felices de poder ense\u00f1ar a trav\u00e9s de Zoom, esto nos permite mantenernos en contacto con nuestros estudiantes e instructores. Al mismo tiempo, es una gran oportunidad para seguir ense\u00f1ando en pa\u00edses y lugares donde es imposible tener una estructura y es importante dar apoyo a trav\u00e9s de estos medios.<br>\u2022 Hacer cambios en la metodolog\u00eda de ense\u00f1anza solo requiere que todos queramos hacerlo y tengamos una mente abierta a las nuevas tecnolog\u00edas.<br>\u2022Tenemos que estar dispuestos a aprender, ense\u00f1ar y estar al d\u00eda para estar en l\u00ednea con las nuevas generaciones.<\/p>\n\n\n\n<p>Sigo cumpliendo lo prometido durante mi campa\u00f1a electoral: estar presente y apoyar al Taekwon-Do en Centro y Sudam\u00e9rica con acciones concretas \u201d.<\/p>\n\n\n\n<p>Destacamos y agradecemos la participaci\u00f3n del Maestro Loboda, secretario de la ITF, el Maestro Lazos Tsifildis, Vicepresidente y Leo Oros Duek, Tesorero de la ITF.<\/p>\n\n\n\n<figure class=\"wp-block-gallery columns-3 is-cropped wp-block-gallery-1 is-layout-flex wp-block-gallery-is-layout-flex\"><ul class=\"blocks-gallery-grid\"><li class=\"blocks-gallery-item\"><figure><img loading=\"lazy\" decoding=\"async\" width=\"1024\" height=\"576\" src=\"https:\/\/itftkd.sport\/wp-content\/uploads\/2020\/05\/benzaquen-1024x576.jpeg\" alt=\"\" data-id=\"21139\" data-full-url=\"https:\/\/itftkd.sport\/wp-content\/uploads\/2020\/05\/benzaquen.jpeg\" data-link=\"https:\/\/itftkd.sport\/?attachment_id=21139\" class=\"wp-image-21139\" \/><\/figure><\/li><li class=\"blocks-gallery-item\"><figure><img loading=\"lazy\" decoding=\"async\" width=\"1024\" height=\"576\" src=\"https:\/\/itftkd.sport\/wp-content\/uploads\/2020\/05\/condomi-1024x576.jpeg\" alt=\"\" data-id=\"21140\" data-full-url=\"https:\/\/itftkd.sport\/wp-content\/uploads\/2020\/05\/condomi.jpeg\" data-link=\"https:\/\/itftkd.sport\/?attachment_id=21140\" class=\"wp-image-21140\" \/><\/figure><\/li><li class=\"blocks-gallery-item\"><figure><img loading=\"lazy\" decoding=\"async\" width=\"1024\" height=\"576\" src=\"https:\/\/itftkd.sport\/wp-content\/uploads\/2020\/05\/loboda-1024x576.jpeg\" alt=\"\" data-id=\"21141\" data-full-url=\"https:\/\/itftkd.sport\/wp-content\/uploads\/2020\/05\/loboda.jpeg\" data-link=\"https:\/\/itftkd.sport\/?attachment_id=21141\" class=\"wp-image-21141\" \/><\/figure><\/li><li class=\"blocks-gallery-item\"><figure><img loading=\"lazy\" decoding=\"async\" width=\"1024\" height=\"576\" src=\"https:\/\/itftkd.sport\/wp-content\/uploads\/2020\/05\/marano-1024x576.jpeg\" alt=\"\" data-id=\"21142\" data-full-url=\"https:\/\/itftkd.sport\/wp-content\/uploads\/2020\/05\/marano.jpeg\" data-link=\"https:\/\/itftkd.sport\/?attachment_id=21142\" class=\"wp-image-21142\" \/><\/figure><\/li><li class=\"blocks-gallery-item\"><figure><img loading=\"lazy\" decoding=\"async\" width=\"1024\" height=\"576\" src=\"https:\/\/itftkd.sport\/wp-content\/uploads\/2020\/05\/merodio-1024x576.jpeg\" alt=\"\" data-id=\"21143\" data-full-url=\"https:\/\/itftkd.sport\/wp-content\/uploads\/2020\/05\/merodio.jpeg\" data-link=\"https:\/\/itftkd.sport\/?attachment_id=21143\" class=\"wp-image-21143\" \/><\/figure><\/li><li class=\"blocks-gallery-item\"><figure><img loading=\"lazy\" decoding=\"async\" width=\"1024\" height=\"576\" src=\"https:\/\/itftkd.sport\/wp-content\/uploads\/2020\/05\/todos-1024x576.jpeg\" alt=\"\" data-id=\"21145\" data-full-url=\"https:\/\/itftkd.sport\/wp-content\/uploads\/2020\/05\/todos.jpeg\" data-link=\"https:\/\/itftkd.sport\/?attachment_id=21145\" class=\"wp-image-21145\" \/><\/figure><\/li><\/ul><\/figure>\n\n\n\n<figure class=\"wp-block-image size-large\"><img loading=\"lazy\" decoding=\"async\" width=\"960\" height=\"958\" src=\"https:\/\/itftkd.sport\/wp-content\/uploads\/2020\/05\/posterweiler.jpeg\" alt=\"\" class=\"wp-image-21136\" srcset=\"https:\/\/itftkd.sport\/es\/wp-content\/uploads\/sites\/7\/2020\/05\/posterweiler.jpeg 960w, https:\/\/itftkd.sport\/es\/wp-content\/uploads\/sites\/7\/2020\/05\/posterweiler-300x300.jpeg 300w, https:\/\/itftkd.sport\/es\/wp-content\/uploads\/sites\/7\/2020\/05\/posterweiler-150x150.jpeg 150w, https:\/\/itftkd.sport\/es\/wp-content\/uploads\/sites\/7\/2020\/05\/posterweiler-768x766.jpeg 768w, https:\/\/itftkd.sport\/es\/wp-content\/uploads\/sites\/7\/2020\/05\/posterweiler-80x80.jpeg 80w, https:\/\/itftkd.sport\/es\/wp-content\/uploads\/sites\/7\/2020\/05\/posterweiler-600x600.jpeg 600w\" sizes=\"auto, (max-width: 960px) 100vw, 960px\" \/><\/figure>\n","protected":false},"excerpt":{"rendered":"<p>Excelente charla del ciclo organizado por FETRA ITF, con el presidente de la ITF, GM Paul Weiler y parte de su Junta Directiva.Tambi\u00e9n estuvieron presentes Grandes Maestros y miembros del &hellip;<\/p>\n","protected":false},"author":10,"featured_media":21148,"comment_status":"open","ping_status":"open","sticky":false,"template":"","format":"standard","meta":{"_tec_requires_first_save":true,"_uag_custom_page_level_css":"","_genesis_hide_title":false,"_genesis_hide_breadcrumbs":false,"_genesis_hide_singular_image":false,"_genesis_hide_footer_widgets":false,"_genesis_custom_body_class":"","_genesis_custom_post_class":"","_genesis_layout":"","_EventAllDay":false,"_EventTimezone":"","_EventStartDate":"","_EventEndDate":"","_EventStartDateUTC":"","_EventEndDateUTC":"","_EventShowMap":false,"_EventShowMapLink":false,"_EventURL":"","_EventCost":"","_EventCostDescription":"","_EventCurrencySymbol":"","_EventCurrencyCode":"","_EventCurrencyPosition":"","_EventDateTimeSeparator":"","_EventTimeRangeSeparator":"","_EventOrganizerID":[],"_EventVenueID":[0],"_OrganizerEmail":"","_OrganizerPhone":"","_OrganizerWebsite":"","_VenueAddress":"","_VenueCity":"","_VenueCountry":"","_VenueProvince":"","_VenueState":"","_VenueZip":"","_VenuePhone":"","_VenueURL":"","_VenueStateProvince":"","_VenueLat":"","_VenueLng":"","_VenueShowMap":false,"_VenueShowMapLink":false,"_tribe_blocks_recurrence_rules":"","_tribe_blocks_recurrence_description":"","_tribe_blocks_recurrence_exclusions":"","editor_notices":[],"footnotes":""},"categories":[132,131,6],"tags":[],"class_list":["post-24649","post","type-post","status-publish","format-standard","has-post-thumbnail","category-destacadas","category-noticias-institucionales","category-noticias-regionales","entry"],"featured_image_src":"https:\/\/itftkd.sport\/es\/wp-content\/uploads\/sites\/7\/2020\/05\/Charla-GM-Weiler-FETRA.jpg","featured_image_src_square":"https:\/\/itftkd.sport\/es\/wp-content\/uploads\/sites\/7\/2020\/05\/Charla-GM-Weiler-FETRA.jpg","author_info":{"display_name":"ivan","author_link":"https:\/\/itftkd.sport\/es\/author\/ivan\/"},"uagb_featured_image_src":{"full":["https:\/\/itftkd.sport\/es\/wp-content\/uploads\/sites\/7\/2020\/05\/Charla-GM-Weiler-FETRA.jpg",532,399,false],"thumbnail":["https:\/\/itftkd.sport\/es\/wp-content\/uploads\/sites\/7\/2020\/05\/Charla-GM-Weiler-FETRA-150x150.jpg",150,150,true],"medium":["https:\/\/itftkd.sport\/es\/wp-content\/uploads\/sites\/7\/2020\/05\/Charla-GM-Weiler-FETRA-300x225.jpg",300,225,true],"medium_large":["https:\/\/itftkd.sport\/es\/wp-content\/uploads\/sites\/7\/2020\/05\/Charla-GM-Weiler-FETRA.jpg",532,399,false],"large":["https:\/\/itftkd.sport\/es\/wp-content\/uploads\/sites\/7\/2020\/05\/Charla-GM-Weiler-FETRA.jpg",532,399,false],"1536x1536":["https:\/\/itftkd.sport\/es\/wp-content\/uploads\/sites\/7\/2020\/05\/Charla-GM-Weiler-FETRA.jpg",532,399,false],"2048x2048":["https:\/\/itftkd.sport\/es\/wp-content\/uploads\/sites\/7\/2020\/05\/Charla-GM-Weiler-FETRA.jpg",532,399,false],"banner":["https:\/\/itftkd.sport\/es\/wp-content\/uploads\/sites\/7\/2020\/05\/Charla-GM-Weiler-FETRA.jpg",532,399,false],"section":["https:\/\/itftkd.sport\/es\/wp-content\/uploads\/sites\/7\/2020\/05\/Charla-GM-Weiler-FETRA.jpg",532,399,false],"full-width":["https:\/\/itftkd.sport\/es\/wp-content\/uploads\/sites\/7\/2020\/05\/Charla-GM-Weiler-FETRA.jpg",532,399,false],"featured":["https:\/\/itftkd.sport\/es\/wp-content\/uploads\/sites\/7\/2020\/05\/Charla-GM-Weiler-FETRA.jpg",532,399,false],"one-half":["https:\/\/itftkd.sport\/es\/wp-content\/uploads\/sites\/7\/2020\/05\/Charla-GM-Weiler-FETRA.jpg",532,399,false],"one-third":["https:\/\/itftkd.sport\/es\/wp-content\/uploads\/sites\/7\/2020\/05\/Charla-GM-Weiler-FETRA-350x263.jpg",350,263,true],"one-fourth":["https:\/\/itftkd.sport\/es\/wp-content\/uploads\/sites\/7\/2020\/05\/Charla-GM-Weiler-FETRA-260x195.jpg",260,195,true],"tiny":["https:\/\/itftkd.sport\/es\/wp-content\/uploads\/sites\/7\/2020\/05\/Charla-GM-Weiler-FETRA-80x80.jpg",80,80,true],"ab-block-post-grid-landscape":["https:\/\/itftkd.sport\/es\/wp-content\/uploads\/sites\/7\/2020\/05\/Charla-GM-Weiler-FETRA.jpg",532,399,false],"ab-block-post-grid-square":["https:\/\/itftkd.sport\/es\/wp-content\/uploads\/sites\/7\/2020\/05\/Charla-GM-Weiler-FETRA.jpg",532,399,false],"gform-image-choice-sm":["https:\/\/itftkd.sport\/es\/wp-content\/uploads\/sites\/7\/2020\/05\/Charla-GM-Weiler-FETRA.jpg",300,225,false],"gform-image-choice-md":["https:\/\/itftkd.sport\/es\/wp-content\/uploads\/sites\/7\/2020\/05\/Charla-GM-Weiler-FETRA.jpg",400,300,false],"gform-image-choice-lg":["https:\/\/itftkd.sport\/es\/wp-content\/uploads\/sites\/7\/2020\/05\/Charla-GM-Weiler-FETRA.jpg",532,399,false]},"uagb_author_info":{"display_name":"ivan","author_link":"https:\/\/itftkd.sport\/es\/author\/ivan\/"},"uagb_comment_info":0,"uagb_excerpt":"Excelente charla del ciclo organizado por FETRA ITF, con el presidente de la ITF, GM Paul Weiler y parte de su Junta Directiva.Tambi\u00e9n estuvieron presentes Grandes Maestros y miembros del &hellip;","_links":{"self":[{"href":"https:\/\/itftkd.sport\/es\/wp-json\/wp\/v2\/posts\/24649","targetHints":{"allow":["GET"]}}],"collection":[{"href":"https:\/\/itftkd.sport\/es\/wp-json\/wp\/v2\/posts"}],"about":[{"href":"https:\/\/itftkd.sport\/es\/wp-json\/wp\/v2\/types\/post"}],"author":[{"embeddable":true,"href":"https:\/\/itftkd.sport\/es\/wp-json\/wp\/v2\/users\/10"}],"replies":[{"embeddable":true,"href":"https:\/\/itftkd.sport\/es\/wp-json\/wp\/v2\/comments?post=24649"}],"version-history":[{"count":1,"href":"https:\/\/itftkd.sport\/es\/wp-json\/wp\/v2\/posts\/24649\/revisions"}],"predecessor-version":[{"id":24651,"href":"https:\/\/itftkd.sport\/es\/wp-json\/wp\/v2\/posts\/24649\/revisions\/24651"}],"wp:featuredmedia":[{"embeddable":true,"href":"https:\/\/itftkd.sport\/es\/wp-json\/wp\/v2\/media\/21148"}],"wp:attachment":[{"href":"https:\/\/itftkd.sport\/es\/wp-json\/wp\/v2\/media?parent=24649"}],"wp:term":[{"taxonomy":"category","embeddable":true,"href":"https:\/\/itftkd.sport\/es\/wp-json\/wp\/v2\/categories?post=24649"},{"taxonomy":"post_tag","embeddable":true,"href":"https:\/\/itftkd.sport\/es\/wp-json\/wp\/v2\/tags?post=24649"}],"curies":[{"name":"wp","href":"https:\/\/api.w.org\/{rel}","templated":true}]}}