{"id":24222,"date":"2020-11-09T16:18:57","date_gmt":"2020-11-09T15:18:57","guid":{"rendered":"https:\/\/itftkd.sport\/es\/?p=24222"},"modified":"2020-11-09T16:19:00","modified_gmt":"2020-11-09T15:19:00","slug":"9a-reunion-de-la-junta-directiva-en-2020-a-traves-de-videoconferencia","status":"publish","type":"post","link":"https:\/\/itftkd.sport\/es\/9a-reunion-de-la-junta-directiva-en-2020-a-traves-de-videoconferencia\/","title":{"rendered":"\u00a19\u00aa reuni\u00f3n de la Junta Directiva en 2020 a trav\u00e9s de videoconferencia!"},"content":{"rendered":"\n<p>El domingo 8 de noviembre de 2020, el Consejo de Administraci\u00f3n de la ITF se reuni\u00f3 mediante videoconferencia por novena vez en 2020 para planificar y discutir el pr\u00f3ximo Congreso de la ITF y adoptar nuevas medidas para mejorar el servicio a nuestros miembros. Como en otras ocasiones, el Consejero Legal asisti\u00f3 a la reuni\u00f3n.<br>A pesar de la situaci\u00f3n del coronavirus, la tecnolog\u00eda de video nos permiti\u00f3 mantener las reuniones importantes del Consejo de Administraci\u00f3n y tomar decisiones relevantes de manera oportuna. El equipo est\u00e1 altamente motivado para trabajar para los miembros y sacar lo mejor de la situaci\u00f3n actual.<\/p>\n\n\n\n<p>En nombre del Board de la ITF<br>GM Paul Weiler<br>Presidente de la ITF<\/p>\n","protected":false},"excerpt":{"rendered":"<p>El domingo 8 de noviembre de 2020, el Consejo de Administraci\u00f3n de la ITF se reuni\u00f3 mediante videoconferencia por novena vez en 2020 para planificar y discutir el pr\u00f3ximo Congreso &hellip;<\/p>\n","protected":false},"author":8,"featured_media":24225,"comment_status":"open","ping_status":"open","sticky":false,"template":"","format":"standard","meta":{"_tec_requires_first_save":true,"_uag_custom_page_level_css":"","_genesis_hide_title":false,"_genesis_hide_breadcrumbs":false,"_genesis_hide_singular_image":false,"_genesis_hide_footer_widgets":false,"_genesis_custom_body_class":"","_genesis_custom_post_class":"","_genesis_layout":"","_EventAllDay":false,"_EventTimezone":"","_EventStartDate":"","_EventEndDate":"","_EventStartDateUTC":"","_EventEndDateUTC":"","_EventShowMap":false,"_EventShowMapLink":false,"_EventURL":"","_EventCost":"","_EventCostDescription":"","_EventCurrencySymbol":"","_EventCurrencyCode":"","_EventCurrencyPosition":"","_EventDateTimeSeparator":"","_EventTimeRangeSeparator":"","_EventOrganizerID":[],"_EventVenueID":[0],"_OrganizerEmail":"","_OrganizerPhone":"","_OrganizerWebsite":"","_VenueAddress":"","_VenueCity":"","_VenueCountry":"","_VenueProvince":"","_VenueState":"","_VenueZip":"","_VenuePhone":"","_VenueURL":"","_VenueStateProvince":"","_VenueLat":"","_VenueLng":"","_VenueShowMap":false,"_VenueShowMapLink":false,"_tribe_blocks_recurrence_rules":"","_tribe_blocks_recurrence_description":"","_tribe_blocks_recurrence_exclusions":"","editor_notices":[],"footnotes":""},"categories":[132,131],"tags":[],"class_list":["post-24222","post","type-post","status-publish","format-standard","has-post-thumbnail","category-destacadas","category-noticias-institucionales","entry"],"featured_image_src":"https:\/\/itftkd.sport\/es\/wp-content\/uploads\/sites\/7\/2020\/11\/IMG-20201108-WA0001-600x400.jpg","featured_image_src_square":"https:\/\/itftkd.sport\/es\/wp-content\/uploads\/sites\/7\/2020\/11\/IMG-20201108-WA0001-600x600.jpg","author_info":{"display_name":"grosi","author_link":"https:\/\/itftkd.sport\/es\/author\/grosi\/"},"uagb_featured_image_src":{"full":["https:\/\/itftkd.sport\/es\/wp-content\/uploads\/sites\/7\/2020\/11\/IMG-20201108-WA0001.jpg",1280,960,false],"thumbnail":["https:\/\/itftkd.sport\/es\/wp-content\/uploads\/sites\/7\/2020\/11\/IMG-20201108-WA0001-150x150.jpg",150,150,true],"medium":["https:\/\/itftkd.sport\/es\/wp-content\/uploads\/sites\/7\/2020\/11\/IMG-20201108-WA0001-300x225.jpg",300,225,true],"medium_large":["https:\/\/itftkd.sport\/es\/wp-content\/uploads\/sites\/7\/2020\/11\/IMG-20201108-WA0001-768x576.jpg",768,576,true],"large":["https:\/\/itftkd.sport\/es\/wp-content\/uploads\/sites\/7\/2020\/11\/IMG-20201108-WA0001-1024x768.jpg",1024,768,true],"1536x1536":["https:\/\/itftkd.sport\/es\/wp-content\/uploads\/sites\/7\/2020\/11\/IMG-20201108-WA0001.jpg",1280,960,false],"2048x2048":["https:\/\/itftkd.sport\/es\/wp-content\/uploads\/sites\/7\/2020\/11\/IMG-20201108-WA0001.jpg",1280,960,false],"banner":["https:\/\/itftkd.sport\/es\/wp-content\/uploads\/sites\/7\/2020\/11\/IMG-20201108-WA0001-1280x533.jpg",1280,533,true],"section":["https:\/\/itftkd.sport\/es\/wp-content\/uploads\/sites\/7\/2020\/11\/IMG-20201108-WA0001-1280x900.jpg",1280,900,true],"full-width":["https:\/\/itftkd.sport\/es\/wp-content\/uploads\/sites\/7\/2020\/11\/IMG-20201108-WA0001-1248x832.jpg",1248,832,true],"featured":["https:\/\/itftkd.sport\/es\/wp-content\/uploads\/sites\/7\/2020\/11\/IMG-20201108-WA0001-800x600.jpg",800,600,true],"one-half":["https:\/\/itftkd.sport\/es\/wp-content\/uploads\/sites\/7\/2020\/11\/IMG-20201108-WA0001-550x413.jpg",550,413,true],"one-third":["https:\/\/itftkd.sport\/es\/wp-content\/uploads\/sites\/7\/2020\/11\/IMG-20201108-WA0001-350x263.jpg",350,263,true],"one-fourth":["https:\/\/itftkd.sport\/es\/wp-content\/uploads\/sites\/7\/2020\/11\/IMG-20201108-WA0001-260x195.jpg",260,195,true],"tiny":["https:\/\/itftkd.sport\/es\/wp-content\/uploads\/sites\/7\/2020\/11\/IMG-20201108-WA0001-80x80.jpg",80,80,true],"ab-block-post-grid-landscape":["https:\/\/itftkd.sport\/es\/wp-content\/uploads\/sites\/7\/2020\/11\/IMG-20201108-WA0001-600x400.jpg",600,400,true],"ab-block-post-grid-square":["https:\/\/itftkd.sport\/es\/wp-content\/uploads\/sites\/7\/2020\/11\/IMG-20201108-WA0001-600x600.jpg",600,600,true],"gform-image-choice-sm":["https:\/\/itftkd.sport\/es\/wp-content\/uploads\/sites\/7\/2020\/11\/IMG-20201108-WA0001.jpg",300,225,false],"gform-image-choice-md":["https:\/\/itftkd.sport\/es\/wp-content\/uploads\/sites\/7\/2020\/11\/IMG-20201108-WA0001.jpg",400,300,false],"gform-image-choice-lg":["https:\/\/itftkd.sport\/es\/wp-content\/uploads\/sites\/7\/2020\/11\/IMG-20201108-WA0001.jpg",600,450,false]},"uagb_author_info":{"display_name":"grosi","author_link":"https:\/\/itftkd.sport\/es\/author\/grosi\/"},"uagb_comment_info":0,"uagb_excerpt":"El domingo 8 de noviembre de 2020, el Consejo de Administraci\u00f3n de la ITF se reuni\u00f3 mediante videoconferencia por novena vez en 2020 para planificar y discutir el pr\u00f3ximo Congreso &hellip;","_links":{"self":[{"href":"https:\/\/itftkd.sport\/es\/wp-json\/wp\/v2\/posts\/24222","targetHints":{"allow":["GET"]}}],"collection":[{"href":"https:\/\/itftkd.sport\/es\/wp-json\/wp\/v2\/posts"}],"about":[{"href":"https:\/\/itftkd.sport\/es\/wp-json\/wp\/v2\/types\/post"}],"author":[{"embeddable":true,"href":"https:\/\/itftkd.sport\/es\/wp-json\/wp\/v2\/users\/8"}],"replies":[{"embeddable":true,"href":"https:\/\/itftkd.sport\/es\/wp-json\/wp\/v2\/comments?post=24222"}],"version-history":[{"count":1,"href":"https:\/\/itftkd.sport\/es\/wp-json\/wp\/v2\/posts\/24222\/revisions"}],"predecessor-version":[{"id":24224,"href":"https:\/\/itftkd.sport\/es\/wp-json\/wp\/v2\/posts\/24222\/revisions\/24224"}],"wp:featuredmedia":[{"embeddable":true,"href":"https:\/\/itftkd.sport\/es\/wp-json\/wp\/v2\/media\/24225"}],"wp:attachment":[{"href":"https:\/\/itftkd.sport\/es\/wp-json\/wp\/v2\/media?parent=24222"}],"wp:term":[{"taxonomy":"category","embeddable":true,"href":"https:\/\/itftkd.sport\/es\/wp-json\/wp\/v2\/categories?post=24222"},{"taxonomy":"post_tag","embeddable":true,"href":"https:\/\/itftkd.sport\/es\/wp-json\/wp\/v2\/tags?post=24222"}],"curies":[{"name":"wp","href":"https:\/\/api.w.org\/{rel}","templated":true}]}}