{"id":23965,"date":"2020-10-27T11:26:49","date_gmt":"2020-10-27T10:26:49","guid":{"rendered":"https:\/\/itftkd.sport\/es\/?p=23965"},"modified":"2020-10-27T12:53:04","modified_gmt":"2020-10-27T11:53:04","slug":"comenzo-el-i-curso-online-de-taekwon-do-adaptado","status":"publish","type":"post","link":"https:\/\/itftkd.sport\/es\/comenzo-el-i-curso-online-de-taekwon-do-adaptado\/","title":{"rendered":"Comenz\u00f3 el I Curso online de Taekwon-Do Adaptado"},"content":{"rendered":"\n<p>Con la presencia del GM Paul Weiler, Presidente de la ITF, del GM H\u00e9ctor Marano, Presidente del Comit\u00e9 T\u00e9cnico y de Instrucci\u00f3n de la ITF y de los GM Guillermo Ramisch, Jorge Condom\u00ed y Armando Villegas, entre otros Maestros e Instructores, el s\u00e1bado 24 de octubre tuvo lugar el primer m\u00f3dulo del Curso de Taewkon-Do Adaptado en espa\u00f1ol.<\/p>\n\n\n\n<p>Cont\u00f3 con la participaci\u00f3n de 142 instructores de Argentina, Uruguay, Chile, Paraguay, Bolivia, Brasil, Ecuador, Colombia, Venezuela, Nicaragua, Guatemala, Costa Rica, Puerto Rico, Cuba, Honduras, B\u00e9lgica, Inglaterra, Israel, Australia, Taiw\u00e1n, Italia, Espa\u00f1a, Estados Unidos y Canad\u00e1.<\/p>\n\n\n\n<div class=\"wp-block-image\"><figure class=\"alignright size-one-half\"><a href=\"https:\/\/itftkd.sport\/wp-content\/uploads\/2020\/07\/IAC-adapted-3-1024x768-1.jpg\"><img loading=\"lazy\" decoding=\"async\" width=\"550\" height=\"413\" src=\"https:\/\/itftkd.sport\/wp-content\/uploads\/2020\/07\/IAC-adapted-3-1024x768-1-550x413.jpg\" alt=\"IAC-adapted-3-1024x768\" class=\"wp-image-22027\" srcset=\"https:\/\/itftkd.sport\/es\/wp-content\/uploads\/sites\/7\/2020\/07\/IAC-adapted-3-1024x768-1-550x413.jpg 550w, https:\/\/itftkd.sport\/es\/wp-content\/uploads\/sites\/7\/2020\/07\/IAC-adapted-3-1024x768-1-300x225.jpg 300w, https:\/\/itftkd.sport\/es\/wp-content\/uploads\/sites\/7\/2020\/07\/IAC-adapted-3-1024x768-1-350x263.jpg 350w, https:\/\/itftkd.sport\/es\/wp-content\/uploads\/sites\/7\/2020\/07\/IAC-adapted-3-1024x768-1-260x195.jpg 260w\" sizes=\"auto, (max-width: 550px) 100vw, 550px\" \/><\/a><figcaption>\u00abCuando un alumno con deficiencia llega al Dojang, yo no miro la silla de ruedas o su especial condici\u00f3n, presto atenci\u00f3n a la persona\u00bb. BooSabum Anabel Vicario<\/figcaption><\/figure><\/div>\n\n\n\n<h3 class=\"wp-block-heading\"><strong>Hecho hist\u00f3rico<\/strong><\/h3>\n\n\n\n<p>Las palabras de apertura estuvieron a cargo del GM Weiler, quien record\u00f3 al GM Tr\u00e2n Tri\u00eau Qu\u00e2n al hacer menci\u00f3n a las cuatro facetas con las que definiera al Taekwon-Do, principalmente a la que lo describe como una herramienta para el desarrollo social, al mismo tiempo en que aclar\u00f3 que con este Programa, la ITF est\u00e1 cerrando un c\u00edrculo en cuanto a las capacitaciones para los instructores, junto con los otros programas de Kids y Harmony.<\/p>\n\n\n\n<p>Las personas con alg\u00fan tipo de necesidad especial comprenden el 15% de la poblaci\u00f3n mundial, constituyendo la mayor minor\u00eda de la humanidad. Esto \u00faltimo nos da una real dimensi\u00f3n de la importancia del trabajo que est\u00e1 llevando adelante el Comit\u00e9 de Inclusi\u00f3n, concluy\u00f3.<\/p>\n\n\n\n<p>Como el mismo presidente se ocup\u00f3 de decir, este evento representa un hecho hist\u00f3rico por partida doble. Por un lado, es el primer curso oficial dictado \u00edntegramente en l\u00ednea, y por el otro, el primero referido a este nuevo Programa de Taekwon-Do Adaptado.<\/p>\n\n\n\n<p>Al hablar de Taekwon-Do Adaptado, estamos hablando de permitir que aquellas personas que tienen ciertas dificultades puedan entrenar y disfrutar nuestro Arte Marcial, lo que significa inclusi\u00f3n, que es un derecho humano, agreg\u00f3.<\/p>\n\n\n\n<div class=\"wp-block-image\"><figure class=\"alignleft size-one-half\"><a href=\"https:\/\/itftkd.sport\/wp-content\/uploads\/2020\/07\/IAC-adapted-1-1024x768-1.jpg\"><img loading=\"lazy\" decoding=\"async\" width=\"550\" height=\"413\" src=\"https:\/\/itftkd.sport\/wp-content\/uploads\/2020\/07\/IAC-adapted-1-1024x768-1-550x413.jpg\" alt=\"IAC-adapted-1-1024x768\" class=\"wp-image-22025\" srcset=\"https:\/\/itftkd.sport\/es\/wp-content\/uploads\/sites\/7\/2020\/07\/IAC-adapted-1-1024x768-1-550x413.jpg 550w, https:\/\/itftkd.sport\/es\/wp-content\/uploads\/sites\/7\/2020\/07\/IAC-adapted-1-1024x768-1-300x225.jpg 300w, https:\/\/itftkd.sport\/es\/wp-content\/uploads\/sites\/7\/2020\/07\/IAC-adapted-1-1024x768-1-350x263.jpg 350w, https:\/\/itftkd.sport\/es\/wp-content\/uploads\/sites\/7\/2020\/07\/IAC-adapted-1-1024x768-1-260x195.jpg 260w\" sizes=\"auto, (max-width: 550px) 100vw, 550px\" \/><\/a><figcaption>\u00abNo inventamos nada, trabajamos d\u00eda a d\u00eda para ayudar desde el Taekwon-Do, a mejorar la calidad de vida de las personas con ciertas condiciones\u00bb. Sabum Leonardo Oros Duek<\/figcaption><\/figure><\/div>\n\n\n\n<h3 class=\"wp-block-heading\"><strong>Los contenidos<\/strong><\/h3>\n\n\n\n<p>Entre los t\u00f3picos que fueron transmitidos estuvieron el uso del lenguaje al referirse a las personas con ciertas condiciones especiales, la importancia de la estimulaci\u00f3n temprana, la relaci\u00f3n con la familia de un alumno con capacidades especiales, normas de seguridad, el aspecto deportivo y recomendaciones a la hora de estructurar una clase.<\/p>\n\n\n\n<p>Todo el conocimiento y la experiencia del Sabum Leonardo Oros Duek y de la BooSabum Anabel Vicario quedaron al descubierto cuando compartieron recomendaciones para hacer frente durante una clase, a las posibles crisis, producto de la condici\u00f3n del alumno.<\/p>\n\n\n\n<p>Adem\u00e1s, los expositores compartieron videos y una presentaci\u00f3n en la que se ilustr\u00f3 el abordaje desde el Taekwon-Do de a la hora de preparar y conducir clases para personas con ciertas condiciones como el Trastorno del Aspecto Autista y el Trastorno de Hiperactividad y D\u00e9ficit de Atenci\u00f3n.<\/p>\n\n\n\n<div class=\"wp-block-image\"><figure class=\"aligncenter size-full is-resized\"><a href=\"https:\/\/itftkd.sport\/es\/wp-content\/uploads\/sites\/7\/2020\/10\/Seminario-OnLine-Adaptado.jpg\"><img loading=\"lazy\" decoding=\"async\" src=\"https:\/\/itftkd.sport\/es\/wp-content\/uploads\/sites\/7\/2020\/10\/Seminario-OnLine-Adaptado.jpg\" alt=\"Pieza-Curso-OnLine-Adaptado\" class=\"wp-image-23975\" width=\"782\" height=\"782\" srcset=\"https:\/\/itftkd.sport\/es\/wp-content\/uploads\/sites\/7\/2020\/10\/Seminario-OnLine-Adaptado.jpg 1043w, https:\/\/itftkd.sport\/es\/wp-content\/uploads\/sites\/7\/2020\/10\/Seminario-OnLine-Adaptado-300x300.jpg 300w, https:\/\/itftkd.sport\/es\/wp-content\/uploads\/sites\/7\/2020\/10\/Seminario-OnLine-Adaptado-150x150.jpg 150w, https:\/\/itftkd.sport\/es\/wp-content\/uploads\/sites\/7\/2020\/10\/Seminario-OnLine-Adaptado-768x768.jpg 768w, https:\/\/itftkd.sport\/es\/wp-content\/uploads\/sites\/7\/2020\/10\/Seminario-OnLine-Adaptado-80x80.jpg 80w, https:\/\/itftkd.sport\/es\/wp-content\/uploads\/sites\/7\/2020\/10\/Seminario-OnLine-Adaptado-600x600.jpg 600w\" sizes=\"auto, (max-width: 782px) 100vw, 782px\" \/><\/a><\/figure><\/div>\n\n\n\n<h3 class=\"wp-block-heading\"><strong>Cierre<\/strong><\/h3>\n\n\n\n<p>El primero de los tres m\u00f3dulos de este 1\u00ba Curso Oficial Online de Taekwon-Do Adaptado en espa\u00f1ol, se cerr\u00f3 con innumerables manifestaciones de felicitaciones y apoyo por parte de los participantes.<\/p>\n\n\n\n<p>Sin lugar a dudas que, con la in\u00e9dita modalidad en l\u00ednea para impartir cursos oficiales y los contenidos vertidos, se est\u00e1n derrumbando barreras.<\/p>\n\n\n\n<p>Al decir del presidente GM Weiler \u201ccada uno de nosotros es un ser social que desea vivir en un mundo libre y en paz, por lo cual es nuestra obligaci\u00f3n ayudar a construir ese mundo\u2019.<\/p>\n\n\n\n<p>\u2018Estoy cien por ciento convencido de que el General Choi Hong Hi estar\u00eda orgulloso de este Programa, y con seguridad que este proyecto va a elevar la reputaci\u00f3n de nuestra ITF y va a abrir nuevas puertas\u2026 las puertas a una verdadera inclusi\u00f3n\u201d, agreg\u00f3.<\/p>\n","protected":false},"excerpt":{"rendered":"<p>Con la presencia del GM Paul Weiler, Presidente de la ITF, del GM H\u00e9ctor Marano, Presidente del Comit\u00e9 T\u00e9cnico y de Instrucci\u00f3n de la ITF y de los GM Guillermo &hellip;<\/p>\n","protected":false},"author":4,"featured_media":23966,"comment_status":"open","ping_status":"open","sticky":false,"template":"","format":"standard","meta":{"_tec_requires_first_save":true,"_uag_custom_page_level_css":"","_genesis_hide_title":false,"_genesis_hide_breadcrumbs":false,"_genesis_hide_singular_image":false,"_genesis_hide_footer_widgets":false,"_genesis_custom_body_class":"","_genesis_custom_post_class":"","_genesis_layout":"","_EventAllDay":false,"_EventTimezone":"","_EventStartDate":"","_EventEndDate":"","_EventStartDateUTC":"","_EventEndDateUTC":"","_EventShowMap":false,"_EventShowMapLink":false,"_EventURL":"","_EventCost":"","_EventCostDescription":"","_EventCurrencySymbol":"","_EventCurrencyCode":"","_EventCurrencyPosition":"","_EventDateTimeSeparator":"","_EventTimeRangeSeparator":"","_EventOrganizerID":[],"_EventVenueID":[0],"_OrganizerEmail":"","_OrganizerPhone":"","_OrganizerWebsite":"","_VenueAddress":"","_VenueCity":"","_VenueCountry":"","_VenueProvince":"","_VenueState":"","_VenueZip":"","_VenuePhone":"","_VenueURL":"","_VenueStateProvince":"","_VenueLat":"","_VenueLng":"","_VenueShowMap":false,"_VenueShowMapLink":false,"_tribe_blocks_recurrence_rules":"","_tribe_blocks_recurrence_description":"","_tribe_blocks_recurrence_exclusions":"","editor_notices":[],"footnotes":""},"categories":[132,131],"tags":[],"class_list":["post-23965","post","type-post","status-publish","format-standard","has-post-thumbnail","category-destacadas","category-noticias-institucionales","entry"],"featured_image_src":"https:\/\/itftkd.sport\/es\/wp-content\/uploads\/sites\/7\/2020\/10\/Adapted-Taekwon-Do-600x400.jpg","featured_image_src_square":"https:\/\/itftkd.sport\/es\/wp-content\/uploads\/sites\/7\/2020\/10\/Adapted-Taekwon-Do-600x600.jpg","author_info":{"display_name":"FABIAN ITF","author_link":"https:\/\/itftkd.sport\/es\/author\/fabian-itf\/"},"uagb_featured_image_src":{"full":["https:\/\/itftkd.sport\/es\/wp-content\/uploads\/sites\/7\/2020\/10\/Adapted-Taekwon-Do.jpg",800,600,false],"thumbnail":["https:\/\/itftkd.sport\/es\/wp-content\/uploads\/sites\/7\/2020\/10\/Adapted-Taekwon-Do-150x150.jpg",150,150,true],"medium":["https:\/\/itftkd.sport\/es\/wp-content\/uploads\/sites\/7\/2020\/10\/Adapted-Taekwon-Do-300x225.jpg",300,225,true],"medium_large":["https:\/\/itftkd.sport\/es\/wp-content\/uploads\/sites\/7\/2020\/10\/Adapted-Taekwon-Do-768x576.jpg",768,576,true],"large":["https:\/\/itftkd.sport\/es\/wp-content\/uploads\/sites\/7\/2020\/10\/Adapted-Taekwon-Do.jpg",800,600,false],"1536x1536":["https:\/\/itftkd.sport\/es\/wp-content\/uploads\/sites\/7\/2020\/10\/Adapted-Taekwon-Do.jpg",800,600,false],"2048x2048":["https:\/\/itftkd.sport\/es\/wp-content\/uploads\/sites\/7\/2020\/10\/Adapted-Taekwon-Do.jpg",800,600,false],"banner":["https:\/\/itftkd.sport\/es\/wp-content\/uploads\/sites\/7\/2020\/10\/Adapted-Taekwon-Do-800x533.jpg",800,533,true],"section":["https:\/\/itftkd.sport\/es\/wp-content\/uploads\/sites\/7\/2020\/10\/Adapted-Taekwon-Do.jpg",800,600,false],"full-width":["https:\/\/itftkd.sport\/es\/wp-content\/uploads\/sites\/7\/2020\/10\/Adapted-Taekwon-Do.jpg",800,600,false],"featured":["https:\/\/itftkd.sport\/es\/wp-content\/uploads\/sites\/7\/2020\/10\/Adapted-Taekwon-Do.jpg",800,600,false],"one-half":["https:\/\/itftkd.sport\/es\/wp-content\/uploads\/sites\/7\/2020\/10\/Adapted-Taekwon-Do-550x413.jpg",550,413,true],"one-third":["https:\/\/itftkd.sport\/es\/wp-content\/uploads\/sites\/7\/2020\/10\/Adapted-Taekwon-Do-350x263.jpg",350,263,true],"one-fourth":["https:\/\/itftkd.sport\/es\/wp-content\/uploads\/sites\/7\/2020\/10\/Adapted-Taekwon-Do-260x195.jpg",260,195,true],"tiny":["https:\/\/itftkd.sport\/es\/wp-content\/uploads\/sites\/7\/2020\/10\/Adapted-Taekwon-Do-80x80.jpg",80,80,true],"ab-block-post-grid-landscape":["https:\/\/itftkd.sport\/es\/wp-content\/uploads\/sites\/7\/2020\/10\/Adapted-Taekwon-Do-600x400.jpg",600,400,true],"ab-block-post-grid-square":["https:\/\/itftkd.sport\/es\/wp-content\/uploads\/sites\/7\/2020\/10\/Adapted-Taekwon-Do-600x600.jpg",600,600,true],"gform-image-choice-sm":["https:\/\/itftkd.sport\/es\/wp-content\/uploads\/sites\/7\/2020\/10\/Adapted-Taekwon-Do.jpg",300,225,false],"gform-image-choice-md":["https:\/\/itftkd.sport\/es\/wp-content\/uploads\/sites\/7\/2020\/10\/Adapted-Taekwon-Do.jpg",400,300,false],"gform-image-choice-lg":["https:\/\/itftkd.sport\/es\/wp-content\/uploads\/sites\/7\/2020\/10\/Adapted-Taekwon-Do.jpg",600,450,false]},"uagb_author_info":{"display_name":"FABIAN ITF","author_link":"https:\/\/itftkd.sport\/es\/author\/fabian-itf\/"},"uagb_comment_info":0,"uagb_excerpt":"Con la presencia del GM Paul Weiler, Presidente de la ITF, del GM H\u00e9ctor Marano, Presidente del Comit\u00e9 T\u00e9cnico y de Instrucci\u00f3n de la ITF y de los GM Guillermo &hellip;","_links":{"self":[{"href":"https:\/\/itftkd.sport\/es\/wp-json\/wp\/v2\/posts\/23965","targetHints":{"allow":["GET"]}}],"collection":[{"href":"https:\/\/itftkd.sport\/es\/wp-json\/wp\/v2\/posts"}],"about":[{"href":"https:\/\/itftkd.sport\/es\/wp-json\/wp\/v2\/types\/post"}],"author":[{"embeddable":true,"href":"https:\/\/itftkd.sport\/es\/wp-json\/wp\/v2\/users\/4"}],"replies":[{"embeddable":true,"href":"https:\/\/itftkd.sport\/es\/wp-json\/wp\/v2\/comments?post=23965"}],"version-history":[{"count":5,"href":"https:\/\/itftkd.sport\/es\/wp-json\/wp\/v2\/posts\/23965\/revisions"}],"predecessor-version":[{"id":23977,"href":"https:\/\/itftkd.sport\/es\/wp-json\/wp\/v2\/posts\/23965\/revisions\/23977"}],"wp:featuredmedia":[{"embeddable":true,"href":"https:\/\/itftkd.sport\/es\/wp-json\/wp\/v2\/media\/23966"}],"wp:attachment":[{"href":"https:\/\/itftkd.sport\/es\/wp-json\/wp\/v2\/media?parent=23965"}],"wp:term":[{"taxonomy":"category","embeddable":true,"href":"https:\/\/itftkd.sport\/es\/wp-json\/wp\/v2\/categories?post=23965"},{"taxonomy":"post_tag","embeddable":true,"href":"https:\/\/itftkd.sport\/es\/wp-json\/wp\/v2\/tags?post=23965"}],"curies":[{"name":"wp","href":"https:\/\/api.w.org\/{rel}","templated":true}]}}