{"id":23364,"date":"2020-09-01T04:14:00","date_gmt":"2020-09-01T02:14:00","guid":{"rendered":"https:\/\/itftkd.sport\/es\/?p=23364"},"modified":"2020-09-17T16:53:44","modified_gmt":"2020-09-17T14:53:44","slug":"mis-momentos-con-el-general-choi-hong-hi-por-gm-paul-weiler","status":"publish","type":"post","link":"https:\/\/itftkd.sport\/es\/mis-momentos-con-el-general-choi-hong-hi-por-gm-paul-weiler\/","title":{"rendered":"Mis momentos con el General Choi Hong Hi. Por GM Paul Weiler"},"content":{"rendered":"\n<p>No es obvio que en un arte marcial uno tenga la oportunidad de juntarse con el fundador para entrenar con \u00e9l o para experimentar momentos juntos. Tuve la gran suerte de aprender del General Choi Hong Hi (\u201cBebiendo de la fuente misma del Taekwon-Do\u201d). En el curso de los muchos seminarios con \u00e9l, pero tambi\u00e9n en momentos privados, me gustar\u00eda compartir los m\u00e1s importantes desde mi punto de vista:<\/p>\n\n\n\n<p>En Abril 1995 la ITF de Alemania organiz\u00f3 el 10mo. Campeonato Europeo de la ITF en Colonia, y el General Choi Hong Hi fue nuestro hu\u00e9sped de honor, despu\u00e9s de haber llevado a cabo un Seminario Internacional tres d\u00edas antes en el mismo sal\u00f3n. \u00c9l formul\u00f3 la siguiente frase en su saludo en el cuadernillo del Programa para el Campeonato Europeo:<\/p>\n\n\n\n<p><em>\u00abEn esta ocasi\u00f3n hist\u00f3rica me da un gran placer estar en Colonia para el 10mo Campeonato Europeo. Estoy muy emocionado cuando me acuerdo que fue hace 30 a\u00f1os cuando visit\u00e9 Alemania por primera vez encabezando un equipo de exhibici\u00f3n de Taekwon-Do ITF. Desde aquella vez han habido muchas pruebas y adversidades pero estoy encantado de elogiar al se\u00f1or Paul Weiler, Presidente de la ITF Deutschland, por su liderazgo el cual ha significado que las cosas est\u00e9n yendo bien hoy\u201d.<\/em><\/p>\n\n\n\n<figure class=\"wp-block-image size-large\"><img decoding=\"async\" src=\"https:\/\/itftkd.sport\/wp-content\/uploads\/2020\/09\/Cologne-1995-EC-1-1024x681.jpg\" alt=\"Cologne-1995-EC-1\" class=\"wp-image-23161\" \/><\/figure>\n\n\n\n<p>Seguramente ustedes pueden imaginar lo orgulloso que estaba de que el fundador de Taekwon-Do acept\u00f3 mi invitaci\u00f3n para el CE y pas\u00f3 los tres d\u00edas ah\u00ed como Hu\u00e9sped de Honor.<\/p>\n\n\n\n<p>En 1999 el General Choi Hong Hi estaba en Alemania (Colonia) por \u00faltima vez para dar un seminario. En esa ocasi\u00f3n, el Comit\u00e9 Ejecutivo de la ITF de Alemania hab\u00eda solicitado una reuni\u00f3n con \u00e9l, la cual tom\u00f3 lugar en mi casa para discutir la traducci\u00f3n de la Enciclopedia de Taekwon-Do de Ingl\u00e9s a Alem\u00e1n. El General Choi Hong Hi mismo hab\u00eda hecho correcciones en pu\u00f1o y letra (adjuntos veras solo dos de ellas) para este proyecto y me las entreg\u00f3 personalmente, las cuales luego discutimos en detalle. La conversaci\u00f3n casi se torna en otro Seminario, porque nosotros aun hac\u00edamos muchas preguntas t\u00e9cnicas &nbsp;y mi sala r\u00e1pidamente se transform\u00f3 en un \u201cmini-Dojang \u201d.<\/p>\n\n\n\n<figure class=\"wp-block-gallery columns-2 is-cropped wp-block-gallery-1 is-layout-flex wp-block-gallery-is-layout-flex\"><ul class=\"blocks-gallery-grid\"><li class=\"blocks-gallery-item\"><figure><a href=\"https:\/\/itftkd.sport\/wp-content\/uploads\/2020\/09\/Familie-Choi-Weiler-1.jpg\"><img decoding=\"async\" src=\"https:\/\/itftkd.sport\/wp-content\/uploads\/2020\/09\/Familie-Choi-Weiler-1.jpg\" alt=\"Familie-Choi-Weiler-1\" data-id=\"23162\" data-full-url=\"https:\/\/itftkd.sport\/wp-content\/uploads\/2020\/09\/Familie-Choi-Weiler-1.jpg\" data-link=\"https:\/\/itftkd.sport\/?attachment_id=23162\" class=\"wp-image-23162\" \/><\/a><\/figure><\/li><li class=\"blocks-gallery-item\"><figure><a href=\"https:\/\/itftkd.sport\/wp-content\/uploads\/2020\/09\/mauscritochoi.png\"><img decoding=\"async\" src=\"https:\/\/itftkd.sport\/wp-content\/uploads\/2020\/09\/mauscritochoi.png\" alt=\"manuscritochoi\" data-id=\"23160\" data-full-url=\"https:\/\/itftkd.sport\/wp-content\/uploads\/2020\/09\/mauscritochoi.png\" data-link=\"https:\/\/itftkd.sport\/?attachment_id=23160\" class=\"wp-image-23160\" \/><\/a><\/figure><\/li><\/ul><\/figure>\n\n\n\n<p>Despu\u00e9s del Campeonato Mundial en Rimini (Italia) en Julio del 2001, recib\u00ed una carta personal del General Choi Hong Hi nombr\u00e1ndome miembro del Consejo Consultivo e invit\u00e1ndome a un encuentro en Viena a principios de Septiembre. Mi asombro fue solo sobrepasado por mi alegr\u00eda que yo deber\u00eda ser parte de este proyecto del General Choi Hong Hi. El encuentro en Viena dur\u00f3 dos d\u00edas y el fundador del Taekwon-Do nos explic\u00f3 su plan y el prop\u00f3sito de su Consejo. Fue una experiencia \u00fanica para ser uno de los confidentes m\u00e1s cercanos del General Choi Hong Hi. Aqu\u00ed debajo, van a encontrar el acta del primer encuentro del Consejo Consultivo.<\/p>\n\n\n\n<figure class=\"wp-block-image size-large is-resized\"><img loading=\"lazy\" decoding=\"async\" src=\"https:\/\/itftkd.sport\/wp-content\/uploads\/2020\/09\/Consultative-Council-786x1024.jpg\" alt=\"Consultative Council Choi ITF\" class=\"wp-image-23165\" width=\"590\" height=\"768\" \/><\/figure>\n\n\n\n<figure class=\"wp-block-gallery columns-3 is-cropped wp-block-gallery-2 is-layout-flex wp-block-gallery-is-layout-flex\"><ul class=\"blocks-gallery-grid\"><li class=\"blocks-gallery-item\"><figure><a href=\"https:\/\/itftkd.sport\/wp-content\/uploads\/2020\/09\/Vienna-2002.jpg\"><img decoding=\"async\" src=\"https:\/\/itftkd.sport\/wp-content\/uploads\/2020\/09\/Vienna-2002-265x300.jpg\" alt=\"Vienna 2002 Choi-Weile\" data-id=\"23166\" data-full-url=\"https:\/\/itftkd.sport\/wp-content\/uploads\/2020\/09\/Vienna-2002.jpg\" data-link=\"https:\/\/itftkd.sport\/?attachment_id=23166\" class=\"wp-image-23166\" \/><\/a><\/figure><\/li><li class=\"blocks-gallery-item\"><figure><a href=\"https:\/\/itftkd.sport\/wp-content\/uploads\/2020\/09\/1999-Seminar.jpg\"><img decoding=\"async\" src=\"https:\/\/itftkd.sport\/wp-content\/uploads\/2020\/09\/1999-Seminar-300x170.jpg\" alt=\"1999 Seminar Choi Weiler\" data-id=\"23164\" data-full-url=\"https:\/\/itftkd.sport\/wp-content\/uploads\/2020\/09\/1999-Seminar.jpg\" data-link=\"https:\/\/itftkd.sport\/?attachment_id=23164\" class=\"wp-image-23164\" \/><\/a><\/figure><\/li><li class=\"blocks-gallery-item\"><figure><a href=\"https:\/\/itftkd.sport\/wp-content\/uploads\/2020\/09\/Present-for-general-Choi-1999-1.jpg\"><img decoding=\"async\" src=\"https:\/\/itftkd.sport\/wp-content\/uploads\/2020\/09\/Present-for-general-Choi-1999-1-300x201.jpg\" alt=\"Present for general Choi 1999-1\" data-id=\"23163\" data-full-url=\"https:\/\/itftkd.sport\/wp-content\/uploads\/2020\/09\/Present-for-general-Choi-1999-1.jpg\" data-link=\"https:\/\/itftkd.sport\/?attachment_id=23163\" class=\"wp-image-23163\" \/><\/a><\/figure><\/li><\/ul><\/figure>\n","protected":false},"excerpt":{"rendered":"<p>No es obvio que en un arte marcial uno tenga la oportunidad de juntarse con el fundador para entrenar con \u00e9l o para experimentar momentos juntos. Tuve la gran suerte &hellip;<\/p>\n","protected":false},"author":10,"featured_media":23365,"comment_status":"open","ping_status":"open","sticky":false,"template":"","format":"standard","meta":{"_tec_requires_first_save":true,"_uag_custom_page_level_css":"","_genesis_hide_title":false,"_genesis_hide_breadcrumbs":false,"_genesis_hide_singular_image":false,"_genesis_hide_footer_widgets":false,"_genesis_custom_body_class":"","_genesis_custom_post_class":"","_genesis_layout":"","_EventAllDay":false,"_EventTimezone":"","_EventStartDate":"","_EventEndDate":"","_EventStartDateUTC":"","_EventEndDateUTC":"","_EventShowMap":false,"_EventShowMapLink":false,"_EventURL":"","_EventCost":"","_EventCostDescription":"","_EventCurrencySymbol":"","_EventCurrencyCode":"","_EventCurrencyPosition":"","_EventDateTimeSeparator":"","_EventTimeRangeSeparator":"","_EventOrganizerID":[],"_EventVenueID":[0],"_OrganizerEmail":"","_OrganizerPhone":"","_OrganizerWebsite":"","_VenueAddress":"","_VenueCity":"","_VenueCountry":"","_VenueProvince":"","_VenueState":"","_VenueZip":"","_VenuePhone":"","_VenueURL":"","_VenueStateProvince":"","_VenueLat":"","_VenueLng":"","_VenueShowMap":false,"_VenueShowMapLink":false,"_tribe_blocks_recurrence_rules":"","_tribe_blocks_recurrence_description":"","_tribe_blocks_recurrence_exclusions":"","editor_notices":[],"footnotes":""},"categories":[132,161],"tags":[],"class_list":["post-23364","post","type-post","status-publish","format-standard","has-post-thumbnail","category-destacadas","category-momentos","entry"],"featured_image_src":"https:\/\/itftkd.sport\/es\/wp-content\/uploads\/sites\/7\/2020\/09\/weiler-choi-2002-600x400.jpg","featured_image_src_square":"https:\/\/itftkd.sport\/es\/wp-content\/uploads\/sites\/7\/2020\/09\/weiler-choi-2002-600x600.jpg","author_info":{"display_name":"ivan","author_link":"https:\/\/itftkd.sport\/es\/author\/ivan\/"},"uagb_featured_image_src":{"full":["https:\/\/itftkd.sport\/es\/wp-content\/uploads\/sites\/7\/2020\/09\/weiler-choi-2002.jpg",800,600,false],"thumbnail":["https:\/\/itftkd.sport\/es\/wp-content\/uploads\/sites\/7\/2020\/09\/weiler-choi-2002-150x150.jpg",150,150,true],"medium":["https:\/\/itftkd.sport\/es\/wp-content\/uploads\/sites\/7\/2020\/09\/weiler-choi-2002-300x225.jpg",300,225,true],"medium_large":["https:\/\/itftkd.sport\/es\/wp-content\/uploads\/sites\/7\/2020\/09\/weiler-choi-2002-768x576.jpg",768,576,true],"large":["https:\/\/itftkd.sport\/es\/wp-content\/uploads\/sites\/7\/2020\/09\/weiler-choi-2002.jpg",800,600,false],"1536x1536":["https:\/\/itftkd.sport\/es\/wp-content\/uploads\/sites\/7\/2020\/09\/weiler-choi-2002.jpg",800,600,false],"2048x2048":["https:\/\/itftkd.sport\/es\/wp-content\/uploads\/sites\/7\/2020\/09\/weiler-choi-2002.jpg",800,600,false],"banner":["https:\/\/itftkd.sport\/es\/wp-content\/uploads\/sites\/7\/2020\/09\/weiler-choi-2002-800x533.jpg",800,533,true],"section":["https:\/\/itftkd.sport\/es\/wp-content\/uploads\/sites\/7\/2020\/09\/weiler-choi-2002.jpg",800,600,false],"full-width":["https:\/\/itftkd.sport\/es\/wp-content\/uploads\/sites\/7\/2020\/09\/weiler-choi-2002.jpg",800,600,false],"featured":["https:\/\/itftkd.sport\/es\/wp-content\/uploads\/sites\/7\/2020\/09\/weiler-choi-2002.jpg",800,600,false],"one-half":["https:\/\/itftkd.sport\/es\/wp-content\/uploads\/sites\/7\/2020\/09\/weiler-choi-2002-550x413.jpg",550,413,true],"one-third":["https:\/\/itftkd.sport\/es\/wp-content\/uploads\/sites\/7\/2020\/09\/weiler-choi-2002-350x263.jpg",350,263,true],"one-fourth":["https:\/\/itftkd.sport\/es\/wp-content\/uploads\/sites\/7\/2020\/09\/weiler-choi-2002-260x195.jpg",260,195,true],"tiny":["https:\/\/itftkd.sport\/es\/wp-content\/uploads\/sites\/7\/2020\/09\/weiler-choi-2002-80x80.jpg",80,80,true],"ab-block-post-grid-landscape":["https:\/\/itftkd.sport\/es\/wp-content\/uploads\/sites\/7\/2020\/09\/weiler-choi-2002-600x400.jpg",600,400,true],"ab-block-post-grid-square":["https:\/\/itftkd.sport\/es\/wp-content\/uploads\/sites\/7\/2020\/09\/weiler-choi-2002-600x600.jpg",600,600,true],"gform-image-choice-sm":["https:\/\/itftkd.sport\/es\/wp-content\/uploads\/sites\/7\/2020\/09\/weiler-choi-2002.jpg",300,225,false],"gform-image-choice-md":["https:\/\/itftkd.sport\/es\/wp-content\/uploads\/sites\/7\/2020\/09\/weiler-choi-2002.jpg",400,300,false],"gform-image-choice-lg":["https:\/\/itftkd.sport\/es\/wp-content\/uploads\/sites\/7\/2020\/09\/weiler-choi-2002.jpg",600,450,false]},"uagb_author_info":{"display_name":"ivan","author_link":"https:\/\/itftkd.sport\/es\/author\/ivan\/"},"uagb_comment_info":0,"uagb_excerpt":"No es obvio que en un arte marcial uno tenga la oportunidad de juntarse con el fundador para entrenar con \u00e9l o para experimentar momentos juntos. Tuve la gran suerte &hellip;","_links":{"self":[{"href":"https:\/\/itftkd.sport\/es\/wp-json\/wp\/v2\/posts\/23364","targetHints":{"allow":["GET"]}}],"collection":[{"href":"https:\/\/itftkd.sport\/es\/wp-json\/wp\/v2\/posts"}],"about":[{"href":"https:\/\/itftkd.sport\/es\/wp-json\/wp\/v2\/types\/post"}],"author":[{"embeddable":true,"href":"https:\/\/itftkd.sport\/es\/wp-json\/wp\/v2\/users\/10"}],"replies":[{"embeddable":true,"href":"https:\/\/itftkd.sport\/es\/wp-json\/wp\/v2\/comments?post=23364"}],"version-history":[{"count":5,"href":"https:\/\/itftkd.sport\/es\/wp-json\/wp\/v2\/posts\/23364\/revisions"}],"predecessor-version":[{"id":23627,"href":"https:\/\/itftkd.sport\/es\/wp-json\/wp\/v2\/posts\/23364\/revisions\/23627"}],"wp:featuredmedia":[{"embeddable":true,"href":"https:\/\/itftkd.sport\/es\/wp-json\/wp\/v2\/media\/23365"}],"wp:attachment":[{"href":"https:\/\/itftkd.sport\/es\/wp-json\/wp\/v2\/media?parent=23364"}],"wp:term":[{"taxonomy":"category","embeddable":true,"href":"https:\/\/itftkd.sport\/es\/wp-json\/wp\/v2\/categories?post=23364"},{"taxonomy":"post_tag","embeddable":true,"href":"https:\/\/itftkd.sport\/es\/wp-json\/wp\/v2\/tags?post=23364"}],"curies":[{"name":"wp","href":"https:\/\/api.w.org\/{rel}","templated":true}]}}