{"id":23293,"date":"2020-09-01T15:54:00","date_gmt":"2020-09-01T13:54:00","guid":{"rendered":"https:\/\/itftkd.sport\/es\/?p=23293"},"modified":"2020-09-18T13:05:30","modified_gmt":"2020-09-18T11:05:30","slug":"buenas-noticias-de-la-itf","status":"publish","type":"post","link":"https:\/\/itftkd.sport\/es\/buenas-noticias-de-la-itf\/","title":{"rendered":"Buenas noticias de la ITF"},"content":{"rendered":"\n<p>Querido miembros!<\/p>\n\n\n\n<p>En muchos pa\u00edses, la escuela comienza a principios de septiembre y con ello, tal vez algo de normalidad regrese a nuestra vida diaria. Sin embargo, la pandemia del COVID-19 &nbsp;todav\u00eda nos domina firmemente, en algunos pa\u00edses m\u00e1s que en otros. Desafortunadamente, las restricciones y prohibiciones siguen estando a la orden del d\u00eda, pero tambi\u00e9n son sensatas y necesarias. Se necesita disciplina y perseverancia (caracter\u00edsticas del Taekwon-Do) de parte de todos para cumplir con las regulaciones gubernamentales y hacer una contribuci\u00f3n personal para superar esta terrible pandemia. Tengo informaci\u00f3n de que algunos entrenadores han tenido p\u00e9rdidas econ\u00f3micas muy importantes porque tambi\u00e9n han perdido estudiantes debido a la pandemia, poniendo as\u00ed en riesgo su base financiera. Nuestros patrocinadores tambi\u00e9n han sufrido p\u00e9rdidas econ\u00f3micas, algunas de ellas muy importantes, que tambi\u00e9n pueden poner en riesgo puestos de trabajo. Todo esto es un mal escenario y en la actualidad la realidad.<\/p>\n\n\n\n<p>Pero hay cosas peores, me refiero a los que han sido infectados por esta enfermedad e incluso han muerto por &nbsp;consecuencias de ella, como recientemente el Maestro Gennady Han. Mis pensamientos est\u00e1n con los miembros de la familia que se encuentran en la situaci\u00f3n descrita anteriormente. &nbsp;Les deseo mucha fuerza para superar esta situaci\u00f3n.<\/p>\n\n\n\n<p>La Junta Ejecutiva de la ITF y los Comit\u00e9s est\u00e1n constantemente reflexionando sobre c\u00f3mo podemos continuar nuestro trabajo y seguir brindado servicios a nuestros miembros despu\u00e9s de todas las cancelaciones y postergaciones de eventos de la ITF (muchos proyectos en espera) desde febrero de este a\u00f1o.<\/p>\n\n\n\n<p>Aqu\u00ed es donde la tecnolog\u00eda moderna nos puede ayudar, en forma de seminarios online, reuniones por Zoom, etc. Me gustar\u00eda aprovechar est\u00e1 oportunidad para expresar mi sincero agradecimiento por el trabajo de los Comit\u00e9s de la ITF y sus miembros, quienes est\u00e1n muy activos e involucrados en la preparaci\u00f3n y organizaci\u00f3n de estos seminarios, reuniones e incluso torneos.:<\/p>\n\n\n\n<p>Comit\u00e9 de Inclusi\u00f3n&nbsp;&nbsp;&nbsp;&nbsp;&nbsp;&nbsp;&nbsp;&nbsp;&nbsp;&nbsp;&nbsp;&nbsp;&nbsp;&nbsp;\u2013&nbsp;<strong>\u00a1NUEVO!&nbsp;<\/strong>Se est\u00e1 desarrollando un concepto para el proyecto \u00abTKD Inclusivo\u00bb que se presentar\u00e1 en breve.<\/p>\n\n\n\n<p>Comit\u00e9 M\u00e9dico y Anti Doping&nbsp;&nbsp;&nbsp;&nbsp;&nbsp;&nbsp;&nbsp;&nbsp;&nbsp;&nbsp;    \u2013 Adaptaci\u00f3n de las reglas de WADA a las nuevas regulaciones.<\/p>\n\n\n\n<p>Comit\u00e9 A, R y C    &nbsp;&nbsp;&nbsp;&nbsp;&nbsp;&nbsp;&nbsp;&nbsp;&nbsp;&nbsp;&nbsp;&nbsp;&nbsp;    &nbsp;\u2013&nbsp;<strong>\u00a1NUEVO!<\/strong>&nbsp;Auditor\u00eda, Riesgo y Cumplimiento.<\/p>\n\n\n\n<p>Comit\u00e9 de Atletas&nbsp;&nbsp;&nbsp;&nbsp;&nbsp;&nbsp;&nbsp;&nbsp;&nbsp;&nbsp;&nbsp;&nbsp;&nbsp;&nbsp;&nbsp;    \u2013&nbsp;<strong>\u00a1NUEVO! <\/strong>Preparaci\u00f3n e implementaci\u00f3n de una encuesta &#8211; juntos&nbsp;con el Comit\u00e9 de Coaches.<\/p>\n\n\n\n<p>Comit\u00e9 de Negocios &amp; Marketing &nbsp;\u2013&nbsp;<strong>\u00a1NUEVO!<\/strong> Desarrollo de propuestas para la elaboraci\u00f3n de una APP TKD y un concepto para la obtenci\u00f3n de recursos financieros.<\/p>\n\n\n\n<p>Comit\u00e9 de Coaches&nbsp;&nbsp;&nbsp;&nbsp;&nbsp;&nbsp;&nbsp;&nbsp;\u2013&nbsp;<strong>\u00a1NUEVO!<\/strong>&nbsp;Preparaci\u00f3n e implementaci\u00f3n de una encuesta &#8211; junto con el Comit\u00e9 de Atletas<\/p>\n\n\n\n<p>Comit\u00e9 de Desarrollo y Comunicaciones&nbsp;&nbsp; \u2013 Trabajo diario en el nuevo sitio web de la ITF, iniciando proyectos y publicaciones en el sitio web de la ITF y Facebook, etc.<\/p>\n\n\n\n<p>Comit\u00e9 de Promoci\u00f3n de GM     &nbsp;&nbsp;&nbsp;&nbsp;  \u2013&nbsp;<strong>\u00a1NUEVO!<\/strong>&nbsp;Actualmente est\u00e1 trabajando en reglas precisas para el noveno Dan.<\/p>\n\n\n\n<p>Comit\u00e9 de Disciplina&nbsp;&nbsp;&nbsp;&nbsp;&nbsp;&nbsp;&nbsp;&nbsp;      \u2013 Actualmente est\u00e1 trabajando en un borrador de las reglas disciplinarias.<\/p>\n\n\n\n<p>Comit\u00e9 de Do y \u00c9tica  &nbsp;&nbsp;&nbsp;&nbsp;&nbsp;&nbsp;&nbsp;&nbsp;&nbsp;   \u2013&nbsp;<strong>\u00a1NUEVO!&nbsp;<\/strong>Con la fusi\u00f3n del Do y el Comit\u00e9 de \u00c9tica hay nuevas tareas y proyectos en curso.<\/p>\n\n\n\n<p>Comit\u00e9 Harmony     &nbsp;&nbsp;&nbsp;&nbsp;&nbsp;&nbsp;&nbsp;&nbsp;&nbsp;&nbsp;&nbsp;&nbsp; &nbsp;&nbsp;\u2013 Se est\u00e1 desarrollando un nuevo concepto que se presentar\u00e1 en breve.<\/p>\n\n\n\n<p>Comit\u00e9 de TI &nbsp;&nbsp;&nbsp;&nbsp;&nbsp;&nbsp;&nbsp;&nbsp;&nbsp;&nbsp;&nbsp;&nbsp;&nbsp;&nbsp;&nbsp;&nbsp;&nbsp;&nbsp;&nbsp;&nbsp;&nbsp;&nbsp;&nbsp;&nbsp;  &nbsp;\u2013&nbsp;<strong>\u00a1NUEVO!<\/strong>&nbsp;Este comit\u00e9 est\u00e1 liderando el camino para el e -Tournament, que tendr\u00e1 lugar el pr\u00f3ximo mes.&nbsp;&nbsp;&nbsp;&nbsp;&nbsp;<\/p>\n\n\n\n<p>Comit\u00e9 Kids     &nbsp;&nbsp;&nbsp;&nbsp;&nbsp;&nbsp;&nbsp;&nbsp;&nbsp;&nbsp;&nbsp;&nbsp;&nbsp;&nbsp;&nbsp;&nbsp;&nbsp;&nbsp;&nbsp;  &nbsp;&nbsp;\u2013 Se est\u00e1 desarrollando un nuevo concepto que se presentar\u00e1 en breve.<\/p>\n\n\n\n<p>Comit\u00e9 de \u00c1rbitros  &nbsp;&nbsp;&nbsp;&nbsp;&nbsp;&nbsp;&nbsp;&nbsp;&nbsp;&nbsp;&nbsp;&nbsp;&nbsp;&nbsp;&nbsp;&nbsp;   &nbsp;\u2013 Realiza seminarios de \u00e1rbitros en todos los continentes y trabaja con el Comit\u00e9 de Torneos y de TI para implementar el e-Tournament<\/p>\n\n\n\n<p>Comit\u00e9 T\u00e9cnico y de Instrucci\u00f3n     &nbsp;&nbsp;&nbsp;&nbsp;&nbsp;&nbsp;&nbsp;&nbsp;&nbsp;&nbsp;&nbsp;&nbsp;&nbsp;    \u2013 Organiza seminarios para todos los niveles de graduaciones, incluidos seminarios especiales para grados 7 &#8211; 8 y Grandes Maestros.<\/p>\n\n\n\n<p>Comit\u00e9 de Torneos          &nbsp;&nbsp;&nbsp;&nbsp;&nbsp;&nbsp;&nbsp;&nbsp;     &nbsp;\u2013 Trabaja con el comit\u00e9 de TI para implementar el e-Tournament.<\/p>\n\n\n\n<p>Comit\u00e9 de las Mujeres&nbsp;&nbsp;&nbsp;&nbsp;&nbsp;&nbsp;&nbsp;&nbsp;&nbsp;&nbsp;&nbsp;      \u2013&nbsp;<strong>\u00a1NUEVO!<\/strong> Organiza seminarios para todos los miembros y ofrece muchos consejos de formaci\u00f3n. Cuida especialmente los intereses de las mujeres y las ni\u00f1as en la ITF.<\/p>\n\n\n\n<p>Tambi\u00e9n me gustar\u00eda agradecer a algunos miembros por sus ideas y sugerencias, la mayor\u00eda de las cuales pudimos implementar r\u00e1pidamente y para las cuales permanecemos abiertos.<\/p>\n\n\n\n<p>No podemos ver el futuro y predecir qu\u00e9 tan grave y cu\u00e1nto tiempo nos afectar\u00e1 la pandemia, pero podemos sobrevivir a este momento dif\u00edcil si trabajamos y nos mantenemos unidos. Para hacer esto necesitamos salud y fuerza, que les deseo a todos desde el fondo de mi coraz\u00f3n.<\/p>\n\n\n\n<p>GM Paul Weiler<\/p>\n\n\n\n<p>Presidente de la ITF.<\/p>\n","protected":false},"excerpt":{"rendered":"<p>Querido miembros! En muchos pa\u00edses, la escuela comienza a principios de septiembre y con ello, tal vez algo de normalidad regrese a nuestra vida diaria. Sin embargo, la pandemia del &hellip;<\/p>\n","protected":false},"author":4,"featured_media":23309,"comment_status":"open","ping_status":"open","sticky":false,"template":"","format":"standard","meta":{"_tec_requires_first_save":true,"_uag_custom_page_level_css":"","_genesis_hide_title":false,"_genesis_hide_breadcrumbs":false,"_genesis_hide_singular_image":false,"_genesis_hide_footer_widgets":false,"_genesis_custom_body_class":"","_genesis_custom_post_class":"","_genesis_layout":"","_EventAllDay":false,"_EventTimezone":"","_EventStartDate":"","_EventEndDate":"","_EventStartDateUTC":"","_EventEndDateUTC":"","_EventShowMap":false,"_EventShowMapLink":false,"_EventURL":"","_EventCost":"","_EventCostDescription":"","_EventCurrencySymbol":"","_EventCurrencyCode":"","_EventCurrencyPosition":"","_EventDateTimeSeparator":"","_EventTimeRangeSeparator":"","_EventOrganizerID":[],"_EventVenueID":[0],"_OrganizerEmail":"","_OrganizerPhone":"","_OrganizerWebsite":"","_VenueAddress":"","_VenueCity":"","_VenueCountry":"","_VenueProvince":"","_VenueState":"","_VenueZip":"","_VenuePhone":"","_VenueURL":"","_VenueStateProvince":"","_VenueLat":"","_VenueLng":"","_VenueShowMap":false,"_VenueShowMapLink":false,"_tribe_blocks_recurrence_rules":"","_tribe_blocks_recurrence_description":"","_tribe_blocks_recurrence_exclusions":"","editor_notices":[],"footnotes":""},"categories":[132,131,7],"tags":[],"class_list":["post-23293","post","type-post","status-publish","format-standard","has-post-thumbnail","category-destacadas","category-noticias-institucionales","category-mensajes-del-presidente","entry"],"featured_image_src":"https:\/\/itftkd.sport\/es\/wp-content\/uploads\/sites\/7\/2020\/09\/04-Mensaje-del-Presidente-600x400.jpg","featured_image_src_square":"https:\/\/itftkd.sport\/es\/wp-content\/uploads\/sites\/7\/2020\/09\/04-Mensaje-del-Presidente-600x600.jpg","author_info":{"display_name":"FABIAN ITF","author_link":"https:\/\/itftkd.sport\/es\/author\/fabian-itf\/"},"uagb_featured_image_src":{"full":["https:\/\/itftkd.sport\/es\/wp-content\/uploads\/sites\/7\/2020\/09\/04-Mensaje-del-Presidente.jpg",800,600,false],"thumbnail":["https:\/\/itftkd.sport\/es\/wp-content\/uploads\/sites\/7\/2020\/09\/04-Mensaje-del-Presidente-150x150.jpg",150,150,true],"medium":["https:\/\/itftkd.sport\/es\/wp-content\/uploads\/sites\/7\/2020\/09\/04-Mensaje-del-Presidente-300x225.jpg",300,225,true],"medium_large":["https:\/\/itftkd.sport\/es\/wp-content\/uploads\/sites\/7\/2020\/09\/04-Mensaje-del-Presidente-768x576.jpg",768,576,true],"large":["https:\/\/itftkd.sport\/es\/wp-content\/uploads\/sites\/7\/2020\/09\/04-Mensaje-del-Presidente.jpg",800,600,false],"1536x1536":["https:\/\/itftkd.sport\/es\/wp-content\/uploads\/sites\/7\/2020\/09\/04-Mensaje-del-Presidente.jpg",800,600,false],"2048x2048":["https:\/\/itftkd.sport\/es\/wp-content\/uploads\/sites\/7\/2020\/09\/04-Mensaje-del-Presidente.jpg",800,600,false],"banner":["https:\/\/itftkd.sport\/es\/wp-content\/uploads\/sites\/7\/2020\/09\/04-Mensaje-del-Presidente-800x533.jpg",800,533,true],"section":["https:\/\/itftkd.sport\/es\/wp-content\/uploads\/sites\/7\/2020\/09\/04-Mensaje-del-Presidente.jpg",800,600,false],"full-width":["https:\/\/itftkd.sport\/es\/wp-content\/uploads\/sites\/7\/2020\/09\/04-Mensaje-del-Presidente.jpg",800,600,false],"featured":["https:\/\/itftkd.sport\/es\/wp-content\/uploads\/sites\/7\/2020\/09\/04-Mensaje-del-Presidente.jpg",800,600,false],"one-half":["https:\/\/itftkd.sport\/es\/wp-content\/uploads\/sites\/7\/2020\/09\/04-Mensaje-del-Presidente-550x413.jpg",550,413,true],"one-third":["https:\/\/itftkd.sport\/es\/wp-content\/uploads\/sites\/7\/2020\/09\/04-Mensaje-del-Presidente-350x263.jpg",350,263,true],"one-fourth":["https:\/\/itftkd.sport\/es\/wp-content\/uploads\/sites\/7\/2020\/09\/04-Mensaje-del-Presidente-260x195.jpg",260,195,true],"tiny":["https:\/\/itftkd.sport\/es\/wp-content\/uploads\/sites\/7\/2020\/09\/04-Mensaje-del-Presidente-80x80.jpg",80,80,true],"ab-block-post-grid-landscape":["https:\/\/itftkd.sport\/es\/wp-content\/uploads\/sites\/7\/2020\/09\/04-Mensaje-del-Presidente-600x400.jpg",600,400,true],"ab-block-post-grid-square":["https:\/\/itftkd.sport\/es\/wp-content\/uploads\/sites\/7\/2020\/09\/04-Mensaje-del-Presidente-600x600.jpg",600,600,true],"gform-image-choice-sm":["https:\/\/itftkd.sport\/es\/wp-content\/uploads\/sites\/7\/2020\/09\/04-Mensaje-del-Presidente.jpg",300,225,false],"gform-image-choice-md":["https:\/\/itftkd.sport\/es\/wp-content\/uploads\/sites\/7\/2020\/09\/04-Mensaje-del-Presidente.jpg",400,300,false],"gform-image-choice-lg":["https:\/\/itftkd.sport\/es\/wp-content\/uploads\/sites\/7\/2020\/09\/04-Mensaje-del-Presidente.jpg",600,450,false]},"uagb_author_info":{"display_name":"FABIAN ITF","author_link":"https:\/\/itftkd.sport\/es\/author\/fabian-itf\/"},"uagb_comment_info":0,"uagb_excerpt":"Querido miembros! En muchos pa\u00edses, la escuela comienza a principios de septiembre y con ello, tal vez algo de normalidad regrese a nuestra vida diaria. Sin embargo, la pandemia del &hellip;","_links":{"self":[{"href":"https:\/\/itftkd.sport\/es\/wp-json\/wp\/v2\/posts\/23293","targetHints":{"allow":["GET"]}}],"collection":[{"href":"https:\/\/itftkd.sport\/es\/wp-json\/wp\/v2\/posts"}],"about":[{"href":"https:\/\/itftkd.sport\/es\/wp-json\/wp\/v2\/types\/post"}],"author":[{"embeddable":true,"href":"https:\/\/itftkd.sport\/es\/wp-json\/wp\/v2\/users\/4"}],"replies":[{"embeddable":true,"href":"https:\/\/itftkd.sport\/es\/wp-json\/wp\/v2\/comments?post=23293"}],"version-history":[{"count":4,"href":"https:\/\/itftkd.sport\/es\/wp-json\/wp\/v2\/posts\/23293\/revisions"}],"predecessor-version":[{"id":23314,"href":"https:\/\/itftkd.sport\/es\/wp-json\/wp\/v2\/posts\/23293\/revisions\/23314"}],"wp:featuredmedia":[{"embeddable":true,"href":"https:\/\/itftkd.sport\/es\/wp-json\/wp\/v2\/media\/23309"}],"wp:attachment":[{"href":"https:\/\/itftkd.sport\/es\/wp-json\/wp\/v2\/media?parent=23293"}],"wp:term":[{"taxonomy":"category","embeddable":true,"href":"https:\/\/itftkd.sport\/es\/wp-json\/wp\/v2\/categories?post=23293"},{"taxonomy":"post_tag","embeddable":true,"href":"https:\/\/itftkd.sport\/es\/wp-json\/wp\/v2\/tags?post=23293"}],"curies":[{"name":"wp","href":"https:\/\/api.w.org\/{rel}","templated":true}]}}