{"id":23194,"date":"2020-08-19T04:49:00","date_gmt":"2020-08-19T02:49:00","guid":{"rendered":"https:\/\/itftkd.sport\/es\/?p=23194"},"modified":"2020-09-17T16:26:13","modified_gmt":"2020-09-17T14:26:13","slug":"super-equipo-europeo-para-la-2da-super-clase-organizada-por-el-comite-de-la-mujer-de-itf","status":"publish","type":"post","link":"https:\/\/itftkd.sport\/es\/super-equipo-europeo-para-la-2da-super-clase-organizada-por-el-comite-de-la-mujer-de-itf\/","title":{"rendered":"S\u00faper equipo Europeo para la 2da s\u00faper Clase organizada por el Comit\u00e9 de la Mujer de la ITF."},"content":{"rendered":"\n<figure class=\"wp-block-image size-large\"><img decoding=\"async\" src=\"https:\/\/itftkd.sport\/wp-content\/uploads\/2020\/08\/2superclass3-1024x1024.jpg\" alt=\"\" class=\"wp-image-22971\" \/><\/figure>\n\n\n\n<p>El Comit\u00e9 de la Mujer de la ITF presenta una nueva S\u00faper Clase. <br>Y est\u00e1 vez con un S\u00faper equipo Europeo. <br>Tres m\u00faltiples campeonas del mundo que nos brindaran todas sus inolvidable experiencias en una S\u00faper Clase.<br>Reg\u00edstrese hoy y reserve su espacio.<br>\u00a1Cupos limitados!<\/p>\n\n\n\n<p><strong><u>Invitada 1:<\/u><\/strong><br>Maestra Annick Van Driessche.<br>VII Dan.<br>A\u00f1os de entrenamiento: 27.<br>Participo en el primer Campeonato del Mundo (1997).<br>5 veces medallista de la Copa del Mundo.<br>7 veces Campeona de B\u00e9lgica. <br>International on EC and WC (2003 &#8211; 2018).<br>Incluida en el Sal\u00f3n de la fama en 2009.<br>Presidente de la ITF-B\u00e9lgica desde 2001.<br>Miembro de la Junta Directiva de la ITF desde 2019.<\/p>\n\n\n\n<p><strong><span style=\"text-decoration: underline\" class=\"ek-underline\">Invitada <\/span><\/strong><span><span style=\"text-decoration: underline\" class=\"ek-underline\"><u style=\"font-weight: bold\">2<\/u><\/span><u style=\"font-weight: bold\">:<\/u><\/span><br>Maestra Dionisi Virginia.<br>VII Dan.<br>38 a\u00f1os entrenando.<br>Campeona Europea y Mundial.<br>Entrenadora Nacional de Formas y Lucha Pre-establecida de B\u00e9lgica. <br>Miembro del Comit\u00e9 de Disciplina de la ITF.<br>Abogada internacional y t\u00e9cnica en deportes de combate. <\/p>\n\n\n\n<p><strong><u>Invitada<\/u><\/strong><u style=\"font-weight: bold\"> 3:<\/u><br>Sra. Julia Cross<br>VI Dan.<br>34 a\u00f1os en Taekwon-Do.<br>6 t\u00edtulos mundiales. <br>15 t\u00edtulos Europeos.<br>2 veces incluida en el sal\u00f3n de la Fama. <\/p>\n","protected":false},"excerpt":{"rendered":"<p>El Comit\u00e9 de la Mujer de la ITF presenta una nueva S\u00faper Clase. Y est\u00e1 vez con un S\u00faper equipo Europeo. Tres m\u00faltiples campeonas del mundo que nos brindaran todas &hellip;<\/p>\n","protected":false},"author":4,"featured_media":23195,"comment_status":"open","ping_status":"open","sticky":false,"template":"","format":"standard","meta":{"_tec_requires_first_save":true,"_uag_custom_page_level_css":"","_genesis_hide_title":false,"_genesis_hide_breadcrumbs":false,"_genesis_hide_singular_image":false,"_genesis_hide_footer_widgets":false,"_genesis_custom_body_class":"","_genesis_custom_post_class":"","_genesis_layout":"","_EventAllDay":false,"_EventTimezone":"","_EventStartDate":"","_EventEndDate":"","_EventStartDateUTC":"","_EventEndDateUTC":"","_EventShowMap":false,"_EventShowMapLink":false,"_EventURL":"","_EventCost":"","_EventCostDescription":"","_EventCurrencySymbol":"","_EventCurrencyCode":"","_EventCurrencyPosition":"","_EventDateTimeSeparator":"","_EventTimeRangeSeparator":"","_EventOrganizerID":[],"_EventVenueID":[0],"_OrganizerEmail":"","_OrganizerPhone":"","_OrganizerWebsite":"","_VenueAddress":"","_VenueCity":"","_VenueCountry":"","_VenueProvince":"","_VenueState":"","_VenueZip":"","_VenuePhone":"","_VenueURL":"","_VenueStateProvince":"","_VenueLat":"","_VenueLng":"","_VenueShowMap":false,"_VenueShowMapLink":false,"_tribe_blocks_recurrence_rules":"","_tribe_blocks_recurrence_description":"","_tribe_blocks_recurrence_exclusions":"","editor_notices":[],"footnotes":""},"categories":[1],"tags":[],"class_list":["post-23194","post","type-post","status-publish","format-standard","has-post-thumbnail","category-sin-categoria","entry"],"featured_image_src":"https:\/\/itftkd.sport\/es\/wp-content\/uploads\/sites\/7\/2020\/08\/segundasuperclass-600x400.jpg","featured_image_src_square":"https:\/\/itftkd.sport\/es\/wp-content\/uploads\/sites\/7\/2020\/08\/segundasuperclass-600x600.jpg","author_info":{"display_name":"FABIAN ITF","author_link":"https:\/\/itftkd.sport\/es\/author\/fabian-itf\/"},"uagb_featured_image_src":{"full":["https:\/\/itftkd.sport\/es\/wp-content\/uploads\/sites\/7\/2020\/08\/segundasuperclass.jpg",800,600,false],"thumbnail":["https:\/\/itftkd.sport\/es\/wp-content\/uploads\/sites\/7\/2020\/08\/segundasuperclass-150x150.jpg",150,150,true],"medium":["https:\/\/itftkd.sport\/es\/wp-content\/uploads\/sites\/7\/2020\/08\/segundasuperclass-300x225.jpg",300,225,true],"medium_large":["https:\/\/itftkd.sport\/es\/wp-content\/uploads\/sites\/7\/2020\/08\/segundasuperclass-768x576.jpg",768,576,true],"large":["https:\/\/itftkd.sport\/es\/wp-content\/uploads\/sites\/7\/2020\/08\/segundasuperclass.jpg",800,600,false],"1536x1536":["https:\/\/itftkd.sport\/es\/wp-content\/uploads\/sites\/7\/2020\/08\/segundasuperclass.jpg",800,600,false],"2048x2048":["https:\/\/itftkd.sport\/es\/wp-content\/uploads\/sites\/7\/2020\/08\/segundasuperclass.jpg",800,600,false],"banner":["https:\/\/itftkd.sport\/es\/wp-content\/uploads\/sites\/7\/2020\/08\/segundasuperclass-800x533.jpg",800,533,true],"section":["https:\/\/itftkd.sport\/es\/wp-content\/uploads\/sites\/7\/2020\/08\/segundasuperclass.jpg",800,600,false],"full-width":["https:\/\/itftkd.sport\/es\/wp-content\/uploads\/sites\/7\/2020\/08\/segundasuperclass.jpg",800,600,false],"featured":["https:\/\/itftkd.sport\/es\/wp-content\/uploads\/sites\/7\/2020\/08\/segundasuperclass.jpg",800,600,false],"one-half":["https:\/\/itftkd.sport\/es\/wp-content\/uploads\/sites\/7\/2020\/08\/segundasuperclass-550x413.jpg",550,413,true],"one-third":["https:\/\/itftkd.sport\/es\/wp-content\/uploads\/sites\/7\/2020\/08\/segundasuperclass-350x263.jpg",350,263,true],"one-fourth":["https:\/\/itftkd.sport\/es\/wp-content\/uploads\/sites\/7\/2020\/08\/segundasuperclass-260x195.jpg",260,195,true],"tiny":["https:\/\/itftkd.sport\/es\/wp-content\/uploads\/sites\/7\/2020\/08\/segundasuperclass-80x80.jpg",80,80,true],"ab-block-post-grid-landscape":["https:\/\/itftkd.sport\/es\/wp-content\/uploads\/sites\/7\/2020\/08\/segundasuperclass-600x400.jpg",600,400,true],"ab-block-post-grid-square":["https:\/\/itftkd.sport\/es\/wp-content\/uploads\/sites\/7\/2020\/08\/segundasuperclass-600x600.jpg",600,600,true],"gform-image-choice-sm":["https:\/\/itftkd.sport\/es\/wp-content\/uploads\/sites\/7\/2020\/08\/segundasuperclass.jpg",300,225,false],"gform-image-choice-md":["https:\/\/itftkd.sport\/es\/wp-content\/uploads\/sites\/7\/2020\/08\/segundasuperclass.jpg",400,300,false],"gform-image-choice-lg":["https:\/\/itftkd.sport\/es\/wp-content\/uploads\/sites\/7\/2020\/08\/segundasuperclass.jpg",600,450,false]},"uagb_author_info":{"display_name":"FABIAN ITF","author_link":"https:\/\/itftkd.sport\/es\/author\/fabian-itf\/"},"uagb_comment_info":0,"uagb_excerpt":"El Comit\u00e9 de la Mujer de la ITF presenta una nueva S\u00faper Clase. Y est\u00e1 vez con un S\u00faper equipo Europeo. Tres m\u00faltiples campeonas del mundo que nos brindaran todas &hellip;","_links":{"self":[{"href":"https:\/\/itftkd.sport\/es\/wp-json\/wp\/v2\/posts\/23194","targetHints":{"allow":["GET"]}}],"collection":[{"href":"https:\/\/itftkd.sport\/es\/wp-json\/wp\/v2\/posts"}],"about":[{"href":"https:\/\/itftkd.sport\/es\/wp-json\/wp\/v2\/types\/post"}],"author":[{"embeddable":true,"href":"https:\/\/itftkd.sport\/es\/wp-json\/wp\/v2\/users\/4"}],"replies":[{"embeddable":true,"href":"https:\/\/itftkd.sport\/es\/wp-json\/wp\/v2\/comments?post=23194"}],"version-history":[{"count":1,"href":"https:\/\/itftkd.sport\/es\/wp-json\/wp\/v2\/posts\/23194\/revisions"}],"predecessor-version":[{"id":23197,"href":"https:\/\/itftkd.sport\/es\/wp-json\/wp\/v2\/posts\/23194\/revisions\/23197"}],"wp:featuredmedia":[{"embeddable":true,"href":"https:\/\/itftkd.sport\/es\/wp-json\/wp\/v2\/media\/23195"}],"wp:attachment":[{"href":"https:\/\/itftkd.sport\/es\/wp-json\/wp\/v2\/media?parent=23194"}],"wp:term":[{"taxonomy":"category","embeddable":true,"href":"https:\/\/itftkd.sport\/es\/wp-json\/wp\/v2\/categories?post=23194"},{"taxonomy":"post_tag","embeddable":true,"href":"https:\/\/itftkd.sport\/es\/wp-json\/wp\/v2\/tags?post=23194"}],"curies":[{"name":"wp","href":"https:\/\/api.w.org\/{rel}","templated":true}]}}