{"id":21283,"date":"2020-06-07T13:19:27","date_gmt":"2020-06-07T11:19:27","guid":{"rendered":"https:\/\/itftkd.sport\/?p=21283"},"modified":"2020-11-05T18:02:52","modified_gmt":"2020-11-05T17:02:52","slug":"talking-among-friends","status":"publish","type":"post","link":"https:\/\/itftkd.sport\/es\/talking-among-friends\/","title":{"rendered":"Charla entre amigos"},"content":{"rendered":"\n<p>Con la participaci\u00f3n de numerosos pa\u00edses de Am\u00e9rica del Sur y Central (Brasil, Argentina, Guatemala, Bolivia, Colombia, Venezuela y Ecuador) y Europa (Inglaterra y Espa\u00f1a) y organizado por la Uni\u00f3n de Taekwon-Do de Brasil en nombre y con la autorizaci\u00f3n de la AA Brazilian Taekwon-Do Association (ABT), el s\u00e1bado 6 de junio se llev\u00f3 a cabo una nueva \u201ccharla entre amigos\u201d.<br><br>El objetivo de esta serie de charlas es seguir difundiendo los Programas Kids, Harmony y Adaptados durante este per\u00edodo de la Pandemia global, para que cada vez m\u00e1s Instructores conozcan un poco m\u00e1s de ellos.<br><br>Como su nombre lo indica, se pretende que sea una agradable conversaci\u00f3n entre los miembros de los Comit\u00e9s intervinientes, Sabum Nim Fabi\u00e1n Izquierdo (Comit\u00e9 de Desarrollo Infantil), Sabum Nim Gast\u00f3n Casero (Comit\u00e9 de Harmony), Sabum Nim Leonardo Oros Duek y Boosabum Nim Anabel Vicario (Comit\u00e9 de Inclusi\u00f3n).<br><br>La conversaci\u00f3n fue inaugurada oficialmente por el presidente de la AA Brazilian Taekwon-Do Association (ABT), Sabum Nim Ricardo Ram\u00edrez y cont\u00f3 con el apoyo y las palabras de apertura del GM H\u00e9ctor Marano, Presidente del Comit\u00e9 T\u00e9cnico e Instrucci\u00f3n de la ITF, y fue coordinada por la representante de Brasil, Boosabum Nim Silvia de Moraes, quien tambi\u00e9n trabaja como colaborador del Comit\u00e9 de Desarrollo Infantil en la administraci\u00f3n de las redes sociales.<br><br>Durante las dos horas que dur\u00f3 la reuni\u00f3n, cada Comit\u00e9 tuvo veinte minutos programados para explicar qu\u00e9 es el Programa, a qui\u00e9n va dirigido y cu\u00e1les son las tareas del Comit\u00e9 encargado entre otros temas.<br><br>Pasado ese per\u00edodo, se abri\u00f3 el espacio para responder a las preguntas que se plantearon previamente durante el registro.<br><br>El cierre de la charla sirvi\u00f3 para agradecer la presencia, atenci\u00f3n y participaci\u00f3n de todos los asistentes, entre los que se encuentran los miembros y colaboradores de los Comit\u00e9s: Sra. Marisol Vicario (Kids), Sra. Mayervi Galindo, Sr. David Charlton y Sr. Eduardo Quinteros. <\/p>\n\n\n\n<div class=\"wp-block-image\"><figure class=\"aligncenter size-large\"><img loading=\"lazy\" decoding=\"async\" width=\"847\" height=\"697\" src=\"https:\/\/itftkd.sport\/wp-content\/uploads\/2020\/06\/Kids-Harmony-Adaptado.jpg\" alt=\"Kids-Harmony-Adapted\" class=\"wp-image-21285\" srcset=\"https:\/\/itftkd.sport\/es\/wp-content\/uploads\/sites\/7\/2020\/06\/Kids-Harmony-Adaptado.jpg 847w, https:\/\/itftkd.sport\/es\/wp-content\/uploads\/sites\/7\/2020\/06\/Kids-Harmony-Adaptado-300x247.jpg 300w, https:\/\/itftkd.sport\/es\/wp-content\/uploads\/sites\/7\/2020\/06\/Kids-Harmony-Adaptado-768x632.jpg 768w\" sizes=\"auto, (max-width: 847px) 100vw, 847px\" \/><\/figure><\/div>\n","protected":false},"excerpt":{"rendered":"<p>Con la participaci\u00f3n de numerosos pa\u00edses de Am\u00e9rica del Sur y Central (Brasil, Argentina, Guatemala, Bolivia, Colombia, Venezuela y Ecuador) y Europa (Inglaterra y Espa\u00f1a) y organizado por la Uni\u00f3n &hellip;<\/p>\n","protected":false},"author":10,"featured_media":21284,"comment_status":"open","ping_status":"open","sticky":false,"template":"","format":"standard","meta":{"_tec_requires_first_save":true,"_uag_custom_page_level_css":"","_genesis_hide_title":false,"_genesis_hide_breadcrumbs":false,"_genesis_hide_singular_image":false,"_genesis_hide_footer_widgets":false,"_genesis_custom_body_class":"","_genesis_custom_post_class":"","_genesis_layout":"","_EventAllDay":false,"_EventTimezone":"","_EventStartDate":"","_EventEndDate":"","_EventStartDateUTC":"","_EventEndDateUTC":"","_EventShowMap":false,"_EventShowMapLink":false,"_EventURL":"","_EventCost":"","_EventCostDescription":"","_EventCurrencySymbol":"","_EventCurrencyCode":"","_EventCurrencyPosition":"","_EventDateTimeSeparator":"","_EventTimeRangeSeparator":"","_EventOrganizerID":[],"_EventVenueID":[0],"_OrganizerEmail":"","_OrganizerPhone":"","_OrganizerWebsite":"","_VenueAddress":"","_VenueCity":"","_VenueCountry":"","_VenueProvince":"","_VenueState":"","_VenueZip":"","_VenuePhone":"","_VenueURL":"","_VenueStateProvince":"","_VenueLat":"","_VenueLng":"","_VenueShowMap":false,"_VenueShowMapLink":false,"_tribe_blocks_recurrence_rules":"","_tribe_blocks_recurrence_description":"","_tribe_blocks_recurrence_exclusions":"","editor_notices":[],"footnotes":""},"categories":[132,6],"tags":[],"class_list":["post-21283","post","type-post","status-publish","format-standard","has-post-thumbnail","category-destacadas","category-noticias-regionales","entry"],"featured_image_src":"https:\/\/itftkd.sport\/es\/wp-content\/uploads\/sites\/7\/2020\/06\/Charla-entre-amigos-Brasil-800x600-1-600x400.jpeg","featured_image_src_square":"https:\/\/itftkd.sport\/es\/wp-content\/uploads\/sites\/7\/2020\/06\/Charla-entre-amigos-Brasil-800x600-1-600x600.jpeg","author_info":{"display_name":"ivan","author_link":"https:\/\/itftkd.sport\/es\/author\/ivan\/"},"uagb_featured_image_src":{"full":["https:\/\/itftkd.sport\/es\/wp-content\/uploads\/sites\/7\/2020\/06\/Charla-entre-amigos-Brasil-800x600-1.jpeg",800,600,false],"thumbnail":["https:\/\/itftkd.sport\/es\/wp-content\/uploads\/sites\/7\/2020\/06\/Charla-entre-amigos-Brasil-800x600-1-150x150.jpeg",150,150,true],"medium":["https:\/\/itftkd.sport\/es\/wp-content\/uploads\/sites\/7\/2020\/06\/Charla-entre-amigos-Brasil-800x600-1-300x225.jpeg",300,225,true],"medium_large":["https:\/\/itftkd.sport\/es\/wp-content\/uploads\/sites\/7\/2020\/06\/Charla-entre-amigos-Brasil-800x600-1-768x576.jpeg",768,576,true],"large":["https:\/\/itftkd.sport\/es\/wp-content\/uploads\/sites\/7\/2020\/06\/Charla-entre-amigos-Brasil-800x600-1.jpeg",800,600,false],"1536x1536":["https:\/\/itftkd.sport\/es\/wp-content\/uploads\/sites\/7\/2020\/06\/Charla-entre-amigos-Brasil-800x600-1.jpeg",800,600,false],"2048x2048":["https:\/\/itftkd.sport\/es\/wp-content\/uploads\/sites\/7\/2020\/06\/Charla-entre-amigos-Brasil-800x600-1.jpeg",800,600,false],"banner":["https:\/\/itftkd.sport\/es\/wp-content\/uploads\/sites\/7\/2020\/06\/Charla-entre-amigos-Brasil-800x600-1-800x533.jpeg",800,533,true],"section":["https:\/\/itftkd.sport\/es\/wp-content\/uploads\/sites\/7\/2020\/06\/Charla-entre-amigos-Brasil-800x600-1.jpeg",800,600,false],"full-width":["https:\/\/itftkd.sport\/es\/wp-content\/uploads\/sites\/7\/2020\/06\/Charla-entre-amigos-Brasil-800x600-1.jpeg",800,600,false],"featured":["https:\/\/itftkd.sport\/es\/wp-content\/uploads\/sites\/7\/2020\/06\/Charla-entre-amigos-Brasil-800x600-1.jpeg",800,600,false],"one-half":["https:\/\/itftkd.sport\/es\/wp-content\/uploads\/sites\/7\/2020\/06\/Charla-entre-amigos-Brasil-800x600-1-550x413.jpeg",550,413,true],"one-third":["https:\/\/itftkd.sport\/es\/wp-content\/uploads\/sites\/7\/2020\/06\/Charla-entre-amigos-Brasil-800x600-1-350x263.jpeg",350,263,true],"one-fourth":["https:\/\/itftkd.sport\/es\/wp-content\/uploads\/sites\/7\/2020\/06\/Charla-entre-amigos-Brasil-800x600-1-260x195.jpeg",260,195,true],"tiny":["https:\/\/itftkd.sport\/es\/wp-content\/uploads\/sites\/7\/2020\/06\/Charla-entre-amigos-Brasil-800x600-1-80x80.jpeg",80,80,true],"ab-block-post-grid-landscape":["https:\/\/itftkd.sport\/es\/wp-content\/uploads\/sites\/7\/2020\/06\/Charla-entre-amigos-Brasil-800x600-1-600x400.jpeg",600,400,true],"ab-block-post-grid-square":["https:\/\/itftkd.sport\/es\/wp-content\/uploads\/sites\/7\/2020\/06\/Charla-entre-amigos-Brasil-800x600-1-600x600.jpeg",600,600,true],"gform-image-choice-sm":["https:\/\/itftkd.sport\/es\/wp-content\/uploads\/sites\/7\/2020\/06\/Charla-entre-amigos-Brasil-800x600-1.jpeg",300,225,false],"gform-image-choice-md":["https:\/\/itftkd.sport\/es\/wp-content\/uploads\/sites\/7\/2020\/06\/Charla-entre-amigos-Brasil-800x600-1.jpeg",400,300,false],"gform-image-choice-lg":["https:\/\/itftkd.sport\/es\/wp-content\/uploads\/sites\/7\/2020\/06\/Charla-entre-amigos-Brasil-800x600-1.jpeg",600,450,false]},"uagb_author_info":{"display_name":"ivan","author_link":"https:\/\/itftkd.sport\/es\/author\/ivan\/"},"uagb_comment_info":0,"uagb_excerpt":"Con la participaci\u00f3n de numerosos pa\u00edses de Am\u00e9rica del Sur y Central (Brasil, Argentina, Guatemala, Bolivia, Colombia, Venezuela y Ecuador) y Europa (Inglaterra y Espa\u00f1a) y organizado por la Uni\u00f3n &hellip;","_links":{"self":[{"href":"https:\/\/itftkd.sport\/es\/wp-json\/wp\/v2\/posts\/21283","targetHints":{"allow":["GET"]}}],"collection":[{"href":"https:\/\/itftkd.sport\/es\/wp-json\/wp\/v2\/posts"}],"about":[{"href":"https:\/\/itftkd.sport\/es\/wp-json\/wp\/v2\/types\/post"}],"author":[{"embeddable":true,"href":"https:\/\/itftkd.sport\/es\/wp-json\/wp\/v2\/users\/10"}],"replies":[{"embeddable":true,"href":"https:\/\/itftkd.sport\/es\/wp-json\/wp\/v2\/comments?post=21283"}],"version-history":[{"count":1,"href":"https:\/\/itftkd.sport\/es\/wp-json\/wp\/v2\/posts\/21283\/revisions"}],"predecessor-version":[{"id":24085,"href":"https:\/\/itftkd.sport\/es\/wp-json\/wp\/v2\/posts\/21283\/revisions\/24085"}],"wp:featuredmedia":[{"embeddable":true,"href":"https:\/\/itftkd.sport\/es\/wp-json\/wp\/v2\/media\/21284"}],"wp:attachment":[{"href":"https:\/\/itftkd.sport\/es\/wp-json\/wp\/v2\/media?parent=21283"}],"wp:term":[{"taxonomy":"category","embeddable":true,"href":"https:\/\/itftkd.sport\/es\/wp-json\/wp\/v2\/categories?post=21283"},{"taxonomy":"post_tag","embeddable":true,"href":"https:\/\/itftkd.sport\/es\/wp-json\/wp\/v2\/tags?post=21283"}],"curies":[{"name":"wp","href":"https:\/\/api.w.org\/{rel}","templated":true}]}}