{"id":20518,"date":"2020-04-27T16:08:54","date_gmt":"2020-04-27T14:08:54","guid":{"rendered":"https:\/\/itftkd.sport\/?p=20518"},"modified":"2021-01-18T16:11:21","modified_gmt":"2021-01-18T15:11:21","slug":"ita-strategic-plan-2020-2023","status":"publish","type":"post","link":"https:\/\/itftkd.sport\/es\/ita-strategic-plan-2020-2023\/","title":{"rendered":"Plan estrat\u00e9gico ITA 2020-2023"},"content":{"rendered":"\n<p>En la Reuni\u00f3n Anual celebrada el 19 de enero de 2020, la Asociaci\u00f3n Irlandesa de Taekwon-Do lanz\u00f3 el nuevo Plan Estrat\u00e9gico de ITA 2020-2023.<br><\/p>\n\n\n\n<figure class=\"wp-block-image size-large\"><img loading=\"lazy\" decoding=\"async\" width=\"1024\" height=\"527\" src=\"https:\/\/itftkd.sport\/wp-content\/uploads\/2020\/04\/ITA-Board-Meeting-Foto-1-1024x527.jpg\" alt=\"\" class=\"wp-image-20525\" srcset=\"https:\/\/itftkd.sport\/es\/wp-content\/uploads\/sites\/7\/2020\/04\/ITA-Board-Meeting-Foto-1-1024x527.jpg 1024w, https:\/\/itftkd.sport\/es\/wp-content\/uploads\/sites\/7\/2020\/04\/ITA-Board-Meeting-Foto-1-300x154.jpg 300w, https:\/\/itftkd.sport\/es\/wp-content\/uploads\/sites\/7\/2020\/04\/ITA-Board-Meeting-Foto-1.jpg 750w\" sizes=\"auto, (max-width: 1024px) 100vw, 1024px\" \/><\/figure>\n\n\n\n<p>El documento describe las metas y objetivos clave de ITA para los pr\u00f3ximos cuatro a\u00f1os, seg\u00fan lo decidido por los miembros de ITA.<\/p>\n\n\n\n<p>En este asunto, ITA es sin duda un ejemplo para los miembros de la ITF. Gracias a que la Irish Taekwon-Do Association \u201cest\u00e1 trabajando estrat\u00e9gicamente, es una organizaci\u00f3n que en muy poco tiempo ha recibido el reconocimiento de Sport Ireland, la autoridad encargada del desarrollo del deporte en Irlanda.<\/p>\n\n\n\n<p>\u00abEs un gran orgullo presentarles el Plan Estrat\u00e9gico 2020-2023 de la Asociaci\u00f3n Irlandesa de Taekwon-Do. Desde la publicaci\u00f3n de nuestro plan estrat\u00e9gico anterior, el ITA ha ido creciendo cada vez m\u00e1s y ha sido reconocido como un punto de referencia de calidad entre la comunidad de ITF Taekwon-Do en el pa\u00eds y en el extranjero. (&#8230;) Este plan estrat\u00e9gico se basa en los proyectos exitosos completados hasta la fecha y establece el rumbo para los pr\u00f3ximos a\u00f1os para que podamos mirar hacia adelante con confianza y prop\u00f3sito \u00ab, dijo el Maestro Kenneth J Wheatley, Presidente de ITA en su carta de pr\u00f3logo al comienzo del documento.<\/p>\n\n\n\n<p>Los documentos se pueden descargar del sitio web de ITA disponible en el link:\u00a0<a rel=\"noreferrer noopener\" href=\"https:\/\/www.taekwondo.ie\/news\/launch-of-ita-strategic-plan-2020-2023\" target=\"_blank\" class=\"ek-link\">https:\/\/www.taekwondo.ie\/news\/launch-of-ita-strategic-plan-2020-2023<\/a><\/p>\n\n\n\n<p>El 1er Plan Estrat\u00e9gico de la ITA se lanz\u00f3 en 2011. Hoy en d\u00eda todav\u00eda es posible descargar el documento del sitio web de la Federaci\u00f3n de Taekwon-Do de Toda Europa bajo el link:\u00a0<a rel=\"noreferrer noopener\" href=\"https:\/\/old.itfeurope.org\/NL2012-01-16.html\" target=\"_blank\">https:\/\/old.itfeurope.org\/NL2012-01-16.html<\/a><\/p>\n\n\n\n<figure class=\"wp-block-gallery columns-2 is-cropped wp-block-gallery-1 is-layout-flex wp-block-gallery-is-layout-flex\"><ul class=\"blocks-gallery-grid\"><li class=\"blocks-gallery-item\"><figure><img loading=\"lazy\" decoding=\"async\" width=\"724\" height=\"1024\" src=\"https:\/\/itftkd.sport\/wp-content\/uploads\/2020\/04\/ITA-Strategic-Plan-Title-page-1-724x1024.jpg\" alt=\"\" data-id=\"20523\" data-full-url=\"https:\/\/itftkd.sport\/wp-content\/uploads\/2020\/04\/ITA-Strategic-Plan-Title-page-1-scaled.jpg\" data-link=\"https:\/\/itftkd.sport\/?attachment_id=20523\" class=\"wp-image-20523\" srcset=\"https:\/\/itftkd.sport\/es\/wp-content\/uploads\/sites\/7\/2020\/04\/ITA-Strategic-Plan-Title-page-1-724x1024.jpg 724w, https:\/\/itftkd.sport\/es\/wp-content\/uploads\/sites\/7\/2020\/04\/ITA-Strategic-Plan-Title-page-1-212x300.jpg 212w\" sizes=\"auto, (max-width: 724px) 100vw, 724px\" \/><\/figure><\/li><li class=\"blocks-gallery-item\"><figure><img loading=\"lazy\" decoding=\"async\" width=\"724\" height=\"1024\" src=\"https:\/\/itftkd.sport\/wp-content\/uploads\/2020\/04\/ITA-Strategic-Pland-page-inside-1-724x1024.jpg\" alt=\"\" data-id=\"20524\" data-full-url=\"https:\/\/itftkd.sport\/wp-content\/uploads\/2020\/04\/ITA-Strategic-Pland-page-inside-1-scaled.jpg\" data-link=\"https:\/\/itftkd.sport\/?attachment_id=20524\" class=\"wp-image-20524\" srcset=\"https:\/\/itftkd.sport\/es\/wp-content\/uploads\/sites\/7\/2020\/04\/ITA-Strategic-Pland-page-inside-1-724x1024.jpg 724w, https:\/\/itftkd.sport\/es\/wp-content\/uploads\/sites\/7\/2020\/04\/ITA-Strategic-Pland-page-inside-1-212x300.jpg 212w\" sizes=\"auto, (max-width: 724px) 100vw, 724px\" \/><\/figure><\/li><\/ul><\/figure>\n\n\n\n<p>Si tiene alguna pregunta en relaci\u00f3n con el plan estrat\u00e9gico de ITA, comun\u00edquese con el Secretario General de ITA, Sr. Stephen Ryan, a la direcci\u00f3n de correo electr\u00f3nico:\u00a0<a href=\"mailto:sryan@taekwondo.ie\">sryan@taekwondo.ie<\/a><\/p>\n","protected":false},"excerpt":{"rendered":"<p>En la Reuni\u00f3n Anual celebrada el 19 de enero de 2020, la Asociaci\u00f3n Irlandesa de Taekwon-Do lanz\u00f3 el nuevo Plan Estrat\u00e9gico de ITA 2020-2023. El documento describe las metas y &hellip;<\/p>\n","protected":false},"author":10,"featured_media":20520,"comment_status":"open","ping_status":"open","sticky":false,"template":"","format":"standard","meta":{"_tec_requires_first_save":true,"_uag_custom_page_level_css":"","_genesis_hide_title":false,"_genesis_hide_breadcrumbs":false,"_genesis_hide_singular_image":false,"_genesis_hide_footer_widgets":false,"_genesis_custom_body_class":"","_genesis_custom_post_class":"","_genesis_layout":"","_EventAllDay":false,"_EventTimezone":"","_EventStartDate":"","_EventEndDate":"","_EventStartDateUTC":"","_EventEndDateUTC":"","_EventShowMap":false,"_EventShowMapLink":false,"_EventURL":"","_EventCost":"","_EventCostDescription":"","_EventCurrencySymbol":"","_EventCurrencyCode":"","_EventCurrencyPosition":"","_EventDateTimeSeparator":"","_EventTimeRangeSeparator":"","_EventOrganizerID":[],"_EventVenueID":[0],"_OrganizerEmail":"","_OrganizerPhone":"","_OrganizerWebsite":"","_VenueAddress":"","_VenueCity":"","_VenueCountry":"","_VenueProvince":"","_VenueState":"","_VenueZip":"","_VenuePhone":"","_VenueURL":"","_VenueStateProvince":"","_VenueLat":"","_VenueLng":"","_VenueShowMap":false,"_VenueShowMapLink":false,"_tribe_blocks_recurrence_rules":"","_tribe_blocks_recurrence_description":"","_tribe_blocks_recurrence_exclusions":"","editor_notices":[],"footnotes":""},"categories":[6],"tags":[],"class_list":["post-20518","post","type-post","status-publish","format-standard","has-post-thumbnail","category-noticias-regionales","entry"],"featured_image_src":"https:\/\/itftkd.sport\/es\/wp-content\/uploads\/sites\/7\/2020\/04\/ITA-Strategic-Plan-destacada-600x400.jpg","featured_image_src_square":"https:\/\/itftkd.sport\/es\/wp-content\/uploads\/sites\/7\/2020\/04\/ITA-Strategic-Plan-destacada-600x600.jpg","author_info":{"display_name":"ivan","author_link":"https:\/\/itftkd.sport\/es\/author\/ivan\/"},"uagb_featured_image_src":{"full":["https:\/\/itftkd.sport\/es\/wp-content\/uploads\/sites\/7\/2020\/04\/ITA-Strategic-Plan-destacada.jpg",2480,1860,false],"thumbnail":["https:\/\/itftkd.sport\/es\/wp-content\/uploads\/sites\/7\/2020\/04\/ITA-Strategic-Plan-destacada-150x150.jpg",150,150,true],"medium":["https:\/\/itftkd.sport\/es\/wp-content\/uploads\/sites\/7\/2020\/04\/ITA-Strategic-Plan-destacada-300x225.jpg",300,225,true],"medium_large":["https:\/\/itftkd.sport\/es\/wp-content\/uploads\/sites\/7\/2020\/04\/ITA-Strategic-Plan-destacada-768x576.jpg",768,576,true],"large":["https:\/\/itftkd.sport\/es\/wp-content\/uploads\/sites\/7\/2020\/04\/ITA-Strategic-Plan-destacada-1024x768.jpg",1024,768,true],"1536x1536":["https:\/\/itftkd.sport\/es\/wp-content\/uploads\/sites\/7\/2020\/04\/ITA-Strategic-Plan-destacada-1536x1152.jpg",1536,1152,true],"2048x2048":["https:\/\/itftkd.sport\/es\/wp-content\/uploads\/sites\/7\/2020\/04\/ITA-Strategic-Plan-destacada-2048x1536.jpg",2048,1536,true],"banner":["https:\/\/itftkd.sport\/es\/wp-content\/uploads\/sites\/7\/2020\/04\/ITA-Strategic-Plan-destacada-1600x533.jpg",1600,533,true],"section":["https:\/\/itftkd.sport\/es\/wp-content\/uploads\/sites\/7\/2020\/04\/ITA-Strategic-Plan-destacada-1600x900.jpg",1600,900,true],"full-width":["https:\/\/itftkd.sport\/es\/wp-content\/uploads\/sites\/7\/2020\/04\/ITA-Strategic-Plan-destacada-1248x832.jpg",1248,832,true],"featured":["https:\/\/itftkd.sport\/es\/wp-content\/uploads\/sites\/7\/2020\/04\/ITA-Strategic-Plan-destacada-800x600.jpg",800,600,true],"one-half":["https:\/\/itftkd.sport\/es\/wp-content\/uploads\/sites\/7\/2020\/04\/ITA-Strategic-Plan-destacada-550x413.jpg",550,413,true],"one-third":["https:\/\/itftkd.sport\/es\/wp-content\/uploads\/sites\/7\/2020\/04\/ITA-Strategic-Plan-destacada-350x263.jpg",350,263,true],"one-fourth":["https:\/\/itftkd.sport\/es\/wp-content\/uploads\/sites\/7\/2020\/04\/ITA-Strategic-Plan-destacada-260x195.jpg",260,195,true],"tiny":["https:\/\/itftkd.sport\/es\/wp-content\/uploads\/sites\/7\/2020\/04\/ITA-Strategic-Plan-destacada-80x80.jpg",80,80,true],"ab-block-post-grid-landscape":["https:\/\/itftkd.sport\/es\/wp-content\/uploads\/sites\/7\/2020\/04\/ITA-Strategic-Plan-destacada-600x400.jpg",600,400,true],"ab-block-post-grid-square":["https:\/\/itftkd.sport\/es\/wp-content\/uploads\/sites\/7\/2020\/04\/ITA-Strategic-Plan-destacada-600x600.jpg",600,600,true],"gform-image-choice-sm":["https:\/\/itftkd.sport\/es\/wp-content\/uploads\/sites\/7\/2020\/04\/ITA-Strategic-Plan-destacada.jpg",300,225,false],"gform-image-choice-md":["https:\/\/itftkd.sport\/es\/wp-content\/uploads\/sites\/7\/2020\/04\/ITA-Strategic-Plan-destacada.jpg",400,300,false],"gform-image-choice-lg":["https:\/\/itftkd.sport\/es\/wp-content\/uploads\/sites\/7\/2020\/04\/ITA-Strategic-Plan-destacada.jpg",600,450,false]},"uagb_author_info":{"display_name":"ivan","author_link":"https:\/\/itftkd.sport\/es\/author\/ivan\/"},"uagb_comment_info":0,"uagb_excerpt":"En la Reuni\u00f3n Anual celebrada el 19 de enero de 2020, la Asociaci\u00f3n Irlandesa de Taekwon-Do lanz\u00f3 el nuevo Plan Estrat\u00e9gico de ITA 2020-2023. El documento describe las metas y &hellip;","_links":{"self":[{"href":"https:\/\/itftkd.sport\/es\/wp-json\/wp\/v2\/posts\/20518","targetHints":{"allow":["GET"]}}],"collection":[{"href":"https:\/\/itftkd.sport\/es\/wp-json\/wp\/v2\/posts"}],"about":[{"href":"https:\/\/itftkd.sport\/es\/wp-json\/wp\/v2\/types\/post"}],"author":[{"embeddable":true,"href":"https:\/\/itftkd.sport\/es\/wp-json\/wp\/v2\/users\/10"}],"replies":[{"embeddable":true,"href":"https:\/\/itftkd.sport\/es\/wp-json\/wp\/v2\/comments?post=20518"}],"version-history":[{"count":2,"href":"https:\/\/itftkd.sport\/es\/wp-json\/wp\/v2\/posts\/20518\/revisions"}],"predecessor-version":[{"id":24681,"href":"https:\/\/itftkd.sport\/es\/wp-json\/wp\/v2\/posts\/20518\/revisions\/24681"}],"wp:featuredmedia":[{"embeddable":true,"href":"https:\/\/itftkd.sport\/es\/wp-json\/wp\/v2\/media\/20520"}],"wp:attachment":[{"href":"https:\/\/itftkd.sport\/es\/wp-json\/wp\/v2\/media?parent=20518"}],"wp:term":[{"taxonomy":"category","embeddable":true,"href":"https:\/\/itftkd.sport\/es\/wp-json\/wp\/v2\/categories?post=20518"},{"taxonomy":"post_tag","embeddable":true,"href":"https:\/\/itftkd.sport\/es\/wp-json\/wp\/v2\/tags?post=20518"}],"curies":[{"name":"wp","href":"https:\/\/api.w.org\/{rel}","templated":true}]}}