{"id":20510,"date":"2020-04-25T23:29:44","date_gmt":"2020-04-25T21:29:44","guid":{"rendered":"https:\/\/itftkd.sport\/?p=20510"},"modified":"2021-01-18T16:24:46","modified_gmt":"2021-01-18T15:24:46","slug":"first-zoom-conference-with-the-leaders-of-central-and-south-america","status":"publish","type":"post","link":"https:\/\/itftkd.sport\/es\/first-zoom-conference-with-the-leaders-of-central-and-south-america\/","title":{"rendered":"Primera conferencia v\u00eda Zoom con los l\u00edderes de Centro y Sudam\u00e9rica."},"content":{"rendered":"\n<p>Hoy se realiz\u00f3 el primer Zoom conference con los l\u00edderes de de Centro y Sudam\u00e9rica. Estuvieron presentes el Presidente de la ITF, GM Paul Weiler, el Secretario General Master Tadeuz Loboda y el Tesorero SBN Leo Oros Duek. Tambi\u00e9n estuvo presente la Comisi\u00f3n Directiva en pleno de la Confederaci\u00f3n Centro Sudamericana presidida por el Maestro Abelardo Benzaqu\u00e9n. Asistencia perfecta cumplida con el resto de los l\u00edderes de cada pa\u00eds y muy buena retroalimentaci\u00f3n para todos. La ITF\u00a0sigue paso a paso trabajando e informando a todos sus miembros.<\/p>\n\n\n\n<figure class=\"wp-block-gallery columns-2 is-cropped wp-block-gallery-1 is-layout-flex wp-block-gallery-is-layout-flex\"><ul class=\"blocks-gallery-grid\"><li class=\"blocks-gallery-item\"><figure><img loading=\"lazy\" decoding=\"async\" width=\"1024\" height=\"768\" src=\"https:\/\/itftkd.sport\/wp-content\/uploads\/2020\/04\/reuni\u00f3nzoomcentrosudamericana2-1024x768.jpg\" alt=\"\" data-id=\"20515\" data-full-url=\"https:\/\/itftkd.sport\/wp-content\/uploads\/2020\/04\/reuni\u00f3nzoomcentrosudamericana2.jpg\" data-link=\"https:\/\/itftkd.sport\/?attachment_id=20515\" class=\"wp-image-20515\" srcset=\"https:\/\/itftkd.sport\/es\/wp-content\/uploads\/sites\/7\/2020\/04\/reuni\u00f3nzoomcentrosudamericana2-1024x768.jpg 1024w, https:\/\/itftkd.sport\/es\/wp-content\/uploads\/sites\/7\/2020\/04\/reuni\u00f3nzoomcentrosudamericana2-300x225.jpg 300w, https:\/\/itftkd.sport\/es\/wp-content\/uploads\/sites\/7\/2020\/04\/reuni\u00f3nzoomcentrosudamericana2-768x576.jpg 768w, https:\/\/itftkd.sport\/es\/wp-content\/uploads\/sites\/7\/2020\/04\/reuni\u00f3nzoomcentrosudamericana2-800x600.jpg 800w, https:\/\/itftkd.sport\/es\/wp-content\/uploads\/sites\/7\/2020\/04\/reuni\u00f3nzoomcentrosudamericana2-550x413.jpg 550w, https:\/\/itftkd.sport\/es\/wp-content\/uploads\/sites\/7\/2020\/04\/reuni\u00f3nzoomcentrosudamericana2-350x263.jpg 350w, https:\/\/itftkd.sport\/es\/wp-content\/uploads\/sites\/7\/2020\/04\/reuni\u00f3nzoomcentrosudamericana2-260x195.jpg 260w\" sizes=\"auto, (max-width: 1024px) 100vw, 1024px\" \/><\/figure><\/li><li class=\"blocks-gallery-item\"><figure><img loading=\"lazy\" decoding=\"async\" width=\"1024\" height=\"576\" src=\"https:\/\/itftkd.sport\/wp-content\/uploads\/2020\/04\/reuni\u00f3nzoomcentrosudamericana1-1024x576.jpg\" alt=\"\" data-id=\"20514\" data-full-url=\"https:\/\/itftkd.sport\/wp-content\/uploads\/2020\/04\/reuni\u00f3nzoomcentrosudamericana1.jpg\" data-link=\"https:\/\/itftkd.sport\/?attachment_id=20514\" class=\"wp-image-20514\" srcset=\"https:\/\/itftkd.sport\/es\/wp-content\/uploads\/sites\/7\/2020\/04\/reuni\u00f3nzoomcentrosudamericana1-1024x576.jpg 1024w, https:\/\/itftkd.sport\/es\/wp-content\/uploads\/sites\/7\/2020\/04\/reuni\u00f3nzoomcentrosudamericana1-300x168.jpg 300w, https:\/\/itftkd.sport\/es\/wp-content\/uploads\/sites\/7\/2020\/04\/reuni\u00f3nzoomcentrosudamericana1-768x432.jpg 768w\" sizes=\"auto, (max-width: 1024px) 100vw, 1024px\" \/><\/figure><\/li><\/ul><\/figure>\n","protected":false},"excerpt":{"rendered":"<p>Hoy se realiz\u00f3 el primer Zoom conference con los l\u00edderes de de Centro y Sudam\u00e9rica. Estuvieron presentes el Presidente de la ITF, GM Paul Weiler, el Secretario General Master Tadeuz &hellip;<\/p>\n","protected":false},"author":10,"featured_media":0,"comment_status":"open","ping_status":"open","sticky":false,"template":"","format":"standard","meta":{"_tec_requires_first_save":true,"_uag_custom_page_level_css":"","_genesis_hide_title":false,"_genesis_hide_breadcrumbs":false,"_genesis_hide_singular_image":false,"_genesis_hide_footer_widgets":false,"_genesis_custom_body_class":"","_genesis_custom_post_class":"","_genesis_layout":"","_EventAllDay":false,"_EventTimezone":"","_EventStartDate":"","_EventEndDate":"","_EventStartDateUTC":"","_EventEndDateUTC":"","_EventShowMap":false,"_EventShowMapLink":false,"_EventURL":"","_EventCost":"","_EventCostDescription":"","_EventCurrencySymbol":"","_EventCurrencyCode":"","_EventCurrencyPosition":"","_EventDateTimeSeparator":"","_EventTimeRangeSeparator":"","_EventOrganizerID":[],"_EventVenueID":[0],"_OrganizerEmail":"","_OrganizerPhone":"","_OrganizerWebsite":"","_VenueAddress":"","_VenueCity":"","_VenueCountry":"","_VenueProvince":"","_VenueState":"","_VenueZip":"","_VenuePhone":"","_VenueURL":"","_VenueStateProvince":"","_VenueLat":"","_VenueLng":"","_VenueShowMap":false,"_VenueShowMapLink":false,"_tribe_blocks_recurrence_rules":"","_tribe_blocks_recurrence_description":"","_tribe_blocks_recurrence_exclusions":"","editor_notices":[],"footnotes":""},"categories":[131,6],"tags":[],"class_list":["post-20510","post","type-post","status-publish","format-standard","category-noticias-institucionales","category-noticias-regionales","entry","has-post-thumbnail"],"featured_image_src":null,"featured_image_src_square":null,"author_info":{"display_name":"ivan","author_link":"https:\/\/itftkd.sport\/es\/author\/ivan\/"},"uagb_featured_image_src":{"full":false,"thumbnail":false,"medium":false,"medium_large":false,"large":false,"1536x1536":false,"2048x2048":false,"banner":false,"section":false,"full-width":false,"featured":false,"one-half":false,"one-third":false,"one-fourth":false,"tiny":false,"ab-block-post-grid-landscape":false,"ab-block-post-grid-square":false,"gform-image-choice-sm":false,"gform-image-choice-md":false,"gform-image-choice-lg":false},"uagb_author_info":{"display_name":"ivan","author_link":"https:\/\/itftkd.sport\/es\/author\/ivan\/"},"uagb_comment_info":0,"uagb_excerpt":"Hoy se realiz\u00f3 el primer Zoom conference con los l\u00edderes de de Centro y Sudam\u00e9rica. Estuvieron presentes el Presidente de la ITF, GM Paul Weiler, el Secretario General Master Tadeuz &hellip;","_links":{"self":[{"href":"https:\/\/itftkd.sport\/es\/wp-json\/wp\/v2\/posts\/20510","targetHints":{"allow":["GET"]}}],"collection":[{"href":"https:\/\/itftkd.sport\/es\/wp-json\/wp\/v2\/posts"}],"about":[{"href":"https:\/\/itftkd.sport\/es\/wp-json\/wp\/v2\/types\/post"}],"author":[{"embeddable":true,"href":"https:\/\/itftkd.sport\/es\/wp-json\/wp\/v2\/users\/10"}],"replies":[{"embeddable":true,"href":"https:\/\/itftkd.sport\/es\/wp-json\/wp\/v2\/comments?post=20510"}],"version-history":[{"count":2,"href":"https:\/\/itftkd.sport\/es\/wp-json\/wp\/v2\/posts\/20510\/revisions"}],"predecessor-version":[{"id":24684,"href":"https:\/\/itftkd.sport\/es\/wp-json\/wp\/v2\/posts\/20510\/revisions\/24684"}],"wp:attachment":[{"href":"https:\/\/itftkd.sport\/es\/wp-json\/wp\/v2\/media?parent=20510"}],"wp:term":[{"taxonomy":"category","embeddable":true,"href":"https:\/\/itftkd.sport\/es\/wp-json\/wp\/v2\/categories?post=20510"},{"taxonomy":"post_tag","embeddable":true,"href":"https:\/\/itftkd.sport\/es\/wp-json\/wp\/v2\/tags?post=20510"}],"curies":[{"name":"wp","href":"https:\/\/api.w.org\/{rel}","templated":true}]}}