{"id":20502,"date":"2020-04-25T23:21:23","date_gmt":"2020-04-25T21:21:23","guid":{"rendered":"https:\/\/itftkd.sport\/?p=20502"},"modified":"2021-01-18T16:32:15","modified_gmt":"2021-01-18T15:32:15","slug":"virtual-talk-about-yul-gok-by-gm-marano","status":"publish","type":"post","link":"https:\/\/itftkd.sport\/es\/virtual-talk-about-yul-gok-by-gm-marano\/","title":{"rendered":"Charla virtual sobre Yul Gok por GM Marano"},"content":{"rendered":"\n<p>Organizada por el Maestro Omar Merodio, vicepresidente de FETRA ITF Argentina, se realiz\u00f3 la primera de las 7 charlas virtuales anunciadas por la Asociaci\u00f3n Nacional.<\/p>\n\n\n\n<p>Asistieron 100 personas, entre ellos los Grandes Maestros G. Ramisch, F. Vanberghen, R. Su\u00e1rez, J. Condomi, y los Maestros A. Benzaqu\u00e9n, A. Van Driessche, M. Cancelleri, C. Dualde, J. Demarchi, H. Mengoni, C. Lorefice, G. M\u00e9ndez, F. Mercado, M. Rodr\u00edguez, A. Villegas, F. Yerusalmi y A. Zorz\u00f3n, adem\u00e1s de Instructores de cuatro de los cinco continentes.<\/p>\n\n\n\n<p>Estuvieron representados 18 pa\u00edses, a saber: Aruba, Venezuela, Costa Rica, Espa\u00f1a, Colombia, Estados Unidos de Am\u00e9rica, Inglaterra, Israel, Taiw\u00e1n, Chile, Bolivia, Australia, Nueva Zelanda, Canad\u00e1, B\u00e9lgica, Grecia, Honduras y Brasil. El tema de la charla fue Yul Gok. Luego del saludo correspondiente, GM Marano, presidente del Comit\u00e9 T\u00e9cnico y de Instrucci\u00f3n de la ITF, comenz\u00f3 a escuchar las preguntas que los participantes hab\u00edan enviado previamente a los organizadores.<\/p>\n\n\n\n<p>Casi la totalidad de los 38 movimientos del patr\u00f3n fueron abordados con el grado de detalle que lo caracteriza y lo destaca en cada IIC que lidera, pero la parte inesperada y una de las m\u00e1s aplaudidas, sin duda, fue la narraci\u00f3n hist\u00f3rica relacionada con la creaci\u00f3n de las formas, los nombres de los pioneros que contribuyeron a su desarrollo e innumerables detalles que no suelen encontrarse en la bibliograf\u00eda disponible.<\/p>\n\n\n\n<p>Desde la organizaci\u00f3n queremos agradecer a todos aquellos que tuvieron el privilegio de poder asistir en vivo, as\u00ed como a todos los que enviaron correos electr\u00f3nicos y mensajes. Finalmente, pedimos disculpas a todos aquellos que, por razones del l\u00edmite que otorga la aplicaci\u00f3n, tuvieron que quedar fuera de la reuni\u00f3n. <\/p>\n\n\n\n<p>Suyos en Taekwon-Do.<\/p>\n\n\n\n<p>Maestro Omar Merodio<\/p>\n\n\n\n<p>Organizador<\/p>\n\n\n\n<figure class=\"wp-block-gallery columns-3 is-cropped wp-block-gallery-1 is-layout-flex wp-block-gallery-is-layout-flex\"><ul class=\"blocks-gallery-grid\"><li class=\"blocks-gallery-item\"><figure><img loading=\"lazy\" decoding=\"async\" width=\"1024\" height=\"768\" src=\"https:\/\/itftkd.sport\/wp-content\/uploads\/2020\/04\/WhatsApp-Image-2020-04-25-at-12.36.36-1024x768.jpeg\" alt=\"Attendances virtual talk\" data-id=\"20511\" data-full-url=\"https:\/\/itftkd.sport\/wp-content\/uploads\/2020\/04\/WhatsApp-Image-2020-04-25-at-12.36.36.jpeg\" data-link=\"https:\/\/itftkd.sport\/blog\/first-zoom-conference-with-the-leaders-of-central-and-south-america\/whatsapp-image-2020-04-25-at-12-36-36\/\" class=\"wp-image-20511\" srcset=\"https:\/\/itftkd.sport\/es\/wp-content\/uploads\/sites\/7\/2020\/04\/WhatsApp-Image-2020-04-25-at-12.36.36-1024x768.jpeg 1024w, https:\/\/itftkd.sport\/es\/wp-content\/uploads\/sites\/7\/2020\/04\/WhatsApp-Image-2020-04-25-at-12.36.36-300x225.jpeg 300w, https:\/\/itftkd.sport\/es\/wp-content\/uploads\/sites\/7\/2020\/04\/WhatsApp-Image-2020-04-25-at-12.36.36-768x576.jpeg 768w, https:\/\/itftkd.sport\/es\/wp-content\/uploads\/sites\/7\/2020\/04\/WhatsApp-Image-2020-04-25-at-12.36.36-800x600.jpeg 800w, https:\/\/itftkd.sport\/es\/wp-content\/uploads\/sites\/7\/2020\/04\/WhatsApp-Image-2020-04-25-at-12.36.36-550x413.jpeg 550w, https:\/\/itftkd.sport\/es\/wp-content\/uploads\/sites\/7\/2020\/04\/WhatsApp-Image-2020-04-25-at-12.36.36-350x263.jpeg 350w, https:\/\/itftkd.sport\/es\/wp-content\/uploads\/sites\/7\/2020\/04\/WhatsApp-Image-2020-04-25-at-12.36.36-260x195.jpeg 260w\" sizes=\"auto, (max-width: 1024px) 100vw, 1024px\" \/><\/figure><\/li><li class=\"blocks-gallery-item\"><figure><img loading=\"lazy\" decoding=\"async\" width=\"1024\" height=\"575\" src=\"https:\/\/itftkd.sport\/wp-content\/uploads\/2020\/04\/WhatsApp-Image-2020-04-24-at-20.28.50-1024x575.jpeg\" alt=\"\" data-id=\"20509\" data-full-url=\"https:\/\/itftkd.sport\/wp-content\/uploads\/2020\/04\/WhatsApp-Image-2020-04-24-at-20.28.50.jpeg\" data-link=\"https:\/\/itftkd.sport\/blog\/virtual-talk-about-yul-gok-by-gm-marano\/whatsapp-image-2020-04-24-at-20-28-50\/\" class=\"wp-image-20509\" srcset=\"https:\/\/itftkd.sport\/es\/wp-content\/uploads\/sites\/7\/2020\/04\/WhatsApp-Image-2020-04-24-at-20.28.50-1024x575.jpeg 1024w, https:\/\/itftkd.sport\/es\/wp-content\/uploads\/sites\/7\/2020\/04\/WhatsApp-Image-2020-04-24-at-20.28.50-300x168.jpeg 300w, https:\/\/itftkd.sport\/es\/wp-content\/uploads\/sites\/7\/2020\/04\/WhatsApp-Image-2020-04-24-at-20.28.50-768x431.jpeg 768w\" sizes=\"auto, (max-width: 1024px) 100vw, 1024px\" \/><\/figure><\/li><li class=\"blocks-gallery-item\"><figure><img loading=\"lazy\" decoding=\"async\" width=\"1024\" height=\"575\" src=\"https:\/\/itftkd.sport\/wp-content\/uploads\/2020\/04\/WhatsApp-Image-2020-04-24-at-20.28.49-1024x575.jpeg\" alt=\"\" data-id=\"20507\" data-full-url=\"https:\/\/itftkd.sport\/wp-content\/uploads\/2020\/04\/WhatsApp-Image-2020-04-24-at-20.28.49.jpeg\" data-link=\"https:\/\/itftkd.sport\/blog\/virtual-talk-about-yul-gok-by-gm-marano\/whatsapp-image-2020-04-24-at-20-28-49\/\" class=\"wp-image-20507\" srcset=\"https:\/\/itftkd.sport\/es\/wp-content\/uploads\/sites\/7\/2020\/04\/WhatsApp-Image-2020-04-24-at-20.28.49-1024x575.jpeg 1024w, https:\/\/itftkd.sport\/es\/wp-content\/uploads\/sites\/7\/2020\/04\/WhatsApp-Image-2020-04-24-at-20.28.49-300x168.jpeg 300w, https:\/\/itftkd.sport\/es\/wp-content\/uploads\/sites\/7\/2020\/04\/WhatsApp-Image-2020-04-24-at-20.28.49-768x431.jpeg 768w\" sizes=\"auto, (max-width: 1024px) 100vw, 1024px\" \/><\/figure><\/li><li class=\"blocks-gallery-item\"><figure><img loading=\"lazy\" decoding=\"async\" width=\"1024\" height=\"575\" src=\"https:\/\/itftkd.sport\/wp-content\/uploads\/2020\/04\/WhatsApp-Image-2020-04-24-at-20.28.49-1-1024x575.jpeg\" alt=\"\" data-id=\"20506\" data-full-url=\"https:\/\/itftkd.sport\/wp-content\/uploads\/2020\/04\/WhatsApp-Image-2020-04-24-at-20.28.49-1.jpeg\" data-link=\"https:\/\/itftkd.sport\/blog\/virtual-talk-about-yul-gok-by-gm-marano\/whatsapp-image-2020-04-24-at-20-28-49-1\/\" class=\"wp-image-20506\" srcset=\"https:\/\/itftkd.sport\/es\/wp-content\/uploads\/sites\/7\/2020\/04\/WhatsApp-Image-2020-04-24-at-20.28.49-1-1024x575.jpeg 1024w, https:\/\/itftkd.sport\/es\/wp-content\/uploads\/sites\/7\/2020\/04\/WhatsApp-Image-2020-04-24-at-20.28.49-1-300x168.jpeg 300w, https:\/\/itftkd.sport\/es\/wp-content\/uploads\/sites\/7\/2020\/04\/WhatsApp-Image-2020-04-24-at-20.28.49-1-768x431.jpeg 768w\" sizes=\"auto, (max-width: 1024px) 100vw, 1024px\" \/><\/figure><\/li><li class=\"blocks-gallery-item\"><figure><img loading=\"lazy\" decoding=\"async\" width=\"1024\" height=\"575\" src=\"https:\/\/itftkd.sport\/wp-content\/uploads\/2020\/04\/WhatsApp-Image-2020-04-24-at-20.28.48-1024x575.jpeg\" alt=\"Charla GM Marano Attendances\" data-id=\"20505\" data-full-url=\"https:\/\/itftkd.sport\/wp-content\/uploads\/2020\/04\/WhatsApp-Image-2020-04-24-at-20.28.48.jpeg\" data-link=\"https:\/\/itftkd.sport\/blog\/virtual-talk-about-yul-gok-by-gm-marano\/whatsapp-image-2020-04-24-at-20-28-48\/\" class=\"wp-image-20505\" srcset=\"https:\/\/itftkd.sport\/es\/wp-content\/uploads\/sites\/7\/2020\/04\/WhatsApp-Image-2020-04-24-at-20.28.48-1024x575.jpeg 1024w, https:\/\/itftkd.sport\/es\/wp-content\/uploads\/sites\/7\/2020\/04\/WhatsApp-Image-2020-04-24-at-20.28.48-300x168.jpeg 300w, https:\/\/itftkd.sport\/es\/wp-content\/uploads\/sites\/7\/2020\/04\/WhatsApp-Image-2020-04-24-at-20.28.48-768x431.jpeg 768w\" sizes=\"auto, (max-width: 1024px) 100vw, 1024px\" \/><\/figure><\/li><li class=\"blocks-gallery-item\"><figure><img loading=\"lazy\" decoding=\"async\" width=\"1024\" height=\"575\" src=\"https:\/\/itftkd.sport\/wp-content\/uploads\/2020\/07\/Charla-GM-Marano-Attendances-4.jpg\" alt=\"Virtual Talk Yul Gok Marano\" data-id=\"22011\" data-full-url=\"https:\/\/itftkd.sport\/wp-content\/uploads\/2020\/07\/Charla-GM-Marano-Attendances-4.jpg\" data-link=\"https:\/\/itftkd.sport\/charla-gm-marano-attendances-4\/\" class=\"wp-image-22011\" srcset=\"https:\/\/itftkd.sport\/es\/wp-content\/uploads\/sites\/7\/2020\/07\/Charla-GM-Marano-Attendances-4.jpg 1024w, https:\/\/itftkd.sport\/es\/wp-content\/uploads\/sites\/7\/2020\/07\/Charla-GM-Marano-Attendances-4-300x168.jpg 300w, https:\/\/itftkd.sport\/es\/wp-content\/uploads\/sites\/7\/2020\/07\/Charla-GM-Marano-Attendances-4-768x431.jpg 768w\" sizes=\"auto, (max-width: 1024px) 100vw, 1024px\" \/><\/figure><\/li><li class=\"blocks-gallery-item\"><figure><img loading=\"lazy\" decoding=\"async\" width=\"1024\" height=\"574\" src=\"https:\/\/itftkd.sport\/wp-content\/uploads\/2020\/04\/WhatsApp-Image-2020-04-24-at-20.28.46-1-1024x574.jpeg\" alt=\"\" data-id=\"20504\" data-full-url=\"https:\/\/itftkd.sport\/wp-content\/uploads\/2020\/04\/WhatsApp-Image-2020-04-24-at-20.28.46-1.jpeg\" data-link=\"https:\/\/itftkd.sport\/blog\/virtual-talk-about-yul-gok-by-gm-marano\/whatsapp-image-2020-04-24-at-20-28-46-1\/\" class=\"wp-image-20504\" srcset=\"https:\/\/itftkd.sport\/es\/wp-content\/uploads\/sites\/7\/2020\/04\/WhatsApp-Image-2020-04-24-at-20.28.46-1-1024x574.jpeg 1024w, https:\/\/itftkd.sport\/es\/wp-content\/uploads\/sites\/7\/2020\/04\/WhatsApp-Image-2020-04-24-at-20.28.46-1-300x168.jpeg 300w, https:\/\/itftkd.sport\/es\/wp-content\/uploads\/sites\/7\/2020\/04\/WhatsApp-Image-2020-04-24-at-20.28.46-1.jpeg 602w\" sizes=\"auto, (max-width: 1024px) 100vw, 1024px\" \/><\/figure><\/li><\/ul><\/figure>\n","protected":false},"excerpt":{"rendered":"<p>Organizada por el Maestro Omar Merodio, vicepresidente de FETRA ITF Argentina, se realiz\u00f3 la primera de las 7 charlas virtuales anunciadas por la Asociaci\u00f3n Nacional. Asistieron 100 personas, entre ellos &hellip;<\/p>\n","protected":false},"author":10,"featured_media":20503,"comment_status":"open","ping_status":"open","sticky":false,"template":"","format":"standard","meta":{"_tec_requires_first_save":true,"_uag_custom_page_level_css":"","_genesis_hide_title":false,"_genesis_hide_breadcrumbs":false,"_genesis_hide_singular_image":false,"_genesis_hide_footer_widgets":false,"_genesis_custom_body_class":"","_genesis_custom_post_class":"","_genesis_layout":"","_EventAllDay":false,"_EventTimezone":"","_EventStartDate":"","_EventEndDate":"","_EventStartDateUTC":"","_EventEndDateUTC":"","_EventShowMap":false,"_EventShowMapLink":false,"_EventURL":"","_EventCost":"","_EventCostDescription":"","_EventCurrencySymbol":"","_EventCurrencyCode":"","_EventCurrencyPosition":"","_EventDateTimeSeparator":"","_EventTimeRangeSeparator":"","_EventOrganizerID":[],"_EventVenueID":[0],"_OrganizerEmail":"","_OrganizerPhone":"","_OrganizerWebsite":"","_VenueAddress":"","_VenueCity":"","_VenueCountry":"","_VenueProvince":"","_VenueState":"","_VenueZip":"","_VenuePhone":"","_VenueURL":"","_VenueStateProvince":"","_VenueLat":"","_VenueLng":"","_VenueShowMap":false,"_VenueShowMapLink":false,"_tribe_blocks_recurrence_rules":"","_tribe_blocks_recurrence_description":"","_tribe_blocks_recurrence_exclusions":"","editor_notices":[],"footnotes":""},"categories":[6],"tags":[],"class_list":["post-20502","post","type-post","status-publish","format-standard","has-post-thumbnail","category-noticias-regionales","entry"],"featured_image_src":"https:\/\/itftkd.sport\/es\/wp-content\/uploads\/sites\/7\/2020\/04\/Destacada-600x400.jpg","featured_image_src_square":"https:\/\/itftkd.sport\/es\/wp-content\/uploads\/sites\/7\/2020\/04\/Destacada-600x600.jpg","author_info":{"display_name":"ivan","author_link":"https:\/\/itftkd.sport\/es\/author\/ivan\/"},"uagb_featured_image_src":{"full":["https:\/\/itftkd.sport\/es\/wp-content\/uploads\/sites\/7\/2020\/04\/Destacada.jpg",864,648,false],"thumbnail":["https:\/\/itftkd.sport\/es\/wp-content\/uploads\/sites\/7\/2020\/04\/Destacada-150x150.jpg",150,150,true],"medium":["https:\/\/itftkd.sport\/es\/wp-content\/uploads\/sites\/7\/2020\/04\/Destacada-300x225.jpg",300,225,true],"medium_large":["https:\/\/itftkd.sport\/es\/wp-content\/uploads\/sites\/7\/2020\/04\/Destacada-768x576.jpg",768,576,true],"large":["https:\/\/itftkd.sport\/es\/wp-content\/uploads\/sites\/7\/2020\/04\/Destacada-1024x768.jpg",1024,768,true],"1536x1536":["https:\/\/itftkd.sport\/es\/wp-content\/uploads\/sites\/7\/2020\/04\/Destacada-1536x1152.jpg",1536,1152,true],"2048x2048":["https:\/\/itftkd.sport\/es\/wp-content\/uploads\/sites\/7\/2020\/04\/Destacada-2048x1536.jpg",2048,1536,true],"banner":["https:\/\/itftkd.sport\/es\/wp-content\/uploads\/sites\/7\/2020\/04\/Destacada-1600x533.jpg",1600,533,true],"section":["https:\/\/itftkd.sport\/es\/wp-content\/uploads\/sites\/7\/2020\/04\/Destacada-1600x900.jpg",1600,900,true],"full-width":["https:\/\/itftkd.sport\/es\/wp-content\/uploads\/sites\/7\/2020\/04\/Destacada-1248x832.jpg",1248,832,true],"featured":["https:\/\/itftkd.sport\/es\/wp-content\/uploads\/sites\/7\/2020\/04\/Destacada-800x600.jpg",800,600,true],"one-half":["https:\/\/itftkd.sport\/es\/wp-content\/uploads\/sites\/7\/2020\/04\/Destacada-550x413.jpg",550,413,true],"one-third":["https:\/\/itftkd.sport\/es\/wp-content\/uploads\/sites\/7\/2020\/04\/Destacada-350x263.jpg",350,263,true],"one-fourth":["https:\/\/itftkd.sport\/es\/wp-content\/uploads\/sites\/7\/2020\/04\/Destacada-260x195.jpg",260,195,true],"tiny":["https:\/\/itftkd.sport\/es\/wp-content\/uploads\/sites\/7\/2020\/04\/Destacada-80x80.jpg",80,80,true],"ab-block-post-grid-landscape":["https:\/\/itftkd.sport\/es\/wp-content\/uploads\/sites\/7\/2020\/04\/Destacada-600x400.jpg",600,400,true],"ab-block-post-grid-square":["https:\/\/itftkd.sport\/es\/wp-content\/uploads\/sites\/7\/2020\/04\/Destacada-600x600.jpg",600,600,true],"gform-image-choice-sm":["https:\/\/itftkd.sport\/es\/wp-content\/uploads\/sites\/7\/2020\/04\/Destacada.jpg",300,225,false],"gform-image-choice-md":["https:\/\/itftkd.sport\/es\/wp-content\/uploads\/sites\/7\/2020\/04\/Destacada.jpg",400,300,false],"gform-image-choice-lg":["https:\/\/itftkd.sport\/es\/wp-content\/uploads\/sites\/7\/2020\/04\/Destacada.jpg",600,450,false]},"uagb_author_info":{"display_name":"ivan","author_link":"https:\/\/itftkd.sport\/es\/author\/ivan\/"},"uagb_comment_info":0,"uagb_excerpt":"Organizada por el Maestro Omar Merodio, vicepresidente de FETRA ITF Argentina, se realiz\u00f3 la primera de las 7 charlas virtuales anunciadas por la Asociaci\u00f3n Nacional. Asistieron 100 personas, entre ellos &hellip;","_links":{"self":[{"href":"https:\/\/itftkd.sport\/es\/wp-json\/wp\/v2\/posts\/20502","targetHints":{"allow":["GET"]}}],"collection":[{"href":"https:\/\/itftkd.sport\/es\/wp-json\/wp\/v2\/posts"}],"about":[{"href":"https:\/\/itftkd.sport\/es\/wp-json\/wp\/v2\/types\/post"}],"author":[{"embeddable":true,"href":"https:\/\/itftkd.sport\/es\/wp-json\/wp\/v2\/users\/10"}],"replies":[{"embeddable":true,"href":"https:\/\/itftkd.sport\/es\/wp-json\/wp\/v2\/comments?post=20502"}],"version-history":[{"count":1,"href":"https:\/\/itftkd.sport\/es\/wp-json\/wp\/v2\/posts\/20502\/revisions"}],"predecessor-version":[{"id":24686,"href":"https:\/\/itftkd.sport\/es\/wp-json\/wp\/v2\/posts\/20502\/revisions\/24686"}],"wp:featuredmedia":[{"embeddable":true,"href":"https:\/\/itftkd.sport\/es\/wp-json\/wp\/v2\/media\/20503"}],"wp:attachment":[{"href":"https:\/\/itftkd.sport\/es\/wp-json\/wp\/v2\/media?parent=20502"}],"wp:term":[{"taxonomy":"category","embeddable":true,"href":"https:\/\/itftkd.sport\/es\/wp-json\/wp\/v2\/categories?post=20502"},{"taxonomy":"post_tag","embeddable":true,"href":"https:\/\/itftkd.sport\/es\/wp-json\/wp\/v2\/tags?post=20502"}],"curies":[{"name":"wp","href":"https:\/\/api.w.org\/{rel}","templated":true}]}}