{"id":20478,"date":"2020-04-22T13:39:10","date_gmt":"2020-04-22T11:39:10","guid":{"rendered":"https:\/\/itftkd.sport\/?p=20478"},"modified":"2021-01-18T16:50:05","modified_gmt":"2021-01-18T15:50:05","slug":"queens-taekwon-do-centers-virtual-classroom","status":"publish","type":"post","link":"https:\/\/itftkd.sport\/es\/queens-taekwon-do-centers-virtual-classroom\/","title":{"rendered":"Aula virtual del Queens Taekwon-Do Center"},"content":{"rendered":"\n<p><strong>#Together Apart<\/strong><\/p>\n\n\n\n<p>En los \u00faltimos dos meses, la ciudad de Nueva York se convirti\u00f3 r\u00e1pidamente en el epicentro de COVID-19 en los Estados Unidos, y dentro de Nueva York, \u00a1nuestro propio vecindario se ha visto especialmente afectado!\u00a0 El 16 de marzo de 2020, en respuesta al esfuerzo del gobierno para detener la propagaci\u00f3n del nuevo coronavirus, celebramos nuestra \u00faltima clase en el lugar en el Queens Taekwon-Do Center antes de entrar en cuarentena. Al final de esa misma semana, ten\u00edamos el Aula Virtual de QTC en funcionamiento.<\/p>\n\n\n\n<p>El sitio web de teleconferencias, ZOOM.US, se ha convertido en el \u00abRey de la cuarentena\u00bb tanto en los Estados Unidos como en todo el mundo.\u00a0 Como no soy la persona m\u00e1s experta en inform\u00e1tica, este proyecto inicialmente requiri\u00f3 un esfuerzo y determinaci\u00f3n considerables. Pero a su debido tiempo pude contactar a toda la familia QTC a trav\u00e9s de esta plataforma de videoconferencia.<\/p>\n\n\n\n<p>Tres d\u00edas a la semana (lunes, mi\u00e9rcoles y viernes) realizo cinco clases a lo largo del d\u00eda con mi hija, Sabum Claudia Suarez (V Dan). Dividimos las clases por rango, tanto como fue posible, para facilitar el curr\u00edculo diario.\u00a0 En general, nos hemos reunido con 80 estudiantes al d\u00eda en estas cinco clases, que duran una hora cada una.<\/p>\n\n\n\n<p>Debido a que nuestro vecindario ha estado sufriendo significativamente los efectos del COVID-19, entendemos las considerables dificultades financieras y la ansiedad para cubrir cualquier actividad extracurricular en este momento.\u00a0 Sin embargo, creo firmemente que mantener un estilo de vida activo, comunicarnos con amigos y compa\u00f1eros de clase, y mantener una rutina lo m\u00e1s normal posible, es fundamental para superar este momento dif\u00edcil.\u00a0 Por eso, Claudia y yo hemos dedicado nuestro tiempo a seguir ense\u00f1ando, ofreciendo este servicio sin costo a los alumnos ni a sus familias.\u00a0 Todas las semanas ofrecemos actualizaciones en nuestro sitio web, www.QTC-ITF.com, y mantenemos un contacto constante con todos a trav\u00e9s de WhatsApp y las redes sociales (es decir, Instagram y Facebook).<\/p>\n\n\n\n<p>Estamos felices de ver a tantos estudiantes participando en las clases de manera regular.\u00a0 Muchos no tienen un espacio significativo para practicar en casa, por lo que hay una serie de limitaciones y ajustes que debemos hacer.\u00a0 Pero, como dijo nuestro Fundador, el General Choi, cualquier lugar bajo el cielo es un Dojang.\u00a0 La mayor\u00eda de los estudiantes se han adaptado a esta nueva forma de aprender. Adem\u00e1s, los padres han sido de gran ayuda en la participaci\u00f3n de sus hijos.<\/p>\n\n\n\n<p>Si las cosas contin\u00faan mejorando, estamos programados para comenzar a reabrir nuestra econom\u00eda en otro mes.\u00a0 Espero con ansias el d\u00eda en que pueda volver a ver a todos los miembros de mi familia extendida.\u00a0 Me alegro de que hayamos podido preservar el nivel de habilidad, tanto como sea posible, durante el tiempo que hemos estado separados.<\/p>\n\n\n\n<p>Me gustar\u00eda extender mis mejores deseos a todos los estudiantes y familias, as\u00ed como a los instructores y maestros, aqu\u00ed en los Estados Unidos y en todo el mundo.\u00a0 Si bien esta tragedia nos ha tra\u00eddo a todos una cantidad sin precedentes de tristeza, p\u00e9rdida y aprensi\u00f3n, est\u00e1 fortalecida con muchas lecciones de humanidad, solidaridad y sacrificio.\u00a0 Recuerda, todos estamos juntos en esto.<\/p>\n\n\n\n<p>Por favor continuemos protegi\u00e9ndonos unos a otros.\u00a0 L\u00e1vese las manos, beba muchos l\u00edquidos y mant\u00e9ngase activo.\u00a0 Mant\u00e9ngase saludable, qu\u00e9dese en casa y siga las instrucciones del gobierno y los funcionarios de salud. D\u00e9 gracias a quienes est\u00e1n trabajando en el frente para proteger al resto. Juntos sobreviviremos a este momento dif\u00edcil y, con el tiempo, todos nos volveremos a ver.<\/p>\n\n\n\n<p>En el esp\u00edritu del Taekwon-Do,<\/p>\n\n\n\n<p>Maestro Rub\u00e9n D. Suarez<\/p>\n\n\n\n<p>Director, Queens Taekwon-Do Center&nbsp;&nbsp;<\/p>\n","protected":false},"excerpt":{"rendered":"<p>#Together Apart En los \u00faltimos dos meses, la ciudad de Nueva York se convirti\u00f3 r\u00e1pidamente en el epicentro de COVID-19 en los Estados Unidos, y dentro de Nueva York, \u00a1nuestro &hellip;<\/p>\n","protected":false},"author":10,"featured_media":20479,"comment_status":"open","ping_status":"open","sticky":false,"template":"","format":"standard","meta":{"_tec_requires_first_save":true,"_uag_custom_page_level_css":"","_genesis_hide_title":false,"_genesis_hide_breadcrumbs":false,"_genesis_hide_singular_image":false,"_genesis_hide_footer_widgets":false,"_genesis_custom_body_class":"","_genesis_custom_post_class":"","_genesis_layout":"","_EventAllDay":false,"_EventTimezone":"","_EventStartDate":"","_EventEndDate":"","_EventStartDateUTC":"","_EventEndDateUTC":"","_EventShowMap":false,"_EventShowMapLink":false,"_EventURL":"","_EventCost":"","_EventCostDescription":"","_EventCurrencySymbol":"","_EventCurrencyCode":"","_EventCurrencyPosition":"","_EventDateTimeSeparator":"","_EventTimeRangeSeparator":"","_EventOrganizerID":[],"_EventVenueID":[0],"_OrganizerEmail":"","_OrganizerPhone":"","_OrganizerWebsite":"","_VenueAddress":"","_VenueCity":"","_VenueCountry":"","_VenueProvince":"","_VenueState":"","_VenueZip":"","_VenuePhone":"","_VenueURL":"","_VenueStateProvince":"","_VenueLat":"","_VenueLng":"","_VenueShowMap":false,"_VenueShowMapLink":false,"_tribe_blocks_recurrence_rules":"","_tribe_blocks_recurrence_description":"","_tribe_blocks_recurrence_exclusions":"","editor_notices":[],"footnotes":""},"categories":[6],"tags":[],"class_list":["post-20478","post","type-post","status-publish","format-standard","has-post-thumbnail","category-noticias-regionales","entry"],"featured_image_src":"https:\/\/itftkd.sport\/es\/wp-content\/uploads\/sites\/7\/2020\/04\/Virtual-class-M-Su\u00e1rez-600x400.jpg","featured_image_src_square":"https:\/\/itftkd.sport\/es\/wp-content\/uploads\/sites\/7\/2020\/04\/Virtual-class-M-Su\u00e1rez-600x600.jpg","author_info":{"display_name":"ivan","author_link":"https:\/\/itftkd.sport\/es\/author\/ivan\/"},"uagb_featured_image_src":{"full":["https:\/\/itftkd.sport\/es\/wp-content\/uploads\/sites\/7\/2020\/04\/Virtual-class-M-Su\u00e1rez.jpg",1440,1080,false],"thumbnail":["https:\/\/itftkd.sport\/es\/wp-content\/uploads\/sites\/7\/2020\/04\/Virtual-class-M-Su\u00e1rez-150x150.jpg",150,150,true],"medium":["https:\/\/itftkd.sport\/es\/wp-content\/uploads\/sites\/7\/2020\/04\/Virtual-class-M-Su\u00e1rez-300x225.jpg",300,225,true],"medium_large":["https:\/\/itftkd.sport\/es\/wp-content\/uploads\/sites\/7\/2020\/04\/Virtual-class-M-Su\u00e1rez-768x576.jpg",768,576,true],"large":["https:\/\/itftkd.sport\/es\/wp-content\/uploads\/sites\/7\/2020\/04\/Virtual-class-M-Su\u00e1rez-1024x768.jpg",1024,768,true],"1536x1536":["https:\/\/itftkd.sport\/es\/wp-content\/uploads\/sites\/7\/2020\/04\/Virtual-class-M-Su\u00e1rez-1536x1152.jpg",1536,1152,true],"2048x2048":["https:\/\/itftkd.sport\/es\/wp-content\/uploads\/sites\/7\/2020\/04\/Virtual-class-M-Su\u00e1rez-2048x1536.jpg",2048,1536,true],"banner":["https:\/\/itftkd.sport\/es\/wp-content\/uploads\/sites\/7\/2020\/04\/Virtual-class-M-Su\u00e1rez-1600x533.jpg",1600,533,true],"section":["https:\/\/itftkd.sport\/es\/wp-content\/uploads\/sites\/7\/2020\/04\/Virtual-class-M-Su\u00e1rez-1600x900.jpg",1600,900,true],"full-width":["https:\/\/itftkd.sport\/es\/wp-content\/uploads\/sites\/7\/2020\/04\/Virtual-class-M-Su\u00e1rez-1248x832.jpg",1248,832,true],"featured":["https:\/\/itftkd.sport\/es\/wp-content\/uploads\/sites\/7\/2020\/04\/Virtual-class-M-Su\u00e1rez-800x600.jpg",800,600,true],"one-half":["https:\/\/itftkd.sport\/es\/wp-content\/uploads\/sites\/7\/2020\/04\/Virtual-class-M-Su\u00e1rez-550x413.jpg",550,413,true],"one-third":["https:\/\/itftkd.sport\/es\/wp-content\/uploads\/sites\/7\/2020\/04\/Virtual-class-M-Su\u00e1rez-350x263.jpg",350,263,true],"one-fourth":["https:\/\/itftkd.sport\/es\/wp-content\/uploads\/sites\/7\/2020\/04\/Virtual-class-M-Su\u00e1rez-260x195.jpg",260,195,true],"tiny":["https:\/\/itftkd.sport\/es\/wp-content\/uploads\/sites\/7\/2020\/04\/Virtual-class-M-Su\u00e1rez-80x80.jpg",80,80,true],"ab-block-post-grid-landscape":["https:\/\/itftkd.sport\/es\/wp-content\/uploads\/sites\/7\/2020\/04\/Virtual-class-M-Su\u00e1rez-600x400.jpg",600,400,true],"ab-block-post-grid-square":["https:\/\/itftkd.sport\/es\/wp-content\/uploads\/sites\/7\/2020\/04\/Virtual-class-M-Su\u00e1rez-600x600.jpg",600,600,true],"gform-image-choice-sm":["https:\/\/itftkd.sport\/es\/wp-content\/uploads\/sites\/7\/2020\/04\/Virtual-class-M-Su\u00e1rez.jpg",300,225,false],"gform-image-choice-md":["https:\/\/itftkd.sport\/es\/wp-content\/uploads\/sites\/7\/2020\/04\/Virtual-class-M-Su\u00e1rez.jpg",400,300,false],"gform-image-choice-lg":["https:\/\/itftkd.sport\/es\/wp-content\/uploads\/sites\/7\/2020\/04\/Virtual-class-M-Su\u00e1rez.jpg",600,450,false]},"uagb_author_info":{"display_name":"ivan","author_link":"https:\/\/itftkd.sport\/es\/author\/ivan\/"},"uagb_comment_info":0,"uagb_excerpt":"#Together Apart En los \u00faltimos dos meses, la ciudad de Nueva York se convirti\u00f3 r\u00e1pidamente en el epicentro de COVID-19 en los Estados Unidos, y dentro de Nueva York, \u00a1nuestro &hellip;","_links":{"self":[{"href":"https:\/\/itftkd.sport\/es\/wp-json\/wp\/v2\/posts\/20478","targetHints":{"allow":["GET"]}}],"collection":[{"href":"https:\/\/itftkd.sport\/es\/wp-json\/wp\/v2\/posts"}],"about":[{"href":"https:\/\/itftkd.sport\/es\/wp-json\/wp\/v2\/types\/post"}],"author":[{"embeddable":true,"href":"https:\/\/itftkd.sport\/es\/wp-json\/wp\/v2\/users\/10"}],"replies":[{"embeddable":true,"href":"https:\/\/itftkd.sport\/es\/wp-json\/wp\/v2\/comments?post=20478"}],"version-history":[{"count":1,"href":"https:\/\/itftkd.sport\/es\/wp-json\/wp\/v2\/posts\/20478\/revisions"}],"predecessor-version":[{"id":24688,"href":"https:\/\/itftkd.sport\/es\/wp-json\/wp\/v2\/posts\/20478\/revisions\/24688"}],"wp:featuredmedia":[{"embeddable":true,"href":"https:\/\/itftkd.sport\/es\/wp-json\/wp\/v2\/media\/20479"}],"wp:attachment":[{"href":"https:\/\/itftkd.sport\/es\/wp-json\/wp\/v2\/media?parent=20478"}],"wp:term":[{"taxonomy":"category","embeddable":true,"href":"https:\/\/itftkd.sport\/es\/wp-json\/wp\/v2\/categories?post=20478"},{"taxonomy":"post_tag","embeddable":true,"href":"https:\/\/itftkd.sport\/es\/wp-json\/wp\/v2\/tags?post=20478"}],"curies":[{"name":"wp","href":"https:\/\/api.w.org\/{rel}","templated":true}]}}