{"id":20400,"date":"2020-04-19T15:13:24","date_gmt":"2020-04-19T13:13:24","guid":{"rendered":"https:\/\/itftkd.sport\/?p=20400"},"modified":"2021-01-18T18:19:28","modified_gmt":"2021-01-18T17:19:28","slug":"the-itf-taekwon-do-childrens-development-committee-keep-working","status":"publish","type":"post","link":"https:\/\/itftkd.sport\/es\/the-itf-taekwon-do-childrens-development-committee-keep-working\/","title":{"rendered":"El Comit\u00e9 para el Desarrollo Infantil de Taekwon-Do de la ITF sigue trabajando"},"content":{"rendered":"\n<p>Entre el Gran Maestro Donato Nardizzi (Presidente) en Inglaterra, el Maestro Ernesto Santaniello en Italia y Sabum Fabi\u00e1n Izquierdo en Brasil, se llev\u00f3 a cabo la segunda reuni\u00f3n del Comit\u00e9 de Desarrollo Infantil.<br><br>A ra\u00edz de la Pandemia COVID-19 que oblig\u00f3 a postergar y cancelar los diferentes eventos programados para este a\u00f1o, incluida la presentaci\u00f3n del Programa Kids en Corea, el Comit\u00e9 hizo un replanteamiento de las metas que se hab\u00edan establecido para el mediano plazo, reformulando cuidadosamente los que se prev\u00e9 desarrollar en el corto plazo.<\/p>\n\n\n\n<figure class=\"wp-block-image size-large\"><img loading=\"lazy\" decoding=\"async\" width=\"1024\" height=\"425\" src=\"https:\/\/itftkd.sport\/wp-content\/uploads\/2020\/04\/2nd-kids-Committee-meeting140420-1024x425.jpg\" alt=\"2nd-kids-Committee-meeting140420\" class=\"wp-image-21481\" srcset=\"https:\/\/itftkd.sport\/es\/wp-content\/uploads\/sites\/7\/2020\/04\/2nd-kids-Committee-meeting140420-1024x425.jpg 1024w, https:\/\/itftkd.sport\/es\/wp-content\/uploads\/sites\/7\/2020\/04\/2nd-kids-Committee-meeting140420-300x125.jpg 300w, https:\/\/itftkd.sport\/es\/wp-content\/uploads\/sites\/7\/2020\/04\/2nd-kids-Committee-meeting140420-768x319.jpg 768w\" sizes=\"auto, (max-width: 1024px) 100vw, 1024px\" \/><\/figure>\n","protected":false},"excerpt":{"rendered":"<p>Entre el Gran Maestro Donato Nardizzi (Presidente) en Inglaterra, el Maestro Ernesto Santaniello en Italia y Sabum Fabi\u00e1n Izquierdo en Brasil, se llev\u00f3 a cabo la segunda reuni\u00f3n del Comit\u00e9 &hellip;<\/p>\n","protected":false},"author":10,"featured_media":21474,"comment_status":"open","ping_status":"open","sticky":false,"template":"","format":"standard","meta":{"_tec_requires_first_save":true,"_uag_custom_page_level_css":"","_genesis_hide_title":false,"_genesis_hide_breadcrumbs":false,"_genesis_hide_singular_image":false,"_genesis_hide_footer_widgets":false,"_genesis_custom_body_class":"","_genesis_custom_post_class":"","_genesis_layout":"","_EventAllDay":false,"_EventTimezone":"","_EventStartDate":"","_EventEndDate":"","_EventStartDateUTC":"","_EventEndDateUTC":"","_EventShowMap":false,"_EventShowMapLink":false,"_EventURL":"","_EventCost":"","_EventCostDescription":"","_EventCurrencySymbol":"","_EventCurrencyCode":"","_EventCurrencyPosition":"","_EventDateTimeSeparator":"","_EventTimeRangeSeparator":"","_EventOrganizerID":[],"_EventVenueID":[0],"_OrganizerEmail":"","_OrganizerPhone":"","_OrganizerWebsite":"","_VenueAddress":"","_VenueCity":"","_VenueCountry":"","_VenueProvince":"","_VenueState":"","_VenueZip":"","_VenuePhone":"","_VenueURL":"","_VenueStateProvince":"","_VenueLat":"","_VenueLng":"","_VenueShowMap":false,"_VenueShowMapLink":false,"_tribe_blocks_recurrence_rules":"","_tribe_blocks_recurrence_description":"","_tribe_blocks_recurrence_exclusions":"","editor_notices":[],"footnotes":""},"categories":[132,131,130],"tags":[],"class_list":["post-20400","post","type-post","status-publish","format-standard","has-post-thumbnail","category-destacadas","category-noticias-institucionales","category-ultimas-noticias","entry"],"featured_image_src":"https:\/\/itftkd.sport\/es\/wp-content\/uploads\/sites\/7\/2020\/04\/Taekwon-Do-Kids-800x600-1-600x400.jpg","featured_image_src_square":"https:\/\/itftkd.sport\/es\/wp-content\/uploads\/sites\/7\/2020\/04\/Taekwon-Do-Kids-800x600-1-600x600.jpg","author_info":{"display_name":"ivan","author_link":"https:\/\/itftkd.sport\/es\/author\/ivan\/"},"uagb_featured_image_src":{"full":["https:\/\/itftkd.sport\/es\/wp-content\/uploads\/sites\/7\/2020\/04\/Taekwon-Do-Kids-800x600-1.jpg",800,600,false],"thumbnail":["https:\/\/itftkd.sport\/es\/wp-content\/uploads\/sites\/7\/2020\/04\/Taekwon-Do-Kids-800x600-1-150x150.jpg",150,150,true],"medium":["https:\/\/itftkd.sport\/es\/wp-content\/uploads\/sites\/7\/2020\/04\/Taekwon-Do-Kids-800x600-1-300x225.jpg",300,225,true],"medium_large":["https:\/\/itftkd.sport\/es\/wp-content\/uploads\/sites\/7\/2020\/04\/Taekwon-Do-Kids-800x600-1-768x576.jpg",768,576,true],"large":["https:\/\/itftkd.sport\/es\/wp-content\/uploads\/sites\/7\/2020\/04\/Taekwon-Do-Kids-800x600-1.jpg",800,600,false],"1536x1536":["https:\/\/itftkd.sport\/es\/wp-content\/uploads\/sites\/7\/2020\/04\/Taekwon-Do-Kids-800x600-1.jpg",800,600,false],"2048x2048":["https:\/\/itftkd.sport\/es\/wp-content\/uploads\/sites\/7\/2020\/04\/Taekwon-Do-Kids-800x600-1.jpg",800,600,false],"banner":["https:\/\/itftkd.sport\/es\/wp-content\/uploads\/sites\/7\/2020\/04\/Taekwon-Do-Kids-800x600-1-800x533.jpg",800,533,true],"section":["https:\/\/itftkd.sport\/es\/wp-content\/uploads\/sites\/7\/2020\/04\/Taekwon-Do-Kids-800x600-1.jpg",800,600,false],"full-width":["https:\/\/itftkd.sport\/es\/wp-content\/uploads\/sites\/7\/2020\/04\/Taekwon-Do-Kids-800x600-1.jpg",800,600,false],"featured":["https:\/\/itftkd.sport\/es\/wp-content\/uploads\/sites\/7\/2020\/04\/Taekwon-Do-Kids-800x600-1.jpg",800,600,false],"one-half":["https:\/\/itftkd.sport\/es\/wp-content\/uploads\/sites\/7\/2020\/04\/Taekwon-Do-Kids-800x600-1-550x413.jpg",550,413,true],"one-third":["https:\/\/itftkd.sport\/es\/wp-content\/uploads\/sites\/7\/2020\/04\/Taekwon-Do-Kids-800x600-1-350x263.jpg",350,263,true],"one-fourth":["https:\/\/itftkd.sport\/es\/wp-content\/uploads\/sites\/7\/2020\/04\/Taekwon-Do-Kids-800x600-1-260x195.jpg",260,195,true],"tiny":["https:\/\/itftkd.sport\/es\/wp-content\/uploads\/sites\/7\/2020\/04\/Taekwon-Do-Kids-800x600-1-80x80.jpg",80,80,true],"ab-block-post-grid-landscape":["https:\/\/itftkd.sport\/es\/wp-content\/uploads\/sites\/7\/2020\/04\/Taekwon-Do-Kids-800x600-1-600x400.jpg",600,400,true],"ab-block-post-grid-square":["https:\/\/itftkd.sport\/es\/wp-content\/uploads\/sites\/7\/2020\/04\/Taekwon-Do-Kids-800x600-1-600x600.jpg",600,600,true],"gform-image-choice-sm":["https:\/\/itftkd.sport\/es\/wp-content\/uploads\/sites\/7\/2020\/04\/Taekwon-Do-Kids-800x600-1.jpg",300,225,false],"gform-image-choice-md":["https:\/\/itftkd.sport\/es\/wp-content\/uploads\/sites\/7\/2020\/04\/Taekwon-Do-Kids-800x600-1.jpg",400,300,false],"gform-image-choice-lg":["https:\/\/itftkd.sport\/es\/wp-content\/uploads\/sites\/7\/2020\/04\/Taekwon-Do-Kids-800x600-1.jpg",600,450,false]},"uagb_author_info":{"display_name":"ivan","author_link":"https:\/\/itftkd.sport\/es\/author\/ivan\/"},"uagb_comment_info":0,"uagb_excerpt":"Entre el Gran Maestro Donato Nardizzi (Presidente) en Inglaterra, el Maestro Ernesto Santaniello en Italia y Sabum Fabi\u00e1n Izquierdo en Brasil, se llev\u00f3 a cabo la segunda reuni\u00f3n del Comit\u00e9 &hellip;","_links":{"self":[{"href":"https:\/\/itftkd.sport\/es\/wp-json\/wp\/v2\/posts\/20400","targetHints":{"allow":["GET"]}}],"collection":[{"href":"https:\/\/itftkd.sport\/es\/wp-json\/wp\/v2\/posts"}],"about":[{"href":"https:\/\/itftkd.sport\/es\/wp-json\/wp\/v2\/types\/post"}],"author":[{"embeddable":true,"href":"https:\/\/itftkd.sport\/es\/wp-json\/wp\/v2\/users\/10"}],"replies":[{"embeddable":true,"href":"https:\/\/itftkd.sport\/es\/wp-json\/wp\/v2\/comments?post=20400"}],"version-history":[{"count":1,"href":"https:\/\/itftkd.sport\/es\/wp-json\/wp\/v2\/posts\/20400\/revisions"}],"predecessor-version":[{"id":24693,"href":"https:\/\/itftkd.sport\/es\/wp-json\/wp\/v2\/posts\/20400\/revisions\/24693"}],"wp:featuredmedia":[{"embeddable":true,"href":"https:\/\/itftkd.sport\/es\/wp-json\/wp\/v2\/media\/21474"}],"wp:attachment":[{"href":"https:\/\/itftkd.sport\/es\/wp-json\/wp\/v2\/media?parent=20400"}],"wp:term":[{"taxonomy":"category","embeddable":true,"href":"https:\/\/itftkd.sport\/es\/wp-json\/wp\/v2\/categories?post=20400"},{"taxonomy":"post_tag","embeddable":true,"href":"https:\/\/itftkd.sport\/es\/wp-json\/wp\/v2\/tags?post=20400"}],"curies":[{"name":"wp","href":"https:\/\/api.w.org\/{rel}","templated":true}]}}