{"id":19694,"date":"2020-04-02T12:30:41","date_gmt":"2020-04-02T10:30:41","guid":{"rendered":"https:\/\/itftkd.sport\/?p=19694"},"modified":"2021-01-18T19:06:37","modified_gmt":"2021-01-18T18:06:37","slug":"april-2nd-world-autism-awareness-day","status":"publish","type":"post","link":"https:\/\/itftkd.sport\/es\/april-2nd-world-autism-awareness-day\/","title":{"rendered":"2 de Abril D\u00eda Mundial de la Concientizaci\u00f3n sobre el Autismo"},"content":{"rendered":"\n<p>\u00a1Queridos miembros de la ITF!<\/p>\n\n\n\n<p>Durante un a\u00f1o son muchos los d\u00edas de conmemoraci\u00f3n que cumplen un muy buen prop\u00f3sito, sirven para recordarnos ciertas cosas, hechos hist\u00f3ricos o simplemente de la humanidad.<\/p>\n\n\n\n<p>Las personas autistas a menudo viven al margen de nuestra sociedad y reciben poca atenci\u00f3n.<\/p>\n\n\n\n<p>Como representante del Taekwon-Do, que se define entre otras cosas como \u00abuna herramienta para desarrollar nuestra sociedad\u00bb, no solo tenemos la oportunidad sino tambi\u00e9n la responsabilidad de hacer nuestra contribuci\u00f3n.<\/p>\n\n\n\n<p>Con su acci\u00f3n de hoy, el \u00abEquipo ITF Adaptado\u00bb ha dado una se\u00f1al muy visible, por la que me gustar\u00eda agradecer y felicitarlo desde el fondo de mi coraz\u00f3n.<\/p>\n\n\n\n<p>Con mis mejores deseos.<\/p>\n\n\n\n<p>GM Paul Weiler<\/p>\n\n\n\n<p>Presidente de la ITF<\/p>\n","protected":false},"excerpt":{"rendered":"<p>\u00a1Queridos miembros de la ITF! Durante un a\u00f1o son muchos los d\u00edas de conmemoraci\u00f3n que cumplen un muy buen prop\u00f3sito, sirven para recordarnos ciertas cosas, hechos hist\u00f3ricos o simplemente de &hellip;<\/p>\n","protected":false},"author":10,"featured_media":19695,"comment_status":"open","ping_status":"open","sticky":false,"template":"","format":"standard","meta":{"_tec_requires_first_save":true,"_uag_custom_page_level_css":"","_genesis_hide_title":false,"_genesis_hide_breadcrumbs":false,"_genesis_hide_singular_image":false,"_genesis_hide_footer_widgets":false,"_genesis_custom_body_class":"","_genesis_custom_post_class":"","_genesis_layout":"","_EventAllDay":false,"_EventTimezone":"","_EventStartDate":"","_EventEndDate":"","_EventStartDateUTC":"","_EventEndDateUTC":"","_EventShowMap":false,"_EventShowMapLink":false,"_EventURL":"","_EventCost":"","_EventCostDescription":"","_EventCurrencySymbol":"","_EventCurrencyCode":"","_EventCurrencyPosition":"","_EventDateTimeSeparator":"","_EventTimeRangeSeparator":"","_EventOrganizerID":[],"_EventVenueID":[0],"_OrganizerEmail":"","_OrganizerPhone":"","_OrganizerWebsite":"","_VenueAddress":"","_VenueCity":"","_VenueCountry":"","_VenueProvince":"","_VenueState":"","_VenueZip":"","_VenuePhone":"","_VenueURL":"","_VenueStateProvince":"","_VenueLat":"","_VenueLng":"","_VenueShowMap":false,"_VenueShowMapLink":false,"_tribe_blocks_recurrence_rules":"","_tribe_blocks_recurrence_description":"","_tribe_blocks_recurrence_exclusions":"","editor_notices":[],"footnotes":""},"categories":[131,7,130],"tags":[],"class_list":["post-19694","post","type-post","status-publish","format-standard","has-post-thumbnail","category-noticias-institucionales","category-mensajes-del-presidente","category-ultimas-noticias","entry"],"featured_image_src":"https:\/\/itftkd.sport\/es\/wp-content\/uploads\/sites\/7\/2020\/04\/800x600-600x400.jpg","featured_image_src_square":"https:\/\/itftkd.sport\/es\/wp-content\/uploads\/sites\/7\/2020\/04\/800x600-600x600.jpg","author_info":{"display_name":"ivan","author_link":"https:\/\/itftkd.sport\/es\/author\/ivan\/"},"uagb_featured_image_src":{"full":["https:\/\/itftkd.sport\/es\/wp-content\/uploads\/sites\/7\/2020\/04\/800x600.jpg",800,600,false],"thumbnail":["https:\/\/itftkd.sport\/es\/wp-content\/uploads\/sites\/7\/2020\/04\/800x600-150x150.jpg",150,150,true],"medium":["https:\/\/itftkd.sport\/es\/wp-content\/uploads\/sites\/7\/2020\/04\/800x600-300x225.jpg",300,225,true],"medium_large":["https:\/\/itftkd.sport\/es\/wp-content\/uploads\/sites\/7\/2020\/04\/800x600-768x576.jpg",768,576,true],"large":["https:\/\/itftkd.sport\/es\/wp-content\/uploads\/sites\/7\/2020\/04\/800x600-1024x768.jpg",1024,768,true],"1536x1536":["https:\/\/itftkd.sport\/es\/wp-content\/uploads\/sites\/7\/2020\/04\/800x600-1536x1152.jpg",1536,1152,true],"2048x2048":["https:\/\/itftkd.sport\/es\/wp-content\/uploads\/sites\/7\/2020\/04\/800x600-2048x1536.jpg",2048,1536,true],"banner":["https:\/\/itftkd.sport\/es\/wp-content\/uploads\/sites\/7\/2020\/04\/800x600-1600x533.jpg",1600,533,true],"section":["https:\/\/itftkd.sport\/es\/wp-content\/uploads\/sites\/7\/2020\/04\/800x600-1600x900.jpg",1600,900,true],"full-width":["https:\/\/itftkd.sport\/es\/wp-content\/uploads\/sites\/7\/2020\/04\/800x600-1248x832.jpg",1248,832,true],"featured":["https:\/\/itftkd.sport\/es\/wp-content\/uploads\/sites\/7\/2020\/04\/800x600-800x600.jpg",800,600,true],"one-half":["https:\/\/itftkd.sport\/es\/wp-content\/uploads\/sites\/7\/2020\/04\/800x600-550x413.jpg",550,413,true],"one-third":["https:\/\/itftkd.sport\/es\/wp-content\/uploads\/sites\/7\/2020\/04\/800x600-350x263.jpg",350,263,true],"one-fourth":["https:\/\/itftkd.sport\/es\/wp-content\/uploads\/sites\/7\/2020\/04\/800x600-260x195.jpg",260,195,true],"tiny":["https:\/\/itftkd.sport\/es\/wp-content\/uploads\/sites\/7\/2020\/04\/800x600-80x80.jpg",80,80,true],"ab-block-post-grid-landscape":["https:\/\/itftkd.sport\/es\/wp-content\/uploads\/sites\/7\/2020\/04\/800x600-600x400.jpg",600,400,true],"ab-block-post-grid-square":["https:\/\/itftkd.sport\/es\/wp-content\/uploads\/sites\/7\/2020\/04\/800x600-600x600.jpg",600,600,true],"gform-image-choice-sm":["https:\/\/itftkd.sport\/es\/wp-content\/uploads\/sites\/7\/2020\/04\/800x600.jpg",300,225,false],"gform-image-choice-md":["https:\/\/itftkd.sport\/es\/wp-content\/uploads\/sites\/7\/2020\/04\/800x600.jpg",400,300,false],"gform-image-choice-lg":["https:\/\/itftkd.sport\/es\/wp-content\/uploads\/sites\/7\/2020\/04\/800x600.jpg",600,450,false]},"uagb_author_info":{"display_name":"ivan","author_link":"https:\/\/itftkd.sport\/es\/author\/ivan\/"},"uagb_comment_info":0,"uagb_excerpt":"\u00a1Queridos miembros de la ITF! Durante un a\u00f1o son muchos los d\u00edas de conmemoraci\u00f3n que cumplen un muy buen prop\u00f3sito, sirven para recordarnos ciertas cosas, hechos hist\u00f3ricos o simplemente de &hellip;","_links":{"self":[{"href":"https:\/\/itftkd.sport\/es\/wp-json\/wp\/v2\/posts\/19694","targetHints":{"allow":["GET"]}}],"collection":[{"href":"https:\/\/itftkd.sport\/es\/wp-json\/wp\/v2\/posts"}],"about":[{"href":"https:\/\/itftkd.sport\/es\/wp-json\/wp\/v2\/types\/post"}],"author":[{"embeddable":true,"href":"https:\/\/itftkd.sport\/es\/wp-json\/wp\/v2\/users\/10"}],"replies":[{"embeddable":true,"href":"https:\/\/itftkd.sport\/es\/wp-json\/wp\/v2\/comments?post=19694"}],"version-history":[{"count":1,"href":"https:\/\/itftkd.sport\/es\/wp-json\/wp\/v2\/posts\/19694\/revisions"}],"predecessor-version":[{"id":24713,"href":"https:\/\/itftkd.sport\/es\/wp-json\/wp\/v2\/posts\/19694\/revisions\/24713"}],"wp:featuredmedia":[{"embeddable":true,"href":"https:\/\/itftkd.sport\/es\/wp-json\/wp\/v2\/media\/19695"}],"wp:attachment":[{"href":"https:\/\/itftkd.sport\/es\/wp-json\/wp\/v2\/media?parent=19694"}],"wp:term":[{"taxonomy":"category","embeddable":true,"href":"https:\/\/itftkd.sport\/es\/wp-json\/wp\/v2\/categories?post=19694"},{"taxonomy":"post_tag","embeddable":true,"href":"https:\/\/itftkd.sport\/es\/wp-json\/wp\/v2\/tags?post=19694"}],"curies":[{"name":"wp","href":"https:\/\/api.w.org\/{rel}","templated":true}]}}