{"id":14186,"date":"2020-03-22T15:28:22","date_gmt":"2020-03-22T14:28:22","guid":{"rendered":"https:\/\/www.taekwondoitf.org\/?p=14186"},"modified":"2021-01-21T14:55:26","modified_gmt":"2021-01-21T13:55:26","slug":"a-new-anniversary-of-itf","status":"publish","type":"post","link":"https:\/\/itftkd.sport\/es\/a-new-anniversary-of-itf\/","title":{"rendered":"Un nuevo aniversario de la ITF"},"content":{"rendered":"\n<p><strong>\u00a1Querida familia de Taekwon-Do!<\/strong><\/p>\n\n\n\n<p>La crisis debido al corona est\u00e1 determinando actualmente nuestra vida privada y p\u00fablica, y todos los d\u00edas escuchamos y vemos nuevas noticias de terror a trav\u00e9s de los medios.<\/p>\n\n\n\n<p><strong>\u00a1Es hora de transmitir noticias positivas!<\/strong><\/p>\n\n\n\n<p>Por esta raz\u00f3n, me gustar\u00eda recordarles el d\u00eda de fundaci\u00f3n de la Federaci\u00f3n Internacional de Taekwon-Do = ITF el 22 de marzo de 1966, que se repite hoy por 54\u00aa vez (5 + 4 = 9). En ese momento, hab\u00eda 9 pa\u00edses que participaron en el establecimiento, a saber, Vietnam, Malasia, Turqu\u00eda, Singapur, Alemania, Estados Unidos, Italia, Rep\u00fablica \u00c1rabe de Egipto y Corea. El sue\u00f1o del general Choi se hizo realidad para garantizar la circulaci\u00f3n y el reconocimiento internacional de TKD.<\/p>\n\n\n\n<div class=\"wp-block-image\"><figure class=\"alignright size-medium\"><img loading=\"lazy\" decoding=\"async\" width=\"300\" height=\"225\" src=\"https:\/\/itftkd.sport\/wp-content\/uploads\/2020\/03\/bandera-itf-original-300x225.jpg\" alt=\"International Taekwon-Do Federation Flag\" class=\"wp-image-14995\" srcset=\"https:\/\/itftkd.sport\/es\/wp-content\/uploads\/sites\/7\/2020\/03\/bandera-itf-original-300x225.jpg 300w, https:\/\/itftkd.sport\/es\/wp-content\/uploads\/sites\/7\/2020\/03\/bandera-itf-original-260x195.jpg 260w\" sizes=\"auto, (max-width: 300px) 100vw, 300px\" \/><figcaption>International Taekwon-Do Federation Flag<\/figcaption><\/figure><\/div>\n\n\n\n<p>Hoy, 22 de marzo de 2020, m\u00e1s de 100 pa\u00edses son miembros de la ITF y est\u00e1n repartidos por todos los continentes. Este d\u00eda deber\u00eda ser una motivaci\u00f3n para que todos desarrollemos pensamientos positivos y tal vez hagamos una sesi\u00f3n de capacitaci\u00f3n en casa o leamos la historia de la ITF en la enciclopedia.<\/p>\n\n\n\n<p>\u00bfQu\u00e9 tal, por ejemplo, con la repetici\u00f3n \/ ensayo del Ko-Dang Tul!?<\/p>\n\n\n\n<p>Con esto en mente, \u00a1les deseo a todos un maravilloso d\u00eda!<\/p>\n\n\n\n<p><strong>\u00a1Feliz cumplea\u00f1os Federaci\u00f3n Internacional de Taekwon-Do!<\/strong><\/p>\n\n\n\n<p>GM Paul Weiler<\/p>\n\n\n\n<p>Presidente de la ITF <\/p>\n","protected":false},"excerpt":{"rendered":"<p>\u00a1Querida familia de Taekwon-Do! La crisis debido al corona est\u00e1 determinando actualmente nuestra vida privada y p\u00fablica, y todos los d\u00edas escuchamos y vemos nuevas noticias de terror a trav\u00e9s &hellip;<\/p>\n","protected":false},"author":7,"featured_media":14995,"comment_status":"closed","ping_status":"closed","sticky":false,"template":"","format":"standard","meta":{"_tec_requires_first_save":true,"_uag_custom_page_level_css":"","_genesis_hide_title":false,"_genesis_hide_breadcrumbs":false,"_genesis_hide_singular_image":false,"_genesis_hide_footer_widgets":false,"_genesis_custom_body_class":"","_genesis_custom_post_class":"","_genesis_layout":"","_EventAllDay":false,"_EventTimezone":"","_EventStartDate":"","_EventEndDate":"","_EventStartDateUTC":"","_EventEndDateUTC":"","_EventShowMap":false,"_EventShowMapLink":false,"_EventURL":"","_EventCost":"","_EventCostDescription":"","_EventCurrencySymbol":"","_EventCurrencyCode":"","_EventCurrencyPosition":"","_EventDateTimeSeparator":"","_EventTimeRangeSeparator":"","_EventOrganizerID":[],"_EventVenueID":[0],"_OrganizerEmail":"","_OrganizerPhone":"","_OrganizerWebsite":"","_VenueAddress":"","_VenueCity":"","_VenueCountry":"","_VenueProvince":"","_VenueState":"","_VenueZip":"","_VenuePhone":"","_VenueURL":"","_VenueStateProvince":"","_VenueLat":"","_VenueLng":"","_VenueShowMap":false,"_VenueShowMapLink":false,"_tribe_blocks_recurrence_rules":"","_tribe_blocks_recurrence_description":"","_tribe_blocks_recurrence_exclusions":"","editor_notices":[],"footnotes":""},"categories":[131,7],"tags":[],"class_list":["post-14186","post","type-post","status-publish","format-standard","has-post-thumbnail","category-noticias-institucionales","category-mensajes-del-presidente","entry"],"featured_image_src":"https:\/\/itftkd.sport\/es\/wp-content\/uploads\/sites\/7\/2020\/03\/bandera-itf-original-600x400.jpg","featured_image_src_square":"https:\/\/itftkd.sport\/es\/wp-content\/uploads\/sites\/7\/2020\/03\/bandera-itf-original-600x600.jpg","author_info":{"display_name":"itf_support","author_link":"https:\/\/itftkd.sport\/es\/author\/itf_support\/"},"uagb_featured_image_src":{"full":["https:\/\/itftkd.sport\/es\/wp-content\/uploads\/sites\/7\/2020\/03\/bandera-itf-original.jpg",800,600,false],"thumbnail":["https:\/\/itftkd.sport\/es\/wp-content\/uploads\/sites\/7\/2020\/03\/bandera-itf-original-150x150.jpg",150,150,true],"medium":["https:\/\/itftkd.sport\/es\/wp-content\/uploads\/sites\/7\/2020\/03\/bandera-itf-original-300x225.jpg",300,225,true],"medium_large":["https:\/\/itftkd.sport\/es\/wp-content\/uploads\/sites\/7\/2020\/03\/bandera-itf-original-768x576.jpg",768,576,true],"large":["https:\/\/itftkd.sport\/es\/wp-content\/uploads\/sites\/7\/2020\/03\/bandera-itf-original-1024x768.jpg",1024,768,true],"1536x1536":["https:\/\/itftkd.sport\/es\/wp-content\/uploads\/sites\/7\/2020\/03\/bandera-itf-original-1536x1152.jpg",1536,1152,true],"2048x2048":["https:\/\/itftkd.sport\/es\/wp-content\/uploads\/sites\/7\/2020\/03\/bandera-itf-original-2048x1536.jpg",2048,1536,true],"banner":["https:\/\/itftkd.sport\/es\/wp-content\/uploads\/sites\/7\/2020\/03\/bandera-itf-original-1600x533.jpg",1600,533,true],"section":["https:\/\/itftkd.sport\/es\/wp-content\/uploads\/sites\/7\/2020\/03\/bandera-itf-original-1600x900.jpg",1600,900,true],"full-width":["https:\/\/itftkd.sport\/es\/wp-content\/uploads\/sites\/7\/2020\/03\/bandera-itf-original-1248x832.jpg",1248,832,true],"featured":["https:\/\/itftkd.sport\/es\/wp-content\/uploads\/sites\/7\/2020\/03\/bandera-itf-original-800x600.jpg",800,600,true],"one-half":["https:\/\/itftkd.sport\/es\/wp-content\/uploads\/sites\/7\/2020\/03\/bandera-itf-original-550x413.jpg",550,413,true],"one-third":["https:\/\/itftkd.sport\/es\/wp-content\/uploads\/sites\/7\/2020\/03\/bandera-itf-original-350x263.jpg",350,263,true],"one-fourth":["https:\/\/itftkd.sport\/es\/wp-content\/uploads\/sites\/7\/2020\/03\/bandera-itf-original-260x195.jpg",260,195,true],"tiny":["https:\/\/itftkd.sport\/es\/wp-content\/uploads\/sites\/7\/2020\/03\/bandera-itf-original-80x80.jpg",80,80,true],"ab-block-post-grid-landscape":["https:\/\/itftkd.sport\/es\/wp-content\/uploads\/sites\/7\/2020\/03\/bandera-itf-original-600x400.jpg",600,400,true],"ab-block-post-grid-square":["https:\/\/itftkd.sport\/es\/wp-content\/uploads\/sites\/7\/2020\/03\/bandera-itf-original-600x600.jpg",600,600,true],"gform-image-choice-sm":["https:\/\/itftkd.sport\/es\/wp-content\/uploads\/sites\/7\/2020\/03\/bandera-itf-original.jpg",300,225,false],"gform-image-choice-md":["https:\/\/itftkd.sport\/es\/wp-content\/uploads\/sites\/7\/2020\/03\/bandera-itf-original.jpg",400,300,false],"gform-image-choice-lg":["https:\/\/itftkd.sport\/es\/wp-content\/uploads\/sites\/7\/2020\/03\/bandera-itf-original.jpg",600,450,false]},"uagb_author_info":{"display_name":"itf_support","author_link":"https:\/\/itftkd.sport\/es\/author\/itf_support\/"},"uagb_comment_info":0,"uagb_excerpt":"\u00a1Querida familia de Taekwon-Do! La crisis debido al corona est\u00e1 determinando actualmente nuestra vida privada y p\u00fablica, y todos los d\u00edas escuchamos y vemos nuevas noticias de terror a trav\u00e9s &hellip;","_links":{"self":[{"href":"https:\/\/itftkd.sport\/es\/wp-json\/wp\/v2\/posts\/14186","targetHints":{"allow":["GET"]}}],"collection":[{"href":"https:\/\/itftkd.sport\/es\/wp-json\/wp\/v2\/posts"}],"about":[{"href":"https:\/\/itftkd.sport\/es\/wp-json\/wp\/v2\/types\/post"}],"author":[{"embeddable":true,"href":"https:\/\/itftkd.sport\/es\/wp-json\/wp\/v2\/users\/7"}],"replies":[{"embeddable":true,"href":"https:\/\/itftkd.sport\/es\/wp-json\/wp\/v2\/comments?post=14186"}],"version-history":[{"count":1,"href":"https:\/\/itftkd.sport\/es\/wp-json\/wp\/v2\/posts\/14186\/revisions"}],"predecessor-version":[{"id":24740,"href":"https:\/\/itftkd.sport\/es\/wp-json\/wp\/v2\/posts\/14186\/revisions\/24740"}],"wp:featuredmedia":[{"embeddable":true,"href":"https:\/\/itftkd.sport\/es\/wp-json\/wp\/v2\/media\/14995"}],"wp:attachment":[{"href":"https:\/\/itftkd.sport\/es\/wp-json\/wp\/v2\/media?parent=14186"}],"wp:term":[{"taxonomy":"category","embeddable":true,"href":"https:\/\/itftkd.sport\/es\/wp-json\/wp\/v2\/categories?post=14186"},{"taxonomy":"post_tag","embeddable":true,"href":"https:\/\/itftkd.sport\/es\/wp-json\/wp\/v2\/tags?post=14186"}],"curies":[{"name":"wp","href":"https:\/\/api.w.org\/{rel}","templated":true}]}}