{"id":13384,"date":"2019-12-06T14:09:10","date_gmt":"2019-12-06T13:09:10","guid":{"rendered":"https:\/\/www.taekwondoitf.org\/?p=13384"},"modified":"2020-05-14T21:39:50","modified_gmt":"2020-05-14T19:39:50","slug":"the-second-leadership-camp","status":"publish","type":"post","link":"https:\/\/itftkd.sport\/es\/the-second-leadership-camp\/","title":{"rendered":"The Second Leadership Camp"},"content":{"rendered":"<p>&nbsp;<\/p>\n<p>&nbsp;<\/p>\n<p><a href=\"https:\/\/www.taekwondoitf.org\/wp-content\/uploads\/2019\/12\/Afiche-3er-Campamento-de-L\u00edderes-ITF.jpg\"><img loading=\"lazy\" decoding=\"async\" class=\"alignnone size-medium wp-image-13739\" src=\"https:\/\/itftkd.sport\/wp-content\/uploads\/2020\/03\/Afiche-3er-Campamento-de-L\u00edderes-ITF-300x200.jpg\" alt=\"\" width=\"300\" height=\"200\" \/><\/a><\/p>\n<p>Get ready to be part of the new ITF leaders.<br \/>\nVery soon you will receive more information on how to participate and know if you are one of the chosen ones.<\/p>\n<p>Prep\u00e1rate para ser parte de los nuevos l\u00edderes de la ITF.<\/p>\n<p>Muy pronto recibir\u00e1s m\u00e1s informaci\u00f3n sobre c\u00f3mo participar y saber si eres uno de los elegidos.<\/p>\n","protected":false},"excerpt":{"rendered":"<p>&nbsp; &nbsp; Get ready to be part of the new ITF leaders. Very soon you will receive more information on how to participate and know if you are one of &hellip;<\/p>\n","protected":false},"author":6,"featured_media":13739,"comment_status":"closed","ping_status":"closed","sticky":false,"template":"","format":"standard","meta":{"_tec_requires_first_save":true,"_uag_custom_page_level_css":"","_genesis_hide_title":false,"_genesis_hide_breadcrumbs":false,"_genesis_hide_singular_image":false,"_genesis_hide_footer_widgets":false,"_genesis_custom_body_class":"","_genesis_custom_post_class":"","_genesis_layout":"","_EventAllDay":false,"_EventTimezone":"","_EventStartDate":"","_EventEndDate":"","_EventStartDateUTC":"","_EventEndDateUTC":"","_EventShowMap":false,"_EventShowMapLink":false,"_EventURL":"","_EventCost":"","_EventCostDescription":"","_EventCurrencySymbol":"","_EventCurrencyCode":"","_EventCurrencyPosition":"","_EventDateTimeSeparator":"","_EventTimeRangeSeparator":"","_EventOrganizerID":[],"_EventVenueID":[],"_OrganizerEmail":"","_OrganizerPhone":"","_OrganizerWebsite":"","_VenueAddress":"","_VenueCity":"","_VenueCountry":"","_VenueProvince":"","_VenueState":"","_VenueZip":"","_VenuePhone":"","_VenueURL":"","_VenueStateProvince":"","_VenueLat":"","_VenueLng":"","_VenueShowMap":false,"_VenueShowMapLink":false,"_tribe_blocks_recurrence_rules":"","_tribe_blocks_recurrence_description":"","_tribe_blocks_recurrence_exclusions":"","editor_notices":[],"footnotes":""},"categories":[131,6],"tags":[],"class_list":["post-13384","post","type-post","status-publish","format-standard","has-post-thumbnail","category-noticias-institucionales","category-noticias-regionales","entry"],"featured_image_src":null,"featured_image_src_square":null,"author_info":{"display_name":"Office ITF","author_link":"https:\/\/itftkd.sport\/es\/author\/itf_office\/"},"uagb_featured_image_src":{"full":false,"thumbnail":false,"medium":false,"medium_large":false,"large":false,"1536x1536":false,"2048x2048":false,"banner":false,"section":false,"full-width":false,"featured":false,"one-half":false,"one-third":false,"one-fourth":false,"tiny":false,"ab-block-post-grid-landscape":false,"ab-block-post-grid-square":false,"gform-image-choice-sm":false,"gform-image-choice-md":false,"gform-image-choice-lg":false},"uagb_author_info":{"display_name":"Office ITF","author_link":"https:\/\/itftkd.sport\/es\/author\/itf_office\/"},"uagb_comment_info":0,"uagb_excerpt":"&nbsp; &nbsp; Get ready to be part of the new ITF leaders. Very soon you will receive more information on how to participate and know if you are one of &hellip;","_links":{"self":[{"href":"https:\/\/itftkd.sport\/es\/wp-json\/wp\/v2\/posts\/13384","targetHints":{"allow":["GET"]}}],"collection":[{"href":"https:\/\/itftkd.sport\/es\/wp-json\/wp\/v2\/posts"}],"about":[{"href":"https:\/\/itftkd.sport\/es\/wp-json\/wp\/v2\/types\/post"}],"author":[{"embeddable":true,"href":"https:\/\/itftkd.sport\/es\/wp-json\/wp\/v2\/users\/6"}],"replies":[{"embeddable":true,"href":"https:\/\/itftkd.sport\/es\/wp-json\/wp\/v2\/comments?post=13384"}],"version-history":[{"count":0,"href":"https:\/\/itftkd.sport\/es\/wp-json\/wp\/v2\/posts\/13384\/revisions"}],"wp:featuredmedia":[{"embeddable":true,"href":"https:\/\/itftkd.sport\/es\/wp-json\/"}],"wp:attachment":[{"href":"https:\/\/itftkd.sport\/es\/wp-json\/wp\/v2\/media?parent=13384"}],"wp:term":[{"taxonomy":"category","embeddable":true,"href":"https:\/\/itftkd.sport\/es\/wp-json\/wp\/v2\/categories?post=13384"},{"taxonomy":"post_tag","embeddable":true,"href":"https:\/\/itftkd.sport\/es\/wp-json\/wp\/v2\/tags?post=13384"}],"curies":[{"name":"wp","href":"https:\/\/api.w.org\/{rel}","templated":true}]}}