{"id":13274,"date":"2019-11-23T14:20:10","date_gmt":"2019-11-23T13:20:10","guid":{"rendered":"https:\/\/www.taekwondoitf.org\/?p=13274"},"modified":"2020-05-15T03:43:20","modified_gmt":"2020-05-15T01:43:20","slug":"espanol-nueva-comision-directiva-centrosudamericana","status":"publish","type":"post","link":"https:\/\/itftkd.sport\/es\/espanol-nueva-comision-directiva-centrosudamericana\/","title":{"rendered":"(Espa\u00f1ol) NUEVA COMISI\u00d3N DIRECTIVA CENTRO\/SUDAMERICANA"},"content":{"rendered":"<p>En el Radisson hotel, Montevideo, Uruguay se llev\u00f3 a cabo la Asamblea General Extraordinaria de la Federaci\u00f3n Centro y Sudamericana de Taekwon-Do ITF. Estuvieron presentes, como invitados especiales, Grand Master Paul Weiler, Presidente de la Ia ITF, los Grandes Maestros H\u00e9ctor Marano, Guillermo Ramisch y Jorge Condomi, como as\u00ed tambi\u00e9n el Tesorero de la ITF Sabum Nim Leo Oros Duek. Con la participaci\u00f3n de siete pa\u00edses miembros representados: Argentina, Brasil, Bolivia, Colo<span class=\"text_exposed_show\">mbia, Chile, Per\u00fa y Uruguay se eligi\u00f3 la nueva comisi\u00f3n directiva para el periodo 2019-2023, quedando integrada de este modo: M\u00e1ster Abelardo Benzaqu\u00e9n de Argentina, Presidente; M\u00e1ster Ra\u00fal S\u00e1nchez de Brasil, Vicepresidente; Sabum Nim Tulio Flores Aguilar de Per\u00fa, Secretario; Sabum Nim Gabriel Colina de Uruguay, Tesorero; M\u00e1ster Omar Merodio de Argentina, Secretario de Torneos, jueces y \u00e1rbitros; Sabum Nim Gustavo Livon de Guatemala, Secretario T\u00e9cnico y de Instrucci\u00f3n; y Sabum Nim Brian Buck de Costa Rica, Secretario de \u00c9tica y Disciplina. Les deseamos \u00e9xitos a la nueva comisi\u00f3n directiva!<\/span><\/p>\n","protected":false},"excerpt":{"rendered":"<p>En el Radisson hotel, Montevideo, Uruguay se llev\u00f3 a cabo la Asamblea General Extraordinaria de la Federaci\u00f3n Centro y Sudamericana de Taekwon-Do ITF. Estuvieron presentes, como invitados especiales, Grand Master &hellip;<\/p>\n","protected":false},"author":6,"featured_media":13281,"comment_status":"closed","ping_status":"closed","sticky":false,"template":"","format":"standard","meta":{"_tec_requires_first_save":true,"_uag_custom_page_level_css":"","_genesis_hide_title":false,"_genesis_hide_breadcrumbs":false,"_genesis_hide_singular_image":false,"_genesis_hide_footer_widgets":false,"_genesis_custom_body_class":"","_genesis_custom_post_class":"","_genesis_layout":"","_EventAllDay":false,"_EventTimezone":"","_EventStartDate":"","_EventEndDate":"","_EventStartDateUTC":"","_EventEndDateUTC":"","_EventShowMap":false,"_EventShowMapLink":false,"_EventURL":"","_EventCost":"","_EventCostDescription":"","_EventCurrencySymbol":"","_EventCurrencyCode":"","_EventCurrencyPosition":"","_EventDateTimeSeparator":"","_EventTimeRangeSeparator":"","_EventOrganizerID":[],"_EventVenueID":[],"_OrganizerEmail":"","_OrganizerPhone":"","_OrganizerWebsite":"","_VenueAddress":"","_VenueCity":"","_VenueCountry":"","_VenueProvince":"","_VenueState":"","_VenueZip":"","_VenuePhone":"","_VenueURL":"","_VenueStateProvince":"","_VenueLat":"","_VenueLng":"","_VenueShowMap":false,"_VenueShowMapLink":false,"_tribe_blocks_recurrence_rules":"","_tribe_blocks_recurrence_description":"","_tribe_blocks_recurrence_exclusions":"","editor_notices":[],"footnotes":""},"categories":[131],"tags":[],"class_list":["post-13274","post","type-post","status-publish","format-standard","has-post-thumbnail","category-noticias-institucionales","entry"],"featured_image_src":"https:\/\/itftkd.sport\/es\/wp-content\/uploads\/sites\/7\/2019\/11\/78362163_702628066812711_6478521290532585472_o.jpg","featured_image_src_square":"https:\/\/itftkd.sport\/es\/wp-content\/uploads\/sites\/7\/2019\/11\/78362163_702628066812711_6478521290532585472_o.jpg","author_info":{"display_name":"Office ITF","author_link":"https:\/\/itftkd.sport\/es\/author\/itf_office\/"},"uagb_featured_image_src":{"full":["https:\/\/itftkd.sport\/es\/wp-content\/uploads\/sites\/7\/2019\/11\/78362163_702628066812711_6478521290532585472_o.jpg",1280,622,false],"thumbnail":["https:\/\/itftkd.sport\/es\/wp-content\/uploads\/sites\/7\/2019\/11\/78362163_702628066812711_6478521290532585472_o-150x150.jpg",150,150,true],"medium":["https:\/\/itftkd.sport\/es\/wp-content\/uploads\/sites\/7\/2019\/11\/78362163_702628066812711_6478521290532585472_o-300x146.jpg",300,146,true],"medium_large":["https:\/\/itftkd.sport\/es\/wp-content\/uploads\/sites\/7\/2019\/11\/78362163_702628066812711_6478521290532585472_o-768x373.jpg",768,373,true],"large":["https:\/\/itftkd.sport\/es\/wp-content\/uploads\/sites\/7\/2019\/11\/78362163_702628066812711_6478521290532585472_o-1024x498.jpg",1024,498,true],"1536x1536":["https:\/\/itftkd.sport\/es\/wp-content\/uploads\/sites\/7\/2019\/11\/78362163_702628066812711_6478521290532585472_o.jpg",1280,622,false],"2048x2048":["https:\/\/itftkd.sport\/es\/wp-content\/uploads\/sites\/7\/2019\/11\/78362163_702628066812711_6478521290532585472_o.jpg",1280,622,false],"banner":["https:\/\/itftkd.sport\/es\/wp-content\/uploads\/sites\/7\/2019\/11\/78362163_702628066812711_6478521290532585472_o.jpg",1097,533,false],"section":["https:\/\/itftkd.sport\/es\/wp-content\/uploads\/sites\/7\/2019\/11\/78362163_702628066812711_6478521290532585472_o.jpg",1280,622,false],"full-width":["https:\/\/itftkd.sport\/es\/wp-content\/uploads\/sites\/7\/2019\/11\/78362163_702628066812711_6478521290532585472_o.jpg",1248,606,false],"featured":["https:\/\/itftkd.sport\/es\/wp-content\/uploads\/sites\/7\/2019\/11\/78362163_702628066812711_6478521290532585472_o.jpg",800,389,false],"one-half":["https:\/\/itftkd.sport\/es\/wp-content\/uploads\/sites\/7\/2019\/11\/78362163_702628066812711_6478521290532585472_o.jpg",550,267,false],"one-third":["https:\/\/itftkd.sport\/es\/wp-content\/uploads\/sites\/7\/2019\/11\/78362163_702628066812711_6478521290532585472_o.jpg",350,170,false],"one-fourth":["https:\/\/itftkd.sport\/es\/wp-content\/uploads\/sites\/7\/2019\/11\/78362163_702628066812711_6478521290532585472_o.jpg",260,126,false],"tiny":["https:\/\/itftkd.sport\/es\/wp-content\/uploads\/sites\/7\/2019\/11\/78362163_702628066812711_6478521290532585472_o.jpg",80,39,false],"ab-block-post-grid-landscape":["https:\/\/itftkd.sport\/es\/wp-content\/uploads\/sites\/7\/2019\/11\/78362163_702628066812711_6478521290532585472_o.jpg",600,292,false],"ab-block-post-grid-square":["https:\/\/itftkd.sport\/es\/wp-content\/uploads\/sites\/7\/2019\/11\/78362163_702628066812711_6478521290532585472_o.jpg",600,292,false],"gform-image-choice-sm":["https:\/\/itftkd.sport\/es\/wp-content\/uploads\/sites\/7\/2019\/11\/78362163_702628066812711_6478521290532585472_o.jpg",300,146,false],"gform-image-choice-md":["https:\/\/itftkd.sport\/es\/wp-content\/uploads\/sites\/7\/2019\/11\/78362163_702628066812711_6478521290532585472_o.jpg",400,194,false],"gform-image-choice-lg":["https:\/\/itftkd.sport\/es\/wp-content\/uploads\/sites\/7\/2019\/11\/78362163_702628066812711_6478521290532585472_o.jpg",600,292,false]},"uagb_author_info":{"display_name":"Office ITF","author_link":"https:\/\/itftkd.sport\/es\/author\/itf_office\/"},"uagb_comment_info":0,"uagb_excerpt":"En el Radisson hotel, Montevideo, Uruguay se llev\u00f3 a cabo la Asamblea General Extraordinaria de la Federaci\u00f3n Centro y Sudamericana de Taekwon-Do ITF. Estuvieron presentes, como invitados especiales, Grand Master &hellip;","_links":{"self":[{"href":"https:\/\/itftkd.sport\/es\/wp-json\/wp\/v2\/posts\/13274","targetHints":{"allow":["GET"]}}],"collection":[{"href":"https:\/\/itftkd.sport\/es\/wp-json\/wp\/v2\/posts"}],"about":[{"href":"https:\/\/itftkd.sport\/es\/wp-json\/wp\/v2\/types\/post"}],"author":[{"embeddable":true,"href":"https:\/\/itftkd.sport\/es\/wp-json\/wp\/v2\/users\/6"}],"replies":[{"embeddable":true,"href":"https:\/\/itftkd.sport\/es\/wp-json\/wp\/v2\/comments?post=13274"}],"version-history":[{"count":0,"href":"https:\/\/itftkd.sport\/es\/wp-json\/wp\/v2\/posts\/13274\/revisions"}],"wp:featuredmedia":[{"embeddable":true,"href":"https:\/\/itftkd.sport\/es\/wp-json\/wp\/v2\/media\/13281"}],"wp:attachment":[{"href":"https:\/\/itftkd.sport\/es\/wp-json\/wp\/v2\/media?parent=13274"}],"wp:term":[{"taxonomy":"category","embeddable":true,"href":"https:\/\/itftkd.sport\/es\/wp-json\/wp\/v2\/categories?post=13274"},{"taxonomy":"post_tag","embeddable":true,"href":"https:\/\/itftkd.sport\/es\/wp-json\/wp\/v2\/tags?post=13274"}],"curies":[{"name":"wp","href":"https:\/\/api.w.org\/{rel}","templated":true}]}}