{"id":13236,"date":"2019-11-18T14:15:04","date_gmt":"2019-11-18T14:15:04","guid":{"rendered":"https:\/\/www.taekwondoitf.org\/?p=13236"},"modified":"2019-11-18T14:15:04","modified_gmt":"2019-11-18T14:15:04","slug":"open-malaga-2019-championship","status":"publish","type":"post","link":"https:\/\/itftkd.sport\/es\/open-malaga-2019-championship\/","title":{"rendered":"Open M\u00e1laga 2019 Championship"},"content":{"rendered":"<p>This successful Taekwon-Do Event took place 2nd-3rd of November 2019 at the Polideportive Ciudad Jardin Sports Hall. Open Malaga 2019 was attended by a high number of 25 Taekwon-Do Clubs from all over Spain. We have also been honored to welcome Taekwon-Do clubs from other countires such as Sweden and Argentina.<\/p>\n<p>Open Malaga 2019 was atended by President of National Federation Paco Ferrando, Master Jos\u00e9 Ram\u00f3n Viudes, Master Jos\u00e9 Miguel Mart\u00ednez, Master Andreu Mart\u00ednez and Master Jos\u00e9 Luis Diego.<\/p>\n<p>On Saturday 2nd November 2019 the competition included Junior and Adult colours and black belts category. This busy day was followed by an evening Gala at which Gospel IT has set an amazing atmosphere through it\u2019s music. The Mayor of the city Malaga- Francisco De La Torre and Sports Councilor- Noelia Losada Moreno were our main guests that night!<\/p>\n<p>&nbsp;<\/p>\n<p>On Sunday 3nd 2019 the competition included Childrens category up to ten years of age. On both days competitors have been working extremely hard and many have earned medals and other prices as they stood up on the podium proudly.<\/p>\n<p>Open Malaga 2019 would not have been posible without the help of our sponsors for which we are truely greatful.<\/p>\n<p><a href=\"https:\/\/www.taekwondoitf.org\/wp-content\/uploads\/2019\/11\/IMG_6405.jpg\"><img loading=\"lazy\" decoding=\"async\" class=\"alignnone size-medium wp-image-13254\" src=\"https:\/\/itftkd.sport\/wp-content\/uploads\/2020\/03\/IMG_6405-300x200.jpg\" alt=\"\" width=\"300\" height=\"200\" \/><\/a> <a href=\"https:\/\/www.taekwondoitf.org\/wp-content\/uploads\/2019\/11\/IMG_6398.jpg\"><img loading=\"lazy\" decoding=\"async\" class=\"alignnone size-medium wp-image-13253\" src=\"https:\/\/itftkd.sport\/wp-content\/uploads\/2020\/03\/IMG_6398-300x200.jpg\" alt=\"\" width=\"300\" height=\"200\" \/><\/a> <a href=\"https:\/\/www.taekwondoitf.org\/wp-content\/uploads\/2019\/11\/IMG_6139.jpg\"><img loading=\"lazy\" decoding=\"async\" class=\"alignnone size-medium wp-image-13252\" src=\"https:\/\/itftkd.sport\/wp-content\/uploads\/2020\/03\/IMG_6139-300x200.jpg\" alt=\"\" width=\"300\" height=\"200\" \/><\/a> <a href=\"https:\/\/www.taekwondoitf.org\/wp-content\/uploads\/2019\/11\/IMG_6098.jpg\"><img loading=\"lazy\" decoding=\"async\" class=\"alignnone size-medium wp-image-13251\" src=\"https:\/\/itftkd.sport\/wp-content\/uploads\/2020\/03\/IMG_6098-300x200.jpg\" alt=\"\" width=\"300\" height=\"200\" \/><\/a> <a href=\"https:\/\/www.taekwondoitf.org\/wp-content\/uploads\/2019\/11\/IMG_5906.jpg\"><img loading=\"lazy\" decoding=\"async\" class=\"alignnone size-medium wp-image-13250\" src=\"https:\/\/itftkd.sport\/wp-content\/uploads\/2020\/03\/IMG_5906-300x200.jpg\" alt=\"\" width=\"300\" height=\"200\" \/><\/a> <a href=\"https:\/\/www.taekwondoitf.org\/wp-content\/uploads\/2019\/11\/IMG_5794.jpg\"><img loading=\"lazy\" decoding=\"async\" class=\"alignnone size-medium wp-image-13249\" src=\"https:\/\/itftkd.sport\/wp-content\/uploads\/2020\/03\/IMG_5794-300x200.jpg\" alt=\"\" width=\"300\" height=\"200\" \/><\/a> <a href=\"https:\/\/www.taekwondoitf.org\/wp-content\/uploads\/2019\/11\/IMG_5416.jpg\"><img loading=\"lazy\" decoding=\"async\" class=\"alignnone size-medium wp-image-13248\" src=\"https:\/\/itftkd.sport\/wp-content\/uploads\/2020\/03\/IMG_5416-300x200.jpg\" alt=\"\" width=\"300\" height=\"200\" \/><\/a> <a href=\"https:\/\/www.taekwondoitf.org\/wp-content\/uploads\/2019\/11\/IMG_5363.jpg\"><img loading=\"lazy\" decoding=\"async\" class=\"alignnone size-medium wp-image-13247\" src=\"https:\/\/itftkd.sport\/wp-content\/uploads\/2020\/03\/IMG_5363-300x200.jpg\" alt=\"\" width=\"300\" height=\"200\" \/><\/a> <a href=\"https:\/\/www.taekwondoitf.org\/wp-content\/uploads\/2019\/11\/IMG_5294.jpg\"><img loading=\"lazy\" decoding=\"async\" class=\"alignnone size-medium wp-image-13246\" src=\"https:\/\/itftkd.sport\/wp-content\/uploads\/2020\/03\/IMG_5294-300x200.jpg\" alt=\"\" width=\"300\" height=\"200\" \/><\/a> <a href=\"https:\/\/www.taekwondoitf.org\/wp-content\/uploads\/2019\/11\/IMG_5255.jpg\"><img loading=\"lazy\" decoding=\"async\" class=\"alignnone size-medium wp-image-13245\" src=\"https:\/\/itftkd.sport\/wp-content\/uploads\/2020\/03\/IMG_5255-300x200.jpg\" alt=\"\" width=\"300\" height=\"200\" \/><\/a> <a href=\"https:\/\/www.taekwondoitf.org\/wp-content\/uploads\/2019\/11\/IMG_5049.jpg\"><img loading=\"lazy\" decoding=\"async\" class=\"alignnone size-medium wp-image-13244\" src=\"https:\/\/itftkd.sport\/wp-content\/uploads\/2020\/03\/IMG_5049-300x200.jpg\" alt=\"\" width=\"300\" height=\"200\" \/><\/a> <a href=\"https:\/\/www.taekwondoitf.org\/wp-content\/uploads\/2019\/11\/IMG_4949.jpg\"><img loading=\"lazy\" decoding=\"async\" class=\"alignnone size-medium wp-image-13242\" src=\"https:\/\/itftkd.sport\/wp-content\/uploads\/2020\/03\/IMG_4949-300x200.jpg\" alt=\"\" width=\"300\" height=\"200\" \/><\/a> <a href=\"https:\/\/www.taekwondoitf.org\/wp-content\/uploads\/2019\/11\/IMG_3529.jpg\"><img loading=\"lazy\" decoding=\"async\" class=\"alignnone size-medium wp-image-13241\" src=\"https:\/\/itftkd.sport\/wp-content\/uploads\/2020\/03\/IMG_3529-300x200.jpg\" alt=\"\" width=\"300\" height=\"200\" \/><\/a> <a href=\"https:\/\/www.taekwondoitf.org\/wp-content\/uploads\/2019\/11\/IMG_3185.jpg\"><img loading=\"lazy\" decoding=\"async\" class=\"alignnone size-medium wp-image-13240\" src=\"https:\/\/itftkd.sport\/wp-content\/uploads\/2020\/03\/IMG_3185-300x200.jpg\" alt=\"\" width=\"300\" height=\"200\" \/><\/a> <a href=\"https:\/\/www.taekwondoitf.org\/wp-content\/uploads\/2019\/11\/55.jpg\"><img loading=\"lazy\" decoding=\"async\" class=\"alignnone size-medium wp-image-13238\" src=\"https:\/\/itftkd.sport\/wp-content\/uploads\/2020\/03\/55-300x238.jpg\" alt=\"\" width=\"300\" height=\"238\" \/><\/a> <a href=\"https:\/\/www.taekwondoitf.org\/wp-content\/uploads\/2019\/11\/23-10.jpg\"><img loading=\"lazy\" decoding=\"async\" class=\"alignnone size-medium wp-image-13237\" src=\"https:\/\/itftkd.sport\/wp-content\/uploads\/2020\/03\/23-10-260x300.jpg\" alt=\"\" width=\"260\" height=\"300\" \/><\/a><\/p>\n","protected":false},"excerpt":{"rendered":"<p>This successful Taekwon-Do Event took place 2nd-3rd of November 2019 at the Polideportive Ciudad Jardin Sports Hall. Open Malaga 2019 was attended by a high number of 25 Taekwon-Do Clubs &hellip;<\/p>\n","protected":false},"author":6,"featured_media":13239,"comment_status":"closed","ping_status":"closed","sticky":false,"template":"","format":"standard","meta":{"_tec_requires_first_save":true,"_uag_custom_page_level_css":"","_genesis_hide_title":false,"_genesis_hide_breadcrumbs":false,"_genesis_hide_singular_image":false,"_genesis_hide_footer_widgets":false,"_genesis_custom_body_class":"","_genesis_custom_post_class":"","_genesis_layout":"","_EventAllDay":false,"_EventTimezone":"","_EventStartDate":"","_EventEndDate":"","_EventStartDateUTC":"","_EventEndDateUTC":"","_EventShowMap":false,"_EventShowMapLink":false,"_EventURL":"","_EventCost":"","_EventCostDescription":"","_EventCurrencySymbol":"","_EventCurrencyCode":"","_EventCurrencyPosition":"","_EventDateTimeSeparator":"","_EventTimeRangeSeparator":"","_EventOrganizerID":[],"_EventVenueID":[],"_OrganizerEmail":"","_OrganizerPhone":"","_OrganizerWebsite":"","_VenueAddress":"","_VenueCity":"","_VenueCountry":"","_VenueProvince":"","_VenueState":"","_VenueZip":"","_VenuePhone":"","_VenueURL":"","_VenueStateProvince":"","_VenueLat":"","_VenueLng":"","_VenueShowMap":false,"_VenueShowMapLink":false,"_tribe_blocks_recurrence_rules":"","_tribe_blocks_recurrence_description":"","_tribe_blocks_recurrence_exclusions":"","editor_notices":[],"footnotes":""},"categories":[6],"tags":[],"class_list":["post-13236","post","type-post","status-publish","format-standard","has-post-thumbnail","category-noticias-regionales","entry"],"featured_image_src":"https:\/\/itftkd.sport\/es\/wp-content\/uploads\/sites\/7\/2019\/11\/IMG_3134.jpg","featured_image_src_square":"https:\/\/itftkd.sport\/es\/wp-content\/uploads\/sites\/7\/2019\/11\/IMG_3134.jpg","author_info":{"display_name":"Office ITF","author_link":"https:\/\/itftkd.sport\/es\/author\/itf_office\/"},"uagb_featured_image_src":{"full":["https:\/\/itftkd.sport\/es\/wp-content\/uploads\/sites\/7\/2019\/11\/IMG_3134.jpg",2048,1365,false],"thumbnail":["https:\/\/itftkd.sport\/es\/wp-content\/uploads\/sites\/7\/2019\/11\/IMG_3134-150x150.jpg",150,150,true],"medium":["https:\/\/itftkd.sport\/es\/wp-content\/uploads\/sites\/7\/2019\/11\/IMG_3134-300x200.jpg",300,200,true],"medium_large":["https:\/\/itftkd.sport\/es\/wp-content\/uploads\/sites\/7\/2019\/11\/IMG_3134-768x512.jpg",768,512,true],"large":["https:\/\/itftkd.sport\/es\/wp-content\/uploads\/sites\/7\/2019\/11\/IMG_3134-1024x683.jpg",1024,683,true],"1536x1536":["https:\/\/itftkd.sport\/es\/wp-content\/uploads\/sites\/7\/2019\/11\/IMG_3134-1536x1024.jpg",1536,1024,true],"2048x2048":["https:\/\/itftkd.sport\/es\/wp-content\/uploads\/sites\/7\/2019\/11\/IMG_3134.jpg",2048,1365,false],"banner":["https:\/\/itftkd.sport\/es\/wp-content\/uploads\/sites\/7\/2019\/11\/IMG_3134.jpg",800,533,false],"section":["https:\/\/itftkd.sport\/es\/wp-content\/uploads\/sites\/7\/2019\/11\/IMG_3134.jpg",1350,900,false],"full-width":["https:\/\/itftkd.sport\/es\/wp-content\/uploads\/sites\/7\/2019\/11\/IMG_3134.jpg",1248,832,false],"featured":["https:\/\/itftkd.sport\/es\/wp-content\/uploads\/sites\/7\/2019\/11\/IMG_3134.jpg",800,533,false],"one-half":["https:\/\/itftkd.sport\/es\/wp-content\/uploads\/sites\/7\/2019\/11\/IMG_3134.jpg",550,367,false],"one-third":["https:\/\/itftkd.sport\/es\/wp-content\/uploads\/sites\/7\/2019\/11\/IMG_3134.jpg",350,233,false],"one-fourth":["https:\/\/itftkd.sport\/es\/wp-content\/uploads\/sites\/7\/2019\/11\/IMG_3134.jpg",260,173,false],"tiny":["https:\/\/itftkd.sport\/es\/wp-content\/uploads\/sites\/7\/2019\/11\/IMG_3134.jpg",80,53,false],"ab-block-post-grid-landscape":["https:\/\/itftkd.sport\/es\/wp-content\/uploads\/sites\/7\/2019\/11\/IMG_3134.jpg",600,400,false],"ab-block-post-grid-square":["https:\/\/itftkd.sport\/es\/wp-content\/uploads\/sites\/7\/2019\/11\/IMG_3134.jpg",600,400,false],"gform-image-choice-sm":["https:\/\/itftkd.sport\/es\/wp-content\/uploads\/sites\/7\/2019\/11\/IMG_3134.jpg",300,200,false],"gform-image-choice-md":["https:\/\/itftkd.sport\/es\/wp-content\/uploads\/sites\/7\/2019\/11\/IMG_3134.jpg",400,267,false],"gform-image-choice-lg":["https:\/\/itftkd.sport\/es\/wp-content\/uploads\/sites\/7\/2019\/11\/IMG_3134.jpg",600,400,false]},"uagb_author_info":{"display_name":"Office ITF","author_link":"https:\/\/itftkd.sport\/es\/author\/itf_office\/"},"uagb_comment_info":0,"uagb_excerpt":"This successful Taekwon-Do Event took place 2nd-3rd of November 2019 at the Polideportive Ciudad Jardin Sports Hall. Open Malaga 2019 was attended by a high number of 25 Taekwon-Do Clubs &hellip;","_links":{"self":[{"href":"https:\/\/itftkd.sport\/es\/wp-json\/wp\/v2\/posts\/13236","targetHints":{"allow":["GET"]}}],"collection":[{"href":"https:\/\/itftkd.sport\/es\/wp-json\/wp\/v2\/posts"}],"about":[{"href":"https:\/\/itftkd.sport\/es\/wp-json\/wp\/v2\/types\/post"}],"author":[{"embeddable":true,"href":"https:\/\/itftkd.sport\/es\/wp-json\/wp\/v2\/users\/6"}],"replies":[{"embeddable":true,"href":"https:\/\/itftkd.sport\/es\/wp-json\/wp\/v2\/comments?post=13236"}],"version-history":[{"count":0,"href":"https:\/\/itftkd.sport\/es\/wp-json\/wp\/v2\/posts\/13236\/revisions"}],"wp:featuredmedia":[{"embeddable":true,"href":"https:\/\/itftkd.sport\/es\/wp-json\/wp\/v2\/media\/13239"}],"wp:attachment":[{"href":"https:\/\/itftkd.sport\/es\/wp-json\/wp\/v2\/media?parent=13236"}],"wp:term":[{"taxonomy":"category","embeddable":true,"href":"https:\/\/itftkd.sport\/es\/wp-json\/wp\/v2\/categories?post=13236"},{"taxonomy":"post_tag","embeddable":true,"href":"https:\/\/itftkd.sport\/es\/wp-json\/wp\/v2\/tags?post=13236"}],"curies":[{"name":"wp","href":"https:\/\/api.w.org\/{rel}","templated":true}]}}